{"id":191427,"date":"2026-02-02T12:28:00","date_gmt":"2026-02-02T15:28:00","guid":{"rendered":"https:\/\/www.hoymercedes.com.ar\/principal\/?p=191427"},"modified":"2026-02-01T19:30:20","modified_gmt":"2026-02-01T22:30:20","slug":"mas-de-200-personas-participaron-de-la-caminata-de-astroturismo-bajo-el-cielo-de-mercedes","status":"publish","type":"post","link":"https:\/\/www.hoymercedes.com.ar\/principal\/2026\/02\/02\/mas-de-200-personas-participaron-de-la-caminata-de-astroturismo-bajo-el-cielo-de-mercedes\/","title":{"rendered":"M\u00e1s de 200 personas participaron de la caminata de astroturismo bajo el cielo de Mercedes"},"content":{"rendered":"\n<p>Vecinos y turistas disfrutaron de una experiencia nocturna \u00fanica en el Paseo de la Ribera, con una charla a cielo abierto guiada por el periodista Ezequiel Brahim, en el marco del ciclo \u201cVerano de Encuentro\u201d.<\/p>\n\n\n\n<figure class=\"wp-block-image size-large\"><img loading=\"lazy\" decoding=\"async\" width=\"1024\" height=\"684\" data-attachment-id=\"191428\" data-permalink=\"https:\/\/www.hoymercedes.com.ar\/principal\/2026\/02\/02\/mas-de-200-personas-participaron-de-la-caminata-de-astroturismo-bajo-el-cielo-de-mercedes\/astroturismo-2\/#main\" data-orig-file=\"https:\/\/www.hoymercedes.com.ar\/principal\/wp-content\/uploads\/2026\/02\/astroturismo-2.jpeg\" data-orig-size=\"1600,1068\" data-comments-opened=\"0\" data-image-meta=\"{&quot;aperture&quot;:&quot;0&quot;,&quot;credit&quot;:&quot;&quot;,&quot;camera&quot;:&quot;&quot;,&quot;caption&quot;:&quot;&quot;,&quot;created_timestamp&quot;:&quot;0&quot;,&quot;copyright&quot;:&quot;&quot;,&quot;focal_length&quot;:&quot;0&quot;,&quot;iso&quot;:&quot;0&quot;,&quot;shutter_speed&quot;:&quot;0&quot;,&quot;title&quot;:&quot;&quot;,&quot;orientation&quot;:&quot;0&quot;}\" data-image-title=\"astroturismo 2\" data-image-description=\"\" data-image-caption=\"\" data-large-file=\"https:\/\/www.hoymercedes.com.ar\/principal\/wp-content\/uploads\/2026\/02\/astroturismo-2-1024x684.jpeg\" src=\"https:\/\/www.hoymercedes.com.ar\/principal\/wp-content\/uploads\/2026\/02\/astroturismo-2-1024x684.jpeg\" alt=\"\" class=\"wp-image-191428\" srcset=\"https:\/\/www.hoymercedes.com.ar\/principal\/wp-content\/uploads\/2026\/02\/astroturismo-2-1024x684.jpeg 1024w, https:\/\/www.hoymercedes.com.ar\/principal\/wp-content\/uploads\/2026\/02\/astroturismo-2-630x421.jpeg 630w, https:\/\/www.hoymercedes.com.ar\/principal\/wp-content\/uploads\/2026\/02\/astroturismo-2-150x100.jpeg 150w, https:\/\/www.hoymercedes.com.ar\/principal\/wp-content\/uploads\/2026\/02\/astroturismo-2-1536x1025.jpeg 1536w, https:\/\/www.hoymercedes.com.ar\/principal\/wp-content\/uploads\/2026\/02\/astroturismo-2.jpeg 1600w\" sizes=\"auto, (max-width: 1024px) 100vw, 1024px\" \/><\/figure>\n\n\n\n<p>Este s\u00e1bado por la noche, m\u00e1s de 200 vecinos y turistas se sumaron a la caminata de astroturismo por el Paseo de la Ribera de la ciudad de Mercedes, en una propuesta organizada por la Direcci\u00f3n de Turismo que combin\u00f3 divulgaci\u00f3n cient\u00edfica, naturaleza y encuentro comunitario.<\/p>\n\n\n\n<p>La actividad consisti\u00f3 en una charla a cielo abierto guiada por Ezequiel Brahim, periodista del Diario La Naci\u00f3n, oriundo de Lobos, provincia de Buenos Aires, quien comenz\u00f3 a estudiar y profundizar su conocimiento del cielo durante la pandemia. En una jornada marcada por la presencia de una luna casi llena, Brahim invit\u00f3 a los presentes a descubrir los secretos del cielo, las constelaciones y los cinco planetas que pueden observarse a simple vista: Marte, Mercurio, J\u00fapiter, Venus y Saturno .<\/p>\n\n\n\n<figure class=\"wp-block-image size-large\"><img loading=\"lazy\" decoding=\"async\" width=\"1024\" height=\"684\" data-attachment-id=\"191429\" data-permalink=\"https:\/\/www.hoymercedes.com.ar\/principal\/2026\/02\/02\/mas-de-200-personas-participaron-de-la-caminata-de-astroturismo-bajo-el-cielo-de-mercedes\/astroturismo-3\/#main\" data-orig-file=\"https:\/\/www.hoymercedes.com.ar\/principal\/wp-content\/uploads\/2026\/02\/astroturismo-3.jpeg\" data-orig-size=\"1600,1068\" data-comments-opened=\"0\" data-image-meta=\"{&quot;aperture&quot;:&quot;0&quot;,&quot;credit&quot;:&quot;&quot;,&quot;camera&quot;:&quot;&quot;,&quot;caption&quot;:&quot;&quot;,&quot;created_timestamp&quot;:&quot;0&quot;,&quot;copyright&quot;:&quot;&quot;,&quot;focal_length&quot;:&quot;0&quot;,&quot;iso&quot;:&quot;0&quot;,&quot;shutter_speed&quot;:&quot;0&quot;,&quot;title&quot;:&quot;&quot;,&quot;orientation&quot;:&quot;0&quot;}\" data-image-title=\"astroturismo 3\" data-image-description=\"\" data-image-caption=\"\" data-large-file=\"https:\/\/www.hoymercedes.com.ar\/principal\/wp-content\/uploads\/2026\/02\/astroturismo-3-1024x684.jpeg\" src=\"https:\/\/www.hoymercedes.com.ar\/principal\/wp-content\/uploads\/2026\/02\/astroturismo-3-1024x684.jpeg\" alt=\"\" class=\"wp-image-191429\" srcset=\"https:\/\/www.hoymercedes.com.ar\/principal\/wp-content\/uploads\/2026\/02\/astroturismo-3-1024x684.jpeg 1024w, https:\/\/www.hoymercedes.com.ar\/principal\/wp-content\/uploads\/2026\/02\/astroturismo-3-630x421.jpeg 630w, https:\/\/www.hoymercedes.com.ar\/principal\/wp-content\/uploads\/2026\/02\/astroturismo-3-150x100.jpeg 150w, https:\/\/www.hoymercedes.com.ar\/principal\/wp-content\/uploads\/2026\/02\/astroturismo-3-1536x1025.jpeg 1536w, https:\/\/www.hoymercedes.com.ar\/principal\/wp-content\/uploads\/2026\/02\/astroturismo-3.jpeg 1600w\" sizes=\"auto, (max-width: 1024px) 100vw, 1024px\" \/><\/figure>\n\n\n\n<p>Durante el recorrido, que se extendi\u00f3 por poco m\u00e1s de una hora, el gu\u00eda destac\u00f3 que Mercedes \u201cest\u00e1 asociada a la astronom\u00eda a partir del gran observatorio que posee\u201d, en referencia al Observatorio Astron\u00f3mico \u201c\u00c1ngel Di Palma\u201d. Asimismo, subray\u00f3 que la ciudad ofrece un cielo especial, dif\u00edcil de apreciar en las grandes urbes de la provincia y del pa\u00eds, y remarc\u00f3 que se trata de \u201cun potencial que tenemos que desarrollar\u201d.<\/p>\n\n\n\n<p>La luna fue una de las grandes protagonistas de la noche, no solo desde lo astron\u00f3mico, sino tambi\u00e9n desde lo cultural. A lo largo de la caminata se compartieron relatos centrales de la humanidad, mitos y leyendas en los que el sat\u00e9lite natural ocupa un lugar fundamental, enriqueciendo la experiencia con una mirada hist\u00f3rica y simb\u00f3lica.<\/p>\n\n\n\n<figure class=\"wp-block-image size-large\"><img loading=\"lazy\" decoding=\"async\" width=\"1024\" height=\"684\" data-attachment-id=\"191430\" data-permalink=\"https:\/\/www.hoymercedes.com.ar\/principal\/2026\/02\/02\/mas-de-200-personas-participaron-de-la-caminata-de-astroturismo-bajo-el-cielo-de-mercedes\/astroturismo-1\/#main\" data-orig-file=\"https:\/\/www.hoymercedes.com.ar\/principal\/wp-content\/uploads\/2026\/02\/astroturismo-1.jpeg\" data-orig-size=\"1600,1068\" data-comments-opened=\"0\" data-image-meta=\"{&quot;aperture&quot;:&quot;0&quot;,&quot;credit&quot;:&quot;&quot;,&quot;camera&quot;:&quot;&quot;,&quot;caption&quot;:&quot;&quot;,&quot;created_timestamp&quot;:&quot;0&quot;,&quot;copyright&quot;:&quot;&quot;,&quot;focal_length&quot;:&quot;0&quot;,&quot;iso&quot;:&quot;0&quot;,&quot;shutter_speed&quot;:&quot;0&quot;,&quot;title&quot;:&quot;&quot;,&quot;orientation&quot;:&quot;0&quot;}\" data-image-title=\"astroturismo 1\" data-image-description=\"\" data-image-caption=\"\" data-large-file=\"https:\/\/www.hoymercedes.com.ar\/principal\/wp-content\/uploads\/2026\/02\/astroturismo-1-1024x684.jpeg\" src=\"https:\/\/www.hoymercedes.com.ar\/principal\/wp-content\/uploads\/2026\/02\/astroturismo-1-1024x684.jpeg\" alt=\"\" class=\"wp-image-191430\" srcset=\"https:\/\/www.hoymercedes.com.ar\/principal\/wp-content\/uploads\/2026\/02\/astroturismo-1-1024x684.jpeg 1024w, https:\/\/www.hoymercedes.com.ar\/principal\/wp-content\/uploads\/2026\/02\/astroturismo-1-630x421.jpeg 630w, https:\/\/www.hoymercedes.com.ar\/principal\/wp-content\/uploads\/2026\/02\/astroturismo-1-150x100.jpeg 150w, https:\/\/www.hoymercedes.com.ar\/principal\/wp-content\/uploads\/2026\/02\/astroturismo-1-1536x1025.jpeg 1536w, https:\/\/www.hoymercedes.com.ar\/principal\/wp-content\/uploads\/2026\/02\/astroturismo-1.jpeg 1600w\" sizes=\"auto, (max-width: 1024px) 100vw, 1024px\" \/><\/figure>\n\n\n\n<p>Antes de iniciar la actividad, Nicol\u00e1s Quiroga, integrante del equipo de la Direcci\u00f3n de Turismo de la Municipalidad de Mercedes, dio la bienvenida a los m\u00e1s de 200 participantes e invit\u00f3 a conocer y disfrutar el nuevo paseo ribere\u00f1o, un espacio p\u00fablico tur\u00edstico de calidad que es resultado del trabajo sostenido de los equipos municipales para recuperar y poner en valor la ribera.<\/p>\n\n\n\n<p>La propuesta tuvo como objetivo principal divulgar el conocimiento astron\u00f3mico de manera accesible y cercana, fortaleciendo el v\u00ednculo entre ciencia, territorio y comunidad. Fue, en palabras de muchos de los asistentes, una noche incre\u00edble de aprendizaje, naturaleza y encuentro, que permiti\u00f3 seguir disfrutando del ciclo \u201cVerano de Encuentro\u201d en la ciudad de Mercedes.<\/p>\n\n\n\n<figure class=\"wp-block-image size-large\"><img loading=\"lazy\" decoding=\"async\" width=\"1024\" height=\"684\" data-attachment-id=\"191431\" data-permalink=\"https:\/\/www.hoymercedes.com.ar\/principal\/2026\/02\/02\/mas-de-200-personas-participaron-de-la-caminata-de-astroturismo-bajo-el-cielo-de-mercedes\/astroturismo-4\/#main\" data-orig-file=\"https:\/\/www.hoymercedes.com.ar\/principal\/wp-content\/uploads\/2026\/02\/astroturismo-4.jpeg\" data-orig-size=\"1600,1068\" data-comments-opened=\"0\" data-image-meta=\"{&quot;aperture&quot;:&quot;0&quot;,&quot;credit&quot;:&quot;&quot;,&quot;camera&quot;:&quot;&quot;,&quot;caption&quot;:&quot;&quot;,&quot;created_timestamp&quot;:&quot;0&quot;,&quot;copyright&quot;:&quot;&quot;,&quot;focal_length&quot;:&quot;0&quot;,&quot;iso&quot;:&quot;0&quot;,&quot;shutter_speed&quot;:&quot;0&quot;,&quot;title&quot;:&quot;&quot;,&quot;orientation&quot;:&quot;0&quot;}\" data-image-title=\"astroturismo 4\" data-image-description=\"\" data-image-caption=\"\" data-large-file=\"https:\/\/www.hoymercedes.com.ar\/principal\/wp-content\/uploads\/2026\/02\/astroturismo-4-1024x684.jpeg\" src=\"https:\/\/www.hoymercedes.com.ar\/principal\/wp-content\/uploads\/2026\/02\/astroturismo-4-1024x684.jpeg\" alt=\"\" class=\"wp-image-191431\" srcset=\"https:\/\/www.hoymercedes.com.ar\/principal\/wp-content\/uploads\/2026\/02\/astroturismo-4-1024x684.jpeg 1024w, https:\/\/www.hoymercedes.com.ar\/principal\/wp-content\/uploads\/2026\/02\/astroturismo-4-630x421.jpeg 630w, https:\/\/www.hoymercedes.com.ar\/principal\/wp-content\/uploads\/2026\/02\/astroturismo-4-150x100.jpeg 150w, https:\/\/www.hoymercedes.com.ar\/principal\/wp-content\/uploads\/2026\/02\/astroturismo-4-1536x1025.jpeg 1536w, https:\/\/www.hoymercedes.com.ar\/principal\/wp-content\/uploads\/2026\/02\/astroturismo-4.jpeg 1600w\" sizes=\"auto, (max-width: 1024px) 100vw, 1024px\" \/><\/figure>\n","protected":false},"excerpt":{"rendered":"<p>Vecinos y turistas disfrutaron de una experiencia nocturna \u00fanica en el Paseo de la Ribera, con una charla a cielo &#8230; <a title=\"M\u00e1s de 200 personas participaron de la caminata de astroturismo bajo el cielo de Mercedes\" class=\"read-more\" href=\"https:\/\/www.hoymercedes.com.ar\/principal\/2026\/02\/02\/mas-de-200-personas-participaron-de-la-caminata-de-astroturismo-bajo-el-cielo-de-mercedes\/\" aria-label=\"Leer m\u00e1s sobre M\u00e1s de 200 personas participaron de la caminata de astroturismo bajo el cielo de Mercedes\">Leer m\u00e1s<\/a><\/p>\n","protected":false},"author":1,"featured_media":191428,"comment_status":"closed","ping_status":"open","sticky":false,"template":"","format":"standard","meta":{"_monsterinsights_skip_tracking":false,"_monsterinsights_sitenote_active":false,"_monsterinsights_sitenote_note":"","_monsterinsights_sitenote_category":0,"jetpack_post_was_ever_published":false,"_jetpack_newsletter_access":"","_jetpack_dont_email_post_to_subs":false,"_jetpack_newsletter_tier_id":0,"_jetpack_memberships_contains_paywalled_content":false,"_jetpack_memberships_contains_paid_content":false,"footnotes":"","jetpack_publicize_message":"","jetpack_publicize_feature_enabled":true,"jetpack_social_post_already_shared":true,"jetpack_social_options":{"image_generator_settings":{"template":"highway","default_image_id":0,"font":"","enabled":false},"version":2},"_wpas_customize_per_network":false},"categories":[8],"tags":[],"class_list":["post-191427","post","type-post","status-publish","format-standard","has-post-thumbnail","hentry","category-sociedad","generate-columns","tablet-grid-50","mobile-grid-100","grid-parent","grid-50"],"jetpack_publicize_connections":[],"jetpack_featured_media_url":"https:\/\/www.hoymercedes.com.ar\/principal\/wp-content\/uploads\/2026\/02\/astroturismo-2.jpeg","wps_subtitle":"","jetpack_sharing_enabled":true,"_links":{"self":[{"href":"https:\/\/www.hoymercedes.com.ar\/principal\/wp-json\/wp\/v2\/posts\/191427","targetHints":{"allow":["GET"]}}],"collection":[{"href":"https:\/\/www.hoymercedes.com.ar\/principal\/wp-json\/wp\/v2\/posts"}],"about":[{"href":"https:\/\/www.hoymercedes.com.ar\/principal\/wp-json\/wp\/v2\/types\/post"}],"author":[{"embeddable":true,"href":"https:\/\/www.hoymercedes.com.ar\/principal\/wp-json\/wp\/v2\/users\/1"}],"replies":[{"embeddable":true,"href":"https:\/\/www.hoymercedes.com.ar\/principal\/wp-json\/wp\/v2\/comments?post=191427"}],"version-history":[{"count":1,"href":"https:\/\/www.hoymercedes.com.ar\/principal\/wp-json\/wp\/v2\/posts\/191427\/revisions"}],"predecessor-version":[{"id":191432,"href":"https:\/\/www.hoymercedes.com.ar\/principal\/wp-json\/wp\/v2\/posts\/191427\/revisions\/191432"}],"wp:featuredmedia":[{"embeddable":true,"href":"https:\/\/www.hoymercedes.com.ar\/principal\/wp-json\/wp\/v2\/media\/191428"}],"wp:attachment":[{"href":"https:\/\/www.hoymercedes.com.ar\/principal\/wp-json\/wp\/v2\/media?parent=191427"}],"wp:term":[{"taxonomy":"category","embeddable":true,"href":"https:\/\/www.hoymercedes.com.ar\/principal\/wp-json\/wp\/v2\/categories?post=191427"},{"taxonomy":"post_tag","embeddable":true,"href":"https:\/\/www.hoymercedes.com.ar\/principal\/wp-json\/wp\/v2\/tags?post=191427"}],"curies":[{"name":"wp","href":"https:\/\/api.w.org\/{rel}","templated":true}]}}