{"id":191493,"date":"2026-02-03T09:38:00","date_gmt":"2026-02-03T12:38:00","guid":{"rendered":"https:\/\/www.hoymercedes.com.ar\/principal\/?p=191493"},"modified":"2026-02-02T20:42:22","modified_gmt":"2026-02-02T23:42:22","slug":"bomberos-de-mercedes-refuerzan-su-campana-de-socios-y-la-iniciativa-de-alcancias-para-billetes-pequenos","status":"publish","type":"post","link":"https:\/\/www.hoymercedes.com.ar\/principal\/2026\/02\/03\/bomberos-de-mercedes-refuerzan-su-campana-de-socios-y-la-iniciativa-de-alcancias-para-billetes-pequenos\/","title":{"rendered":"Bomberos de Mercedes refuerzan su campa\u00f1a de socios y la iniciativa de alcanc\u00edas para billetes peque\u00f1os"},"content":{"rendered":"\n<p>Los <strong>Bomberos Voluntarios de Mercedes<\/strong> siguen impulsando su tradicional campa\u00f1a para sumar socios y tambi\u00e9n mantienen activa una iniciativa solidaria que busca juntar billetes de baja denominaci\u00f3n.<\/p>\n\n\n\n<figure class=\"wp-block-image size-large\"><img loading=\"lazy\" decoding=\"async\" width=\"1024\" height=\"576\" data-attachment-id=\"187163\" data-permalink=\"https:\/\/www.hoymercedes.com.ar\/principal\/2025\/08\/23\/se-incendio-una-vivienda-y-hubo-rapida-asistencia\/bomberos-incendio_mercedes-2\/#main\" data-orig-file=\"https:\/\/www.hoymercedes.com.ar\/principal\/wp-content\/uploads\/2025\/08\/Bomberos-Incendio_Mercedes-1-scaled.jpg\" data-orig-size=\"2560,1440\" data-comments-opened=\"0\" data-image-meta=\"{&quot;aperture&quot;:&quot;0&quot;,&quot;credit&quot;:&quot;&quot;,&quot;camera&quot;:&quot;&quot;,&quot;caption&quot;:&quot;&quot;,&quot;created_timestamp&quot;:&quot;0&quot;,&quot;copyright&quot;:&quot;&quot;,&quot;focal_length&quot;:&quot;0&quot;,&quot;iso&quot;:&quot;0&quot;,&quot;shutter_speed&quot;:&quot;0&quot;,&quot;title&quot;:&quot;&quot;,&quot;orientation&quot;:&quot;0&quot;}\" data-image-title=\"Bomberos-Incendio_Mercedes\" data-image-description=\"&lt;p&gt;Se incendi\u00f3 una vivienda y hubo r\u00e1pida asistencia&lt;\/p&gt;\n\" data-image-caption=\"&lt;p&gt;Se incendi\u00f3 una vivienda y hubo r\u00e1pida asistencia&lt;\/p&gt;\n\" data-large-file=\"https:\/\/www.hoymercedes.com.ar\/principal\/wp-content\/uploads\/2025\/08\/Bomberos-Incendio_Mercedes-1-1024x576.jpg\" src=\"https:\/\/www.hoymercedes.com.ar\/principal\/wp-content\/uploads\/2025\/08\/Bomberos-Incendio_Mercedes-1-1024x576.jpg\" alt=\"Se incendi\u00f3 una vivienda y hubo r\u00e1pida asistencia\" class=\"wp-image-187163\" srcset=\"https:\/\/www.hoymercedes.com.ar\/principal\/wp-content\/uploads\/2025\/08\/Bomberos-Incendio_Mercedes-1-1024x576.jpg 1024w, https:\/\/www.hoymercedes.com.ar\/principal\/wp-content\/uploads\/2025\/08\/Bomberos-Incendio_Mercedes-1-630x354.jpg 630w, https:\/\/www.hoymercedes.com.ar\/principal\/wp-content\/uploads\/2025\/08\/Bomberos-Incendio_Mercedes-1-150x84.jpg 150w, https:\/\/www.hoymercedes.com.ar\/principal\/wp-content\/uploads\/2025\/08\/Bomberos-Incendio_Mercedes-1-1536x864.jpg 1536w, https:\/\/www.hoymercedes.com.ar\/principal\/wp-content\/uploads\/2025\/08\/Bomberos-Incendio_Mercedes-1-2048x1152.jpg 2048w\" sizes=\"auto, (max-width: 1024px) 100vw, 1024px\" \/><figcaption class=\"wp-element-caption\">Se incendi\u00f3 una vivienda y hubo r\u00e1pida asistencia<\/figcaption><\/figure>\n\n\n\n<p>La labor del cuerpo bomberil exige un importante desembolso econ\u00f3mico durante todo el a\u00f1o, especialmente en temporadas de intenso movimiento en rutas, altas temperaturas y mayor demanda de servicios de emergencia. Por eso, m\u00e1s all\u00e1 de las habituales rifas y los aportes que recibe a trav\u00e9s de las tasas municipales, la instituci\u00f3n contin\u00faa con su campa\u00f1a permanente para captar colaboraciones.<\/p>\n\n\n\n<p>Como parte de esta propuesta, se colocaron <strong>alcanc\u00edas rojas destinadas a recolectar billetes de 10, 20 y 50 pesos<\/strong> en distintos puntos de la ciudad. Estas urnas est\u00e1n ubicadas tanto en la sede administrativa de Bomberos como en numerosos comercios que se adhirieron a la iniciativa, con el objetivo de que quienes realicen compras puedan aportar su vuelto.<\/p>\n\n\n\n<p>Los comercios donde se las puede encontrar son Efecto R\u00f3tulo \u2013 25 e\/28 y 30, Autoservicio Valerga \u2013 34 e\/29 y 31, Gimnasio Cita Gym \u2013 21 e\/28 y 30, Pinturer\u00eda TodoColor \u2013 18 e\/25 y 27 \u2013 Av. 1 e\/ 6 y 8 \u2013 Av. 47 e\/16 y 18 (tres sucursales), Rotiser\u00eda Don Jos\u00e9 \u2013 23 y 20, Jade Est\u00e9tica \u2013 38 e\/33 y 35, Verduler\u00eda Dematei \u2013 Av. 40 e\/31 y 33, Kiosco Ariel \u2013 25 e\/16 y 18, Almac\u00e9n Don Provolone \u2013 37 y 36 \u2013 16 e\/9 y 11 (dos sucursales), Rosario Pl\u00e1stico \u2013 Av. 17 y 6, Almac\u00e9n Zulma Gallego \u2013 54 y 27 y Kiosco Los Hermanos \u2013 29 y 44.<\/p>\n\n\n\n<p>Quienes deseen integrarse al programa de socios pueden completar un formulario disponible en l\u00ednea o comunicarse con el cuartel por WhatsApp al 2324 585242 para recibir m\u00e1s informaci\u00f3n. El aporte m\u00ednimo sugerido es de 3.000 pesos, y los asociados acceden a sorteos mensuales como incentivo adicional.<\/p>\n\n\n\n<p>Desde la entidad remarcan que <strong>la colaboraci\u00f3n comunitaria es fundamental para sostener el servicio<\/strong>, ya que el trabajo diario de entrenamientos, guardias y salidas depende del acompa\u00f1amiento de los vecinos.<\/p>\n","protected":false},"excerpt":{"rendered":"<p>Los Bomberos Voluntarios de Mercedes siguen impulsando su tradicional campa\u00f1a para sumar socios y tambi\u00e9n mantienen activa una iniciativa solidaria &#8230; <a title=\"Bomberos de Mercedes refuerzan su campa\u00f1a de socios y la iniciativa de alcanc\u00edas para billetes peque\u00f1os\" class=\"read-more\" href=\"https:\/\/www.hoymercedes.com.ar\/principal\/2026\/02\/03\/bomberos-de-mercedes-refuerzan-su-campana-de-socios-y-la-iniciativa-de-alcancias-para-billetes-pequenos\/\" aria-label=\"Leer m\u00e1s sobre Bomberos de Mercedes refuerzan su campa\u00f1a de socios y la iniciativa de alcanc\u00edas para billetes peque\u00f1os\">Leer m\u00e1s<\/a><\/p>\n","protected":false},"author":1,"featured_media":187163,"comment_status":"closed","ping_status":"open","sticky":false,"template":"","format":"standard","meta":{"_monsterinsights_skip_tracking":false,"_monsterinsights_sitenote_active":false,"_monsterinsights_sitenote_note":"","_monsterinsights_sitenote_category":0,"jetpack_post_was_ever_published":false,"_jetpack_newsletter_access":"","_jetpack_dont_email_post_to_subs":false,"_jetpack_newsletter_tier_id":0,"_jetpack_memberships_contains_paywalled_content":false,"_jetpack_memberships_contains_paid_content":false,"footnotes":"","jetpack_publicize_message":"","jetpack_publicize_feature_enabled":true,"jetpack_social_post_already_shared":true,"jetpack_social_options":{"image_generator_settings":{"template":"highway","default_image_id":0,"font":"","enabled":false},"version":2},"_wpas_customize_per_network":false},"categories":[8],"tags":[],"class_list":["post-191493","post","type-post","status-publish","format-standard","has-post-thumbnail","hentry","category-sociedad","generate-columns","tablet-grid-50","mobile-grid-100","grid-parent","grid-50"],"jetpack_publicize_connections":[],"jetpack_featured_media_url":"https:\/\/www.hoymercedes.com.ar\/principal\/wp-content\/uploads\/2025\/08\/Bomberos-Incendio_Mercedes-1-scaled.jpg","wps_subtitle":"","jetpack_sharing_enabled":true,"_links":{"self":[{"href":"https:\/\/www.hoymercedes.com.ar\/principal\/wp-json\/wp\/v2\/posts\/191493","targetHints":{"allow":["GET"]}}],"collection":[{"href":"https:\/\/www.hoymercedes.com.ar\/principal\/wp-json\/wp\/v2\/posts"}],"about":[{"href":"https:\/\/www.hoymercedes.com.ar\/principal\/wp-json\/wp\/v2\/types\/post"}],"author":[{"embeddable":true,"href":"https:\/\/www.hoymercedes.com.ar\/principal\/wp-json\/wp\/v2\/users\/1"}],"replies":[{"embeddable":true,"href":"https:\/\/www.hoymercedes.com.ar\/principal\/wp-json\/wp\/v2\/comments?post=191493"}],"version-history":[{"count":1,"href":"https:\/\/www.hoymercedes.com.ar\/principal\/wp-json\/wp\/v2\/posts\/191493\/revisions"}],"predecessor-version":[{"id":191496,"href":"https:\/\/www.hoymercedes.com.ar\/principal\/wp-json\/wp\/v2\/posts\/191493\/revisions\/191496"}],"wp:featuredmedia":[{"embeddable":true,"href":"https:\/\/www.hoymercedes.com.ar\/principal\/wp-json\/wp\/v2\/media\/187163"}],"wp:attachment":[{"href":"https:\/\/www.hoymercedes.com.ar\/principal\/wp-json\/wp\/v2\/media?parent=191493"}],"wp:term":[{"taxonomy":"category","embeddable":true,"href":"https:\/\/www.hoymercedes.com.ar\/principal\/wp-json\/wp\/v2\/categories?post=191493"},{"taxonomy":"post_tag","embeddable":true,"href":"https:\/\/www.hoymercedes.com.ar\/principal\/wp-json\/wp\/v2\/tags?post=191493"}],"curies":[{"name":"wp","href":"https:\/\/api.w.org\/{rel}","templated":true}]}}