{"id":191497,"date":"2026-02-03T09:42:00","date_gmt":"2026-02-03T12:42:00","guid":{"rendered":"https:\/\/www.hoymercedes.com.ar\/principal\/?p=191497"},"modified":"2026-02-02T20:45:25","modified_gmt":"2026-02-02T23:45:25","slug":"cuenta-dni-renueva-sus-beneficios-para-febrero-descuentos-y-promociones-para-ahorrar","status":"publish","type":"post","link":"https:\/\/www.hoymercedes.com.ar\/principal\/2026\/02\/03\/cuenta-dni-renueva-sus-beneficios-para-febrero-descuentos-y-promociones-para-ahorrar\/","title":{"rendered":"Cuenta DNI renueva sus beneficios para febrero: descuentos y promociones para ahorrar"},"content":{"rendered":"\n<p>En febrero,&nbsp;<strong>Cuenta DNI&nbsp;<\/strong>ofrece descuentos para que las personas puedan ahorrar en sus consumos durante las vacaciones. Adem\u00e1s, contin\u00faa una&nbsp;promo&nbsp;especial en comercios de gastronom\u00eda durante todos los fines de semana y los beneficios en comercios de barrio, ferias y mercados, supermercados, farmacias y librer\u00edas.&nbsp;<\/p>\n\n\n\n<figure class=\"wp-block-image size-large\"><img loading=\"lazy\" decoding=\"async\" width=\"1024\" height=\"576\" data-attachment-id=\"191500\" data-permalink=\"https:\/\/www.hoymercedes.com.ar\/principal\/2026\/02\/03\/cuenta-dni-renueva-sus-beneficios-para-febrero-descuentos-y-promociones-para-ahorrar\/whatsapp-image-2026-02-02-at-20-44-35\/#main\" data-orig-file=\"https:\/\/www.hoymercedes.com.ar\/principal\/wp-content\/uploads\/2026\/02\/WhatsApp-Image-2026-02-02-at-20.44.35.jpeg\" data-orig-size=\"1200,675\" data-comments-opened=\"0\" data-image-meta=\"{&quot;aperture&quot;:&quot;0&quot;,&quot;credit&quot;:&quot;&quot;,&quot;camera&quot;:&quot;&quot;,&quot;caption&quot;:&quot;&quot;,&quot;created_timestamp&quot;:&quot;0&quot;,&quot;copyright&quot;:&quot;&quot;,&quot;focal_length&quot;:&quot;0&quot;,&quot;iso&quot;:&quot;0&quot;,&quot;shutter_speed&quot;:&quot;0&quot;,&quot;title&quot;:&quot;&quot;,&quot;orientation&quot;:&quot;0&quot;}\" data-image-title=\"WhatsApp Image 2026-02-02 at 20.44.35\" data-image-description=\"\" data-image-caption=\"\" data-large-file=\"https:\/\/www.hoymercedes.com.ar\/principal\/wp-content\/uploads\/2026\/02\/WhatsApp-Image-2026-02-02-at-20.44.35-1024x576.jpeg\" src=\"https:\/\/www.hoymercedes.com.ar\/principal\/wp-content\/uploads\/2026\/02\/WhatsApp-Image-2026-02-02-at-20.44.35-1024x576.jpeg\" alt=\"\" class=\"wp-image-191500\" srcset=\"https:\/\/www.hoymercedes.com.ar\/principal\/wp-content\/uploads\/2026\/02\/WhatsApp-Image-2026-02-02-at-20.44.35-1024x576.jpeg 1024w, https:\/\/www.hoymercedes.com.ar\/principal\/wp-content\/uploads\/2026\/02\/WhatsApp-Image-2026-02-02-at-20.44.35-630x354.jpeg 630w, https:\/\/www.hoymercedes.com.ar\/principal\/wp-content\/uploads\/2026\/02\/WhatsApp-Image-2026-02-02-at-20.44.35-150x84.jpeg 150w, https:\/\/www.hoymercedes.com.ar\/principal\/wp-content\/uploads\/2026\/02\/WhatsApp-Image-2026-02-02-at-20.44.35.jpeg 1200w\" sizes=\"auto, (max-width: 1024px) 100vw, 1024px\" \/><\/figure>\n\n\n\n<p>La billetera digital con m\u00e1s de 10 millones de personas usuarias en toda la provincia ampl\u00eda los beneficios pensados para las compras durante el verano al sumar nuevos comercios, tanto en los puntos de veraneo como en el resto del territorio bonaerense.&nbsp;<\/p>\n\n\n\n<p>Las&nbsp;promos&nbsp;incluyen un especial de temporada en balnearios y comercios adheridos,&nbsp;con&nbsp;marcas emblem\u00e1ticas del verano como&nbsp;<strong>Atalaya, Centinela, Chichilo, El Topo,&nbsp;Freddo,&nbsp;Havanna, La&nbsp;Fonte&nbsp;de Oro,&nbsp;Luccianos, Manolo. En febrero se incorporaron se sumaron al beneficio Balcarce y&nbsp;Grido.<\/strong><strong>&nbsp;<\/strong><\/p>\n\n\n\n<p>La&nbsp;promo&nbsp;en comercios de barrio incluye&nbsp;<strong>carnicer\u00edas, granjas y pescader\u00edas&nbsp;<\/strong>y tiene un&nbsp;tope semanal a $5.000. De esta manera, como febrero tiene 4 viernes, el ahorro mensual en&nbsp;<strong>la&nbsp;promo&nbsp;alcanza los $20.000.<\/strong><strong>&nbsp;<\/strong><\/p>\n\n\n\n<p>Tambi\u00e9n habr\u00e1 un beneficio especial en comercios de gastronom\u00eda, con un ahorro de $8.000 por fin de semana. Y contin\u00faan los descuentos en ferias y mercados bonaerenses, supermercados, farmacias, librer\u00edas y universidades.&nbsp;<\/p>\n\n\n\n<p>Toda la agenda de beneficios de la&nbsp;app&nbsp;se puede encontrar&nbsp;<strong>desde el 2 de febrero en las cuentas verificadas de Instagram, Facebook y X de Banco Provincia.<\/strong><strong>&nbsp;<\/strong><\/p>\n","protected":false},"excerpt":{"rendered":"<p>En febrero,&nbsp;Cuenta DNI&nbsp;ofrece descuentos para que las personas puedan ahorrar en sus consumos durante las vacaciones. Adem\u00e1s, contin\u00faa una&nbsp;promo&nbsp;especial en &#8230; <a title=\"Cuenta DNI renueva sus beneficios para febrero: descuentos y promociones para ahorrar\" class=\"read-more\" href=\"https:\/\/www.hoymercedes.com.ar\/principal\/2026\/02\/03\/cuenta-dni-renueva-sus-beneficios-para-febrero-descuentos-y-promociones-para-ahorrar\/\" aria-label=\"Leer m\u00e1s sobre Cuenta DNI renueva sus beneficios para febrero: descuentos y promociones para ahorrar\">Leer m\u00e1s<\/a><\/p>\n","protected":false},"author":1,"featured_media":191500,"comment_status":"closed","ping_status":"open","sticky":false,"template":"","format":"standard","meta":{"_monsterinsights_skip_tracking":false,"_monsterinsights_sitenote_active":false,"_monsterinsights_sitenote_note":"","_monsterinsights_sitenote_category":0,"jetpack_post_was_ever_published":false,"_jetpack_newsletter_access":"","_jetpack_dont_email_post_to_subs":false,"_jetpack_newsletter_tier_id":0,"_jetpack_memberships_contains_paywalled_content":false,"_jetpack_memberships_contains_paid_content":false,"footnotes":"","jetpack_publicize_message":"","jetpack_publicize_feature_enabled":true,"jetpack_social_post_already_shared":true,"jetpack_social_options":{"image_generator_settings":{"template":"highway","default_image_id":0,"font":"","enabled":false},"version":2},"_wpas_customize_per_network":false},"categories":[8],"tags":[],"class_list":["post-191497","post","type-post","status-publish","format-standard","has-post-thumbnail","hentry","category-sociedad","generate-columns","tablet-grid-50","mobile-grid-100","grid-parent","grid-50"],"jetpack_publicize_connections":[],"jetpack_featured_media_url":"https:\/\/www.hoymercedes.com.ar\/principal\/wp-content\/uploads\/2026\/02\/WhatsApp-Image-2026-02-02-at-20.44.35.jpeg","wps_subtitle":"","jetpack_sharing_enabled":true,"_links":{"self":[{"href":"https:\/\/www.hoymercedes.com.ar\/principal\/wp-json\/wp\/v2\/posts\/191497","targetHints":{"allow":["GET"]}}],"collection":[{"href":"https:\/\/www.hoymercedes.com.ar\/principal\/wp-json\/wp\/v2\/posts"}],"about":[{"href":"https:\/\/www.hoymercedes.com.ar\/principal\/wp-json\/wp\/v2\/types\/post"}],"author":[{"embeddable":true,"href":"https:\/\/www.hoymercedes.com.ar\/principal\/wp-json\/wp\/v2\/users\/1"}],"replies":[{"embeddable":true,"href":"https:\/\/www.hoymercedes.com.ar\/principal\/wp-json\/wp\/v2\/comments?post=191497"}],"version-history":[{"count":1,"href":"https:\/\/www.hoymercedes.com.ar\/principal\/wp-json\/wp\/v2\/posts\/191497\/revisions"}],"predecessor-version":[{"id":191501,"href":"https:\/\/www.hoymercedes.com.ar\/principal\/wp-json\/wp\/v2\/posts\/191497\/revisions\/191501"}],"wp:featuredmedia":[{"embeddable":true,"href":"https:\/\/www.hoymercedes.com.ar\/principal\/wp-json\/wp\/v2\/media\/191500"}],"wp:attachment":[{"href":"https:\/\/www.hoymercedes.com.ar\/principal\/wp-json\/wp\/v2\/media?parent=191497"}],"wp:term":[{"taxonomy":"category","embeddable":true,"href":"https:\/\/www.hoymercedes.com.ar\/principal\/wp-json\/wp\/v2\/categories?post=191497"},{"taxonomy":"post_tag","embeddable":true,"href":"https:\/\/www.hoymercedes.com.ar\/principal\/wp-json\/wp\/v2\/tags?post=191497"}],"curies":[{"name":"wp","href":"https:\/\/api.w.org\/{rel}","templated":true}]}}