{"id":191502,"date":"2026-02-04T09:45:00","date_gmt":"2026-02-04T12:45:00","guid":{"rendered":"https:\/\/www.hoymercedes.com.ar\/principal\/?p=191502"},"modified":"2026-02-02T20:47:45","modified_gmt":"2026-02-02T23:47:45","slug":"creditos-para-pymes-con-tasas-bonificadas-por-el-estado-provincial","status":"publish","type":"post","link":"https:\/\/www.hoymercedes.com.ar\/principal\/2026\/02\/04\/creditos-para-pymes-con-tasas-bonificadas-por-el-estado-provincial\/","title":{"rendered":"Cr\u00e9ditos para pymes con tasas bonificadas por el Estado Provincial"},"content":{"rendered":"\n<p>El&nbsp;<strong>Ministerio de Producci\u00f3n, Ciencia e Innovaci\u00f3n Tecnol\u00f3gica<\/strong>&nbsp;de la provincia de Buenos Aires que encabeza&nbsp;<strong>Augusto Costa<\/strong>, anunci\u00f3 la apertura de la convocatoria para las l\u00edneas de cr\u00e9ditos Provincia en Marcha, dirigidas a sectores productivos bonaerenses. Se trata de una l\u00ednea del&nbsp;<strong>Banco Provincia<\/strong>&nbsp;con bonificaci\u00f3n de tasas a cargo de la cartera productiva provincial. Recientemente, las tasas de referencia descendieron: Repyme inversi\u00f3n se encuentra en 51% y Repyme capital de trabajo en 42%.<\/p>\n\n\n\n<figure class=\"wp-block-image size-large\"><img loading=\"lazy\" decoding=\"async\" width=\"1024\" height=\"741\" data-attachment-id=\"191503\" data-permalink=\"https:\/\/www.hoymercedes.com.ar\/principal\/2026\/02\/04\/creditos-para-pymes-con-tasas-bonificadas-por-el-estado-provincial\/image-197\/#main\" data-orig-file=\"https:\/\/www.hoymercedes.com.ar\/principal\/wp-content\/uploads\/2026\/02\/image.png\" data-orig-size=\"1920,1389\" data-comments-opened=\"0\" data-image-meta=\"{&quot;aperture&quot;:&quot;0&quot;,&quot;credit&quot;:&quot;&quot;,&quot;camera&quot;:&quot;&quot;,&quot;caption&quot;:&quot;&quot;,&quot;created_timestamp&quot;:&quot;0&quot;,&quot;copyright&quot;:&quot;&quot;,&quot;focal_length&quot;:&quot;0&quot;,&quot;iso&quot;:&quot;0&quot;,&quot;shutter_speed&quot;:&quot;0&quot;,&quot;title&quot;:&quot;&quot;,&quot;orientation&quot;:&quot;0&quot;}\" data-image-title=\"image\" data-image-description=\"\" data-image-caption=\"\" data-large-file=\"https:\/\/www.hoymercedes.com.ar\/principal\/wp-content\/uploads\/2026\/02\/image-1024x741.png\" src=\"https:\/\/www.hoymercedes.com.ar\/principal\/wp-content\/uploads\/2026\/02\/image-1024x741.png\" alt=\"\" class=\"wp-image-191503\" srcset=\"https:\/\/www.hoymercedes.com.ar\/principal\/wp-content\/uploads\/2026\/02\/image-1024x741.png 1024w, https:\/\/www.hoymercedes.com.ar\/principal\/wp-content\/uploads\/2026\/02\/image-630x456.png 630w, https:\/\/www.hoymercedes.com.ar\/principal\/wp-content\/uploads\/2026\/02\/image-150x109.png 150w, https:\/\/www.hoymercedes.com.ar\/principal\/wp-content\/uploads\/2026\/02\/image-1536x1111.png 1536w, https:\/\/www.hoymercedes.com.ar\/principal\/wp-content\/uploads\/2026\/02\/image.png 1920w\" sizes=\"auto, (max-width: 1024px) 100vw, 1024px\" \/><\/figure>\n\n\n\n<p>Esta convocatoria otorga&nbsp;<strong>pr\u00e9stamos de hasta 250 millones de pesos para inversi\u00f3n productiva con hasta 10 puntos de bonificaci\u00f3n de tasa<\/strong>&nbsp;-es decir, que la tasa bonificada para la l\u00ednea base puede alcanzar los 41 puntos porcentuales-; a su vez, cuando se trate de&nbsp;<strong>pr\u00e9stamos para inversiones en agrupamientos industriales y en proyectos sustentables<\/strong>, la bonificaci\u00f3n de tasa puede llegar a 15 puntos porcentuales, alcanzando as\u00ed una tasa bonificada de 36% para este tipo de inversiones. Cada cr\u00e9dito cuenta con montos m\u00e1ximos por empresa de&nbsp;<strong>hasta 250 millones de pesos.<\/strong><\/p>\n\n\n\n<p>Adem\u00e1s, se ofrece la&nbsp;<strong>l\u00ednea de financiamiento para compra de insumos industriales<\/strong>, que busca acompa\u00f1ar en la adquisici\u00f3n de insumos y servicios empleados en los procesos productivos, provistos por empresas bonaerenses. En este caso, el monto de los pr\u00e9stamos ser\u00e1 de&nbsp;<strong>hasta 50 millones de pesos<\/strong>, y podr\u00e1n alcanzar una tasa del 32% anual fija.<\/p>\n\n\n\n<p><em>\u201cEn un contexto econ\u00f3mico complejo, desde Banco Provincia seguimos cumpliendo el mandato que nos dio el gobernador Axel Kicillof: ser una herramienta concreta para sostener la producci\u00f3n, el empleo y la inversi\u00f3n en todo el territorio bonaerense\u201d<\/em>, destac\u00f3 el presidente de Banco Provincia,&nbsp;<strong>Juan Cuattromo<\/strong>. Y agreg\u00f3:&nbsp;<em>\u201cCon estas l\u00edneas de financiamiento y la&nbsp; bonificaci\u00f3n de tasas que aporta el Ministerio de Producci\u00f3n, reafirmamos nuestro compromiso<\/em><br><em>hist\u00f3rico con las pymes, que son el coraz\u00f3n del desarrollo provincial, y acercamos soluciones que les permitan invertir, crecer y generar trabajo\u201d<\/em>.<\/p>\n\n\n\n<p>La l\u00ednea de Inversi\u00f3n productiva est\u00e1 orientada a financiar proyectos vinculados con la incorporaci\u00f3n de bienes de capital, obra civil, instalaciones e infraestructura. En tanto, la l\u00ednea de Agrupamientos industriales acompa\u00f1a proyectos de inversi\u00f3n de empresas radicadas en estos espacios. La l\u00ednea de Proyectos sustentables est\u00e1 destinada a iniciativas de inversi\u00f3n con impacto ambiental.<\/p>\n\n\n\n<p>Con la pol\u00edtica de financiamiento Provincia en Marcha, la Provincia contin\u00faa apoyando a los sectores productivos y brindando herramientas para el fortalecimiento y crecimiento de la actividad ante un contexto adverso. Para acceder a la convocatoria y obtener m\u00e1s informaci\u00f3n sobre los cr\u00e9ditos, ingresar en&nbsp;<a href=\"https:\/\/www.gba.gob.ar\/produccion\/creditos_pem\" target=\"_blank\" rel=\"noopener\"><strong>gba.gob.ar\/produccion\/creditos_pem<\/strong>.<\/a><\/p>\n","protected":false},"excerpt":{"rendered":"<p>El&nbsp;Ministerio de Producci\u00f3n, Ciencia e Innovaci\u00f3n Tecnol\u00f3gica&nbsp;de la provincia de Buenos Aires que encabeza&nbsp;Augusto Costa, anunci\u00f3 la apertura de la &#8230; <a title=\"Cr\u00e9ditos para pymes con tasas bonificadas por el Estado Provincial\" class=\"read-more\" href=\"https:\/\/www.hoymercedes.com.ar\/principal\/2026\/02\/04\/creditos-para-pymes-con-tasas-bonificadas-por-el-estado-provincial\/\" aria-label=\"Leer m\u00e1s sobre Cr\u00e9ditos para pymes con tasas bonificadas por el Estado Provincial\">Leer m\u00e1s<\/a><\/p>\n","protected":false},"author":1,"featured_media":191503,"comment_status":"closed","ping_status":"open","sticky":false,"template":"","format":"standard","meta":{"_monsterinsights_skip_tracking":false,"_monsterinsights_sitenote_active":false,"_monsterinsights_sitenote_note":"","_monsterinsights_sitenote_category":0,"jetpack_post_was_ever_published":false,"_jetpack_newsletter_access":"","_jetpack_dont_email_post_to_subs":false,"_jetpack_newsletter_tier_id":0,"_jetpack_memberships_contains_paywalled_content":false,"_jetpack_memberships_contains_paid_content":false,"footnotes":"","jetpack_publicize_message":"","jetpack_publicize_feature_enabled":true,"jetpack_social_post_already_shared":true,"jetpack_social_options":{"image_generator_settings":{"template":"highway","default_image_id":0,"font":"","enabled":false},"version":2},"_wpas_customize_per_network":false},"categories":[8],"tags":[],"class_list":["post-191502","post","type-post","status-publish","format-standard","has-post-thumbnail","hentry","category-sociedad","generate-columns","tablet-grid-50","mobile-grid-100","grid-parent","grid-50"],"jetpack_publicize_connections":[],"jetpack_featured_media_url":"https:\/\/www.hoymercedes.com.ar\/principal\/wp-content\/uploads\/2026\/02\/image.png","wps_subtitle":"","jetpack_sharing_enabled":true,"_links":{"self":[{"href":"https:\/\/www.hoymercedes.com.ar\/principal\/wp-json\/wp\/v2\/posts\/191502","targetHints":{"allow":["GET"]}}],"collection":[{"href":"https:\/\/www.hoymercedes.com.ar\/principal\/wp-json\/wp\/v2\/posts"}],"about":[{"href":"https:\/\/www.hoymercedes.com.ar\/principal\/wp-json\/wp\/v2\/types\/post"}],"author":[{"embeddable":true,"href":"https:\/\/www.hoymercedes.com.ar\/principal\/wp-json\/wp\/v2\/users\/1"}],"replies":[{"embeddable":true,"href":"https:\/\/www.hoymercedes.com.ar\/principal\/wp-json\/wp\/v2\/comments?post=191502"}],"version-history":[{"count":1,"href":"https:\/\/www.hoymercedes.com.ar\/principal\/wp-json\/wp\/v2\/posts\/191502\/revisions"}],"predecessor-version":[{"id":191504,"href":"https:\/\/www.hoymercedes.com.ar\/principal\/wp-json\/wp\/v2\/posts\/191502\/revisions\/191504"}],"wp:featuredmedia":[{"embeddable":true,"href":"https:\/\/www.hoymercedes.com.ar\/principal\/wp-json\/wp\/v2\/media\/191503"}],"wp:attachment":[{"href":"https:\/\/www.hoymercedes.com.ar\/principal\/wp-json\/wp\/v2\/media?parent=191502"}],"wp:term":[{"taxonomy":"category","embeddable":true,"href":"https:\/\/www.hoymercedes.com.ar\/principal\/wp-json\/wp\/v2\/categories?post=191502"},{"taxonomy":"post_tag","embeddable":true,"href":"https:\/\/www.hoymercedes.com.ar\/principal\/wp-json\/wp\/v2\/tags?post=191502"}],"curies":[{"name":"wp","href":"https:\/\/api.w.org\/{rel}","templated":true}]}}