{"id":191521,"date":"2026-02-03T12:15:00","date_gmt":"2026-02-03T15:15:00","guid":{"rendered":"https:\/\/www.hoymercedes.com.ar\/principal\/?p=191521"},"modified":"2026-02-02T21:17:09","modified_gmt":"2026-02-03T00:17:09","slug":"el-smn-emitio-alerta-amarillo-para-mercedes-y-la-zona-en-la-tercera-ola-de-calor","status":"publish","type":"post","link":"https:\/\/www.hoymercedes.com.ar\/principal\/2026\/02\/03\/el-smn-emitio-alerta-amarillo-para-mercedes-y-la-zona-en-la-tercera-ola-de-calor\/","title":{"rendered":"El SMN emiti\u00f3 alerta amarillo para Mercedes y la zona en la tercera ola de calor"},"content":{"rendered":"\n<p>Despu\u00e9s de un breve per\u00edodo con temperaturas m\u00e1s bajas, <strong>las temperaturas volvieron a subir de forma significativa en el noreste de la provincia de Buenos Aires<\/strong>, y el <strong>Servicio Meteorol\u00f3gico Nacional (SMN)<\/strong> emiti\u00f3 un <strong>alerta meteorol\u00f3gico de nivel <em>amarillo<\/em><\/strong> que abarca a <strong>Mercedes<\/strong>, <strong>Suipacha<\/strong>, <strong>San Andr\u00e9s de Giles<\/strong> y <strong>Luj\u00e1n<\/strong>.<\/p>\n\n\n\n<figure class=\"wp-block-image size-large\"><img loading=\"lazy\" decoding=\"async\" width=\"1024\" height=\"575\" data-attachment-id=\"191523\" data-permalink=\"https:\/\/www.hoymercedes.com.ar\/principal\/2026\/02\/03\/el-smn-emitio-alerta-amarillo-para-mercedes-y-la-zona-en-la-tercera-ola-de-calor\/whatsapp-image-2026-02-02-at-21-16-12\/#main\" data-orig-file=\"https:\/\/www.hoymercedes.com.ar\/principal\/wp-content\/uploads\/2026\/02\/WhatsApp-Image-2026-02-02-at-21.16.12.jpeg\" data-orig-size=\"1600,899\" data-comments-opened=\"0\" data-image-meta=\"{&quot;aperture&quot;:&quot;0&quot;,&quot;credit&quot;:&quot;&quot;,&quot;camera&quot;:&quot;&quot;,&quot;caption&quot;:&quot;&quot;,&quot;created_timestamp&quot;:&quot;0&quot;,&quot;copyright&quot;:&quot;&quot;,&quot;focal_length&quot;:&quot;0&quot;,&quot;iso&quot;:&quot;0&quot;,&quot;shutter_speed&quot;:&quot;0&quot;,&quot;title&quot;:&quot;&quot;,&quot;orientation&quot;:&quot;0&quot;}\" data-image-title=\"WhatsApp Image 2026-02-02 at 21.16.12\" data-image-description=\"\" data-image-caption=\"\" data-large-file=\"https:\/\/www.hoymercedes.com.ar\/principal\/wp-content\/uploads\/2026\/02\/WhatsApp-Image-2026-02-02-at-21.16.12-1024x575.jpeg\" src=\"https:\/\/www.hoymercedes.com.ar\/principal\/wp-content\/uploads\/2026\/02\/WhatsApp-Image-2026-02-02-at-21.16.12-1024x575.jpeg\" alt=\"\" class=\"wp-image-191523\" srcset=\"https:\/\/www.hoymercedes.com.ar\/principal\/wp-content\/uploads\/2026\/02\/WhatsApp-Image-2026-02-02-at-21.16.12-1024x575.jpeg 1024w, https:\/\/www.hoymercedes.com.ar\/principal\/wp-content\/uploads\/2026\/02\/WhatsApp-Image-2026-02-02-at-21.16.12-630x354.jpeg 630w, https:\/\/www.hoymercedes.com.ar\/principal\/wp-content\/uploads\/2026\/02\/WhatsApp-Image-2026-02-02-at-21.16.12-150x84.jpeg 150w, https:\/\/www.hoymercedes.com.ar\/principal\/wp-content\/uploads\/2026\/02\/WhatsApp-Image-2026-02-02-at-21.16.12-1536x863.jpeg 1536w, https:\/\/www.hoymercedes.com.ar\/principal\/wp-content\/uploads\/2026\/02\/WhatsApp-Image-2026-02-02-at-21.16.12.jpeg 1600w\" sizes=\"auto, (max-width: 1024px) 100vw, 1024px\" \/><\/figure>\n\n\n\n<p>Esta advertencia forma parte de lo que se considera la <strong>tercera ola de calor de la temporada<\/strong>, provocada por el regreso de una masa de aire c\u00e1lido y h\u00famedo que desplaza al aire m\u00e1s fresco que hab\u00eda llegado d\u00edas atr\u00e1s.<\/p>\n\n\n\n<p>\ud83d\udd06 <strong>\u00bfQu\u00e9 significa el alerta amarillo?<\/strong><br>El nivel <em>amarillo<\/em> indica que las altas temperaturas pueden tener un <strong>impacto de leve a moderado en la salud<\/strong>. El organismo clim\u00e1tico se\u00f1ala que estas condiciones <strong>pueden resultar peligrosas, sobre todo para grupos de riesgo<\/strong> como ni\u00f1os, personas mayores de 65 a\u00f1os y quienes tienen enfermedades cr\u00f3nicas.<\/p>\n\n\n\n<p>\ud83c\udf21\ufe0f <strong>Qu\u00e9 se espera para los pr\u00f3ximos d\u00edas:<\/strong><\/p>\n\n\n\n<ul class=\"wp-block-list\">\n<li>Las m\u00e1ximas probablemente oscilar\u00e1n entre <strong>35 \u00b0C y 38 \u00b0C<\/strong> en la regi\u00f3n bonaerense, incluyendo Mercedes y alrededores.<\/li>\n\n\n\n<li>La humedad elevada puede <strong>aumentar la sensaci\u00f3n t\u00e9rmica<\/strong>, haciendo que las jornadas se sientan m\u00e1s agobiantes y las noches no brinden un alivio significativo.<\/li>\n<\/ul>\n\n\n\n<p>\ud83c\udfe5 <strong>Recomendaciones generales (seg\u00fan alertas por calor similares del SMN):<\/strong><br>Aunque no se detallan todas las indicaciones en la fuente local, en avisos por calor extremo el SMN suele sugerir:<\/p>\n\n\n\n<ul class=\"wp-block-list\">\n<li>Mantenerse bien hidratados, especialmente entre las 10 h y 16 h.<\/li>\n\n\n\n<li>Evitar la exposici\u00f3n prolongada al sol en las horas m\u00e1s c\u00e1lidas.<\/li>\n\n\n\n<li>Prestar especial atenci\u00f3n a ni\u00f1os, ancianos y personas con condiciones de salud preexistentes.<\/li>\n<\/ul>\n\n\n\n<p>El avance de esta tercera ola de calor y las altas temperaturas previstas hacen que expertos y autoridades recomienden <strong>seguir las advertencias del SMN y mantenerse informados por canales oficiales<\/strong> para tomar las precauciones necesarias.<\/p>\n","protected":false},"excerpt":{"rendered":"<p>Despu\u00e9s de un breve per\u00edodo con temperaturas m\u00e1s bajas, las temperaturas volvieron a subir de forma significativa en el noreste &#8230; <a title=\"El SMN emiti\u00f3 alerta amarillo para Mercedes y la zona en la tercera ola de calor\" class=\"read-more\" href=\"https:\/\/www.hoymercedes.com.ar\/principal\/2026\/02\/03\/el-smn-emitio-alerta-amarillo-para-mercedes-y-la-zona-en-la-tercera-ola-de-calor\/\" aria-label=\"Leer m\u00e1s sobre El SMN emiti\u00f3 alerta amarillo para Mercedes y la zona en la tercera ola de calor\">Leer m\u00e1s<\/a><\/p>\n","protected":false},"author":1,"featured_media":191523,"comment_status":"closed","ping_status":"open","sticky":false,"template":"","format":"standard","meta":{"_monsterinsights_skip_tracking":false,"_monsterinsights_sitenote_active":false,"_monsterinsights_sitenote_note":"","_monsterinsights_sitenote_category":0,"jetpack_post_was_ever_published":false,"_jetpack_newsletter_access":"","_jetpack_dont_email_post_to_subs":false,"_jetpack_newsletter_tier_id":0,"_jetpack_memberships_contains_paywalled_content":false,"_jetpack_memberships_contains_paid_content":false,"footnotes":"","jetpack_publicize_message":"","jetpack_publicize_feature_enabled":true,"jetpack_social_post_already_shared":true,"jetpack_social_options":{"image_generator_settings":{"template":"highway","default_image_id":0,"font":"","enabled":false},"version":2},"_wpas_customize_per_network":false},"categories":[8],"tags":[],"class_list":["post-191521","post","type-post","status-publish","format-standard","has-post-thumbnail","hentry","category-sociedad","generate-columns","tablet-grid-50","mobile-grid-100","grid-parent","grid-50"],"jetpack_publicize_connections":[],"jetpack_featured_media_url":"https:\/\/www.hoymercedes.com.ar\/principal\/wp-content\/uploads\/2026\/02\/WhatsApp-Image-2026-02-02-at-21.16.12.jpeg","wps_subtitle":"","jetpack_sharing_enabled":true,"_links":{"self":[{"href":"https:\/\/www.hoymercedes.com.ar\/principal\/wp-json\/wp\/v2\/posts\/191521","targetHints":{"allow":["GET"]}}],"collection":[{"href":"https:\/\/www.hoymercedes.com.ar\/principal\/wp-json\/wp\/v2\/posts"}],"about":[{"href":"https:\/\/www.hoymercedes.com.ar\/principal\/wp-json\/wp\/v2\/types\/post"}],"author":[{"embeddable":true,"href":"https:\/\/www.hoymercedes.com.ar\/principal\/wp-json\/wp\/v2\/users\/1"}],"replies":[{"embeddable":true,"href":"https:\/\/www.hoymercedes.com.ar\/principal\/wp-json\/wp\/v2\/comments?post=191521"}],"version-history":[{"count":1,"href":"https:\/\/www.hoymercedes.com.ar\/principal\/wp-json\/wp\/v2\/posts\/191521\/revisions"}],"predecessor-version":[{"id":191524,"href":"https:\/\/www.hoymercedes.com.ar\/principal\/wp-json\/wp\/v2\/posts\/191521\/revisions\/191524"}],"wp:featuredmedia":[{"embeddable":true,"href":"https:\/\/www.hoymercedes.com.ar\/principal\/wp-json\/wp\/v2\/media\/191523"}],"wp:attachment":[{"href":"https:\/\/www.hoymercedes.com.ar\/principal\/wp-json\/wp\/v2\/media?parent=191521"}],"wp:term":[{"taxonomy":"category","embeddable":true,"href":"https:\/\/www.hoymercedes.com.ar\/principal\/wp-json\/wp\/v2\/categories?post=191521"},{"taxonomy":"post_tag","embeddable":true,"href":"https:\/\/www.hoymercedes.com.ar\/principal\/wp-json\/wp\/v2\/tags?post=191521"}],"curies":[{"name":"wp","href":"https:\/\/api.w.org\/{rel}","templated":true}]}}