{"id":191537,"date":"2026-02-04T11:05:00","date_gmt":"2026-02-04T14:05:00","guid":{"rendered":"https:\/\/www.hoymercedes.com.ar\/principal\/?p=191537"},"modified":"2026-02-03T17:46:28","modified_gmt":"2026-02-03T20:46:28","slug":"empleados-de-comercio-de-mercedes-comenzaron-a-entregar-kits-escolares-para-el-inicio-del-ciclo-lectivo-2026","status":"publish","type":"post","link":"https:\/\/www.hoymercedes.com.ar\/principal\/2026\/02\/04\/empleados-de-comercio-de-mercedes-comenzaron-a-entregar-kits-escolares-para-el-inicio-del-ciclo-lectivo-2026\/","title":{"rendered":"Empleados de Comercio de Mercedes comenzaron a entregar kits escolares para el inicio del ciclo lectivo 2026"},"content":{"rendered":"\n<p>El <strong>Sindicato de Empleados de Comercio (SEC) de Mercedes<\/strong> puso en marcha la <strong>distribuci\u00f3n de kits de \u00fatiles escolares<\/strong> para acompa\u00f1ar a las familias de sus afiliados de cara al comienzo del a\u00f1o escolar 2026. Este beneficio se dirige a los hijos de trabajadores mercantiles que est\u00e1n cursando desde <strong>Jard\u00edn de Infantes hasta la secundaria<\/strong>.<\/p>\n\n\n\n<figure class=\"wp-block-image size-full\"><img loading=\"lazy\" decoding=\"async\" width=\"720\" height=\"554\" data-attachment-id=\"191538\" data-permalink=\"https:\/\/www.hoymercedes.com.ar\/principal\/2026\/02\/04\/empleados-de-comercio-de-mercedes-comenzaron-a-entregar-kits-escolares-para-el-inicio-del-ciclo-lectivo-2026\/whatsapp-image-2026-02-02-at-21-35-15\/#main\" data-orig-file=\"https:\/\/www.hoymercedes.com.ar\/principal\/wp-content\/uploads\/2026\/02\/WhatsApp-Image-2026-02-02-at-21.35.15.jpeg\" data-orig-size=\"720,554\" data-comments-opened=\"0\" data-image-meta=\"{&quot;aperture&quot;:&quot;0&quot;,&quot;credit&quot;:&quot;&quot;,&quot;camera&quot;:&quot;&quot;,&quot;caption&quot;:&quot;&quot;,&quot;created_timestamp&quot;:&quot;0&quot;,&quot;copyright&quot;:&quot;&quot;,&quot;focal_length&quot;:&quot;0&quot;,&quot;iso&quot;:&quot;0&quot;,&quot;shutter_speed&quot;:&quot;0&quot;,&quot;title&quot;:&quot;&quot;,&quot;orientation&quot;:&quot;0&quot;}\" data-image-title=\"WhatsApp Image 2026-02-02 at 21.35.15\" data-image-description=\"\" data-image-caption=\"\" data-large-file=\"https:\/\/www.hoymercedes.com.ar\/principal\/wp-content\/uploads\/2026\/02\/WhatsApp-Image-2026-02-02-at-21.35.15.jpeg\" src=\"https:\/\/www.hoymercedes.com.ar\/principal\/wp-content\/uploads\/2026\/02\/WhatsApp-Image-2026-02-02-at-21.35.15.jpeg\" alt=\"\" class=\"wp-image-191538\" srcset=\"https:\/\/www.hoymercedes.com.ar\/principal\/wp-content\/uploads\/2026\/02\/WhatsApp-Image-2026-02-02-at-21.35.15.jpeg 720w, https:\/\/www.hoymercedes.com.ar\/principal\/wp-content\/uploads\/2026\/02\/WhatsApp-Image-2026-02-02-at-21.35.15-630x485.jpeg 630w, https:\/\/www.hoymercedes.com.ar\/principal\/wp-content\/uploads\/2026\/02\/WhatsApp-Image-2026-02-02-at-21.35.15-150x115.jpeg 150w\" sizes=\"auto, (max-width: 720px) 100vw, 720px\" \/><\/figure>\n\n\n\n<p>La entrega de los materiales se realiza <strong>en la sede gremial ubicada en Calle 22 N\u00ba 830<\/strong>, de <strong>lunes a viernes entre las 8:00 y las 16:00 hs<\/strong>, facilitando el retiro de los kits a quienes presenten la documentaci\u00f3n requerida.<\/p>\n\n\n\n<p>Para garantizar que cada familia reciba lo que corresponde seg\u00fan el nivel educativo, se establecieron condiciones espec\u00edficas:<\/p>\n\n\n\n<ul class=\"wp-block-list\">\n<li>En <strong>Nivel Inicial y Primaria<\/strong>, los kits se entregan directamente a los hijos de afiliados registrados.<\/li>\n\n\n\n<li>Para el <strong>Nivel Secundario<\/strong>, la entrega est\u00e1 condicionada a la presentaci\u00f3n de la <strong>constancia de alumno regular<\/strong>.<\/li>\n<\/ul>\n\n\n\n<p>Desde la organizaci\u00f3n sindical remarcaron que los materiales incluidos en los kits fueron seleccionados pensando en las necesidades educativas de cada etapa escolar, con el objetivo de que los estudiantes cuenten con las herramientas necesarias para afrontar el nuevo ciclo con mayor tranquilidad econ\u00f3mica.<\/p>\n\n\n\n<p>Esta iniciativa forma parte de los <strong>beneficios sociales que el SEC Mercedes ofrece a\u00f1o tras a\u00f1o<\/strong> a sus afiliados, como apoyo ante los crecientes costos que implica la vuelta a clases.<\/p>\n","protected":false},"excerpt":{"rendered":"<p>El Sindicato de Empleados de Comercio (SEC) de Mercedes puso en marcha la distribuci\u00f3n de kits de \u00fatiles escolares para &#8230; <a title=\"Empleados de Comercio de Mercedes comenzaron a entregar kits escolares para el inicio del ciclo lectivo 2026\" class=\"read-more\" href=\"https:\/\/www.hoymercedes.com.ar\/principal\/2026\/02\/04\/empleados-de-comercio-de-mercedes-comenzaron-a-entregar-kits-escolares-para-el-inicio-del-ciclo-lectivo-2026\/\" aria-label=\"Leer m\u00e1s sobre Empleados de Comercio de Mercedes comenzaron a entregar kits escolares para el inicio del ciclo lectivo 2026\">Leer m\u00e1s<\/a><\/p>\n","protected":false},"author":1,"featured_media":191538,"comment_status":"closed","ping_status":"open","sticky":false,"template":"","format":"standard","meta":{"_monsterinsights_skip_tracking":false,"_monsterinsights_sitenote_active":false,"_monsterinsights_sitenote_note":"","_monsterinsights_sitenote_category":0,"jetpack_post_was_ever_published":false,"_jetpack_newsletter_access":"","_jetpack_dont_email_post_to_subs":false,"_jetpack_newsletter_tier_id":0,"_jetpack_memberships_contains_paywalled_content":false,"_jetpack_memberships_contains_paid_content":false,"footnotes":"","jetpack_publicize_message":"","jetpack_publicize_feature_enabled":true,"jetpack_social_post_already_shared":true,"jetpack_social_options":{"image_generator_settings":{"template":"highway","default_image_id":0,"font":"","enabled":false},"version":2},"_wpas_customize_per_network":false},"categories":[8],"tags":[],"class_list":["post-191537","post","type-post","status-publish","format-standard","has-post-thumbnail","hentry","category-sociedad","generate-columns","tablet-grid-50","mobile-grid-100","grid-parent","grid-50"],"jetpack_publicize_connections":[],"jetpack_featured_media_url":"https:\/\/www.hoymercedes.com.ar\/principal\/wp-content\/uploads\/2026\/02\/WhatsApp-Image-2026-02-02-at-21.35.15.jpeg","wps_subtitle":"","jetpack_sharing_enabled":true,"_links":{"self":[{"href":"https:\/\/www.hoymercedes.com.ar\/principal\/wp-json\/wp\/v2\/posts\/191537","targetHints":{"allow":["GET"]}}],"collection":[{"href":"https:\/\/www.hoymercedes.com.ar\/principal\/wp-json\/wp\/v2\/posts"}],"about":[{"href":"https:\/\/www.hoymercedes.com.ar\/principal\/wp-json\/wp\/v2\/types\/post"}],"author":[{"embeddable":true,"href":"https:\/\/www.hoymercedes.com.ar\/principal\/wp-json\/wp\/v2\/users\/1"}],"replies":[{"embeddable":true,"href":"https:\/\/www.hoymercedes.com.ar\/principal\/wp-json\/wp\/v2\/comments?post=191537"}],"version-history":[{"count":1,"href":"https:\/\/www.hoymercedes.com.ar\/principal\/wp-json\/wp\/v2\/posts\/191537\/revisions"}],"predecessor-version":[{"id":191539,"href":"https:\/\/www.hoymercedes.com.ar\/principal\/wp-json\/wp\/v2\/posts\/191537\/revisions\/191539"}],"wp:featuredmedia":[{"embeddable":true,"href":"https:\/\/www.hoymercedes.com.ar\/principal\/wp-json\/wp\/v2\/media\/191538"}],"wp:attachment":[{"href":"https:\/\/www.hoymercedes.com.ar\/principal\/wp-json\/wp\/v2\/media?parent=191537"}],"wp:term":[{"taxonomy":"category","embeddable":true,"href":"https:\/\/www.hoymercedes.com.ar\/principal\/wp-json\/wp\/v2\/categories?post=191537"},{"taxonomy":"post_tag","embeddable":true,"href":"https:\/\/www.hoymercedes.com.ar\/principal\/wp-json\/wp\/v2\/tags?post=191537"}],"curies":[{"name":"wp","href":"https:\/\/api.w.org\/{rel}","templated":true}]}}