{"id":191549,"date":"2026-02-03T13:26:00","date_gmt":"2026-02-03T16:26:00","guid":{"rendered":"https:\/\/www.hoymercedes.com.ar\/principal\/?p=191549"},"modified":"2026-02-03T13:24:33","modified_gmt":"2026-02-03T16:24:33","slug":"juan-carlos-bouzou-se-despidio-de-la-catedral-de-mercedes-con-una-misa-emotiva-llena-de-anecdotas-y-agradecimientos","status":"publish","type":"post","link":"https:\/\/www.hoymercedes.com.ar\/principal\/2026\/02\/03\/juan-carlos-bouzou-se-despidio-de-la-catedral-de-mercedes-con-una-misa-emotiva-llena-de-anecdotas-y-agradecimientos\/","title":{"rendered":"Juan Carlos Bouzou se despidi\u00f3 de la Catedral de Mercedes con una misa emotiva llena de an\u00e9cdotas y agradecimientos"},"content":{"rendered":"\n<p>El sacerdote <strong>Juan Carlos Bouzou<\/strong> celebr\u00f3 su <strong>\u00faltima misa como p\u00e1rroco<\/strong> de la <strong>Catedral Bas\u00edlica Nuestra Se\u00f1ora de las Mercedes<\/strong>, congregando a numerosos fieles que colmaron el templo para acompa\u00f1arlo en un momento cargado de emoci\u00f3n y recuerdos.<\/p>\n\n\n\n<figure class=\"wp-block-image size-full\"><img loading=\"lazy\" decoding=\"async\" width=\"750\" height=\"466\" data-attachment-id=\"191550\" data-permalink=\"https:\/\/www.hoymercedes.com.ar\/principal\/2026\/02\/03\/juan-carlos-bouzou-se-despidio-de-la-catedral-de-mercedes-con-una-misa-emotiva-llena-de-anecdotas-y-agradecimientos\/whatsapp-image-2026-02-02-at-21-44-31\/#main\" data-orig-file=\"https:\/\/www.hoymercedes.com.ar\/principal\/wp-content\/uploads\/2026\/02\/WhatsApp-Image-2026-02-02-at-21.44.31.jpeg\" data-orig-size=\"750,466\" data-comments-opened=\"0\" data-image-meta=\"{&quot;aperture&quot;:&quot;0&quot;,&quot;credit&quot;:&quot;&quot;,&quot;camera&quot;:&quot;&quot;,&quot;caption&quot;:&quot;&quot;,&quot;created_timestamp&quot;:&quot;0&quot;,&quot;copyright&quot;:&quot;&quot;,&quot;focal_length&quot;:&quot;0&quot;,&quot;iso&quot;:&quot;0&quot;,&quot;shutter_speed&quot;:&quot;0&quot;,&quot;title&quot;:&quot;&quot;,&quot;orientation&quot;:&quot;0&quot;}\" data-image-title=\"WhatsApp Image 2026-02-02 at 21.44.31\" data-image-description=\"\" data-image-caption=\"\" data-large-file=\"https:\/\/www.hoymercedes.com.ar\/principal\/wp-content\/uploads\/2026\/02\/WhatsApp-Image-2026-02-02-at-21.44.31.jpeg\" src=\"https:\/\/www.hoymercedes.com.ar\/principal\/wp-content\/uploads\/2026\/02\/WhatsApp-Image-2026-02-02-at-21.44.31.jpeg\" alt=\"\" class=\"wp-image-191550\" srcset=\"https:\/\/www.hoymercedes.com.ar\/principal\/wp-content\/uploads\/2026\/02\/WhatsApp-Image-2026-02-02-at-21.44.31.jpeg 750w, https:\/\/www.hoymercedes.com.ar\/principal\/wp-content\/uploads\/2026\/02\/WhatsApp-Image-2026-02-02-at-21.44.31-630x391.jpeg 630w, https:\/\/www.hoymercedes.com.ar\/principal\/wp-content\/uploads\/2026\/02\/WhatsApp-Image-2026-02-02-at-21.44.31-150x93.jpeg 150w\" sizes=\"auto, (max-width: 750px) 100vw, 750px\" \/><\/figure>\n\n\n\n<p>Durante la ceremonia, Bouzou record\u00f3 con afecto su trayectoria y la forma en que descubri\u00f3 su vocaci\u00f3n. Originario de <strong>Tucum\u00e1n<\/strong>, relat\u00f3 que su llamada a la vida religiosa comenz\u00f3 desde muy joven y se consolid\u00f3 tras un episodio durante sus estudios de Psicolog\u00eda en la <strong>Universidad de Buenos Aires<\/strong>, cuando una profesora lo desafi\u00f3 a elegir entre <em>Freud o Dios<\/em>, decisi\u00f3n que marc\u00f3 su ingreso al seminario.<\/p>\n\n\n\n<p>El sacerdote tambi\u00e9n rememor\u00f3 c\u00f3mo fue su labor pastoral en Mercedes desde que lleg\u00f3 en <strong>1999<\/strong>, especialmente durante la pandemia de COVID-19, cuando las transmisiones virtuales de las celebraciones y la salida de la imagen de la Virgen por las calles despertaron esperanza entre la comunidad mercedina.<\/p>\n\n\n\n<p>La misa estuvo salpicada de confesiones personales sobre su fe y experiencias de vida. Bouzou comparti\u00f3 que volvi\u00f3 a celebrar la Eucarist\u00eda en el mismo altar donde fue ordenado hace 20 a\u00f1os y que siempre guardar\u00e1 a Mercedes en su coraz\u00f3n, destacando el v\u00ednculo con la ciudad y la gente.<\/p>\n\n\n\n<p>El acto de despedida reflej\u00f3 la <strong>gratitud de la comunidad hacia su labor pastoral<\/strong> y el impacto que su presencia tuvo durante a\u00f1os en la vida religiosa de la catedral y de muchos fieles que asistieron a decirle \u201cgracias\u201d y acompa\u00f1arlo en esta nueva etapa de su misi\u00f3n sacerdotal.<\/p>\n","protected":false},"excerpt":{"rendered":"<p>El sacerdote Juan Carlos Bouzou celebr\u00f3 su \u00faltima misa como p\u00e1rroco de la Catedral Bas\u00edlica Nuestra Se\u00f1ora de las Mercedes, &#8230; <a title=\"Juan Carlos Bouzou se despidi\u00f3 de la Catedral de Mercedes con una misa emotiva llena de an\u00e9cdotas y agradecimientos\" class=\"read-more\" href=\"https:\/\/www.hoymercedes.com.ar\/principal\/2026\/02\/03\/juan-carlos-bouzou-se-despidio-de-la-catedral-de-mercedes-con-una-misa-emotiva-llena-de-anecdotas-y-agradecimientos\/\" aria-label=\"Leer m\u00e1s sobre Juan Carlos Bouzou se despidi\u00f3 de la Catedral de Mercedes con una misa emotiva llena de an\u00e9cdotas y agradecimientos\">Leer m\u00e1s<\/a><\/p>\n","protected":false},"author":1,"featured_media":191550,"comment_status":"closed","ping_status":"open","sticky":false,"template":"","format":"standard","meta":{"_monsterinsights_skip_tracking":false,"_monsterinsights_sitenote_active":false,"_monsterinsights_sitenote_note":"","_monsterinsights_sitenote_category":0,"jetpack_post_was_ever_published":false,"_jetpack_newsletter_access":"","_jetpack_dont_email_post_to_subs":false,"_jetpack_newsletter_tier_id":0,"_jetpack_memberships_contains_paywalled_content":false,"_jetpack_memberships_contains_paid_content":false,"footnotes":"","jetpack_publicize_message":"","jetpack_publicize_feature_enabled":true,"jetpack_social_post_already_shared":true,"jetpack_social_options":{"image_generator_settings":{"template":"highway","default_image_id":0,"font":"","enabled":false},"version":2},"_wpas_customize_per_network":false},"categories":[8],"tags":[],"class_list":["post-191549","post","type-post","status-publish","format-standard","has-post-thumbnail","hentry","category-sociedad","generate-columns","tablet-grid-50","mobile-grid-100","grid-parent","grid-50"],"jetpack_publicize_connections":[],"jetpack_featured_media_url":"https:\/\/www.hoymercedes.com.ar\/principal\/wp-content\/uploads\/2026\/02\/WhatsApp-Image-2026-02-02-at-21.44.31.jpeg","wps_subtitle":"","jetpack_sharing_enabled":true,"_links":{"self":[{"href":"https:\/\/www.hoymercedes.com.ar\/principal\/wp-json\/wp\/v2\/posts\/191549","targetHints":{"allow":["GET"]}}],"collection":[{"href":"https:\/\/www.hoymercedes.com.ar\/principal\/wp-json\/wp\/v2\/posts"}],"about":[{"href":"https:\/\/www.hoymercedes.com.ar\/principal\/wp-json\/wp\/v2\/types\/post"}],"author":[{"embeddable":true,"href":"https:\/\/www.hoymercedes.com.ar\/principal\/wp-json\/wp\/v2\/users\/1"}],"replies":[{"embeddable":true,"href":"https:\/\/www.hoymercedes.com.ar\/principal\/wp-json\/wp\/v2\/comments?post=191549"}],"version-history":[{"count":1,"href":"https:\/\/www.hoymercedes.com.ar\/principal\/wp-json\/wp\/v2\/posts\/191549\/revisions"}],"predecessor-version":[{"id":191551,"href":"https:\/\/www.hoymercedes.com.ar\/principal\/wp-json\/wp\/v2\/posts\/191549\/revisions\/191551"}],"wp:featuredmedia":[{"embeddable":true,"href":"https:\/\/www.hoymercedes.com.ar\/principal\/wp-json\/wp\/v2\/media\/191550"}],"wp:attachment":[{"href":"https:\/\/www.hoymercedes.com.ar\/principal\/wp-json\/wp\/v2\/media?parent=191549"}],"wp:term":[{"taxonomy":"category","embeddable":true,"href":"https:\/\/www.hoymercedes.com.ar\/principal\/wp-json\/wp\/v2\/categories?post=191549"},{"taxonomy":"post_tag","embeddable":true,"href":"https:\/\/www.hoymercedes.com.ar\/principal\/wp-json\/wp\/v2\/tags?post=191549"}],"curies":[{"name":"wp","href":"https:\/\/api.w.org\/{rel}","templated":true}]}}