{"id":191552,"date":"2026-02-04T12:48:00","date_gmt":"2026-02-04T15:48:00","guid":{"rendered":"https:\/\/www.hoymercedes.com.ar\/principal\/?p=191552"},"modified":"2026-02-02T21:49:19","modified_gmt":"2026-02-03T00:49:19","slug":"la-liga-mercedina-de-futbol-oficializo-su-calendario-para-la-temporada-2026","status":"publish","type":"post","link":"https:\/\/www.hoymercedes.com.ar\/principal\/2026\/02\/04\/la-liga-mercedina-de-futbol-oficializo-su-calendario-para-la-temporada-2026\/","title":{"rendered":"La Liga Mercedina de F\u00fatbol oficializ\u00f3 su calendario para la temporada 2026"},"content":{"rendered":"\n<p>La <strong>Liga Mercedina de F\u00fatbol<\/strong> dio a conocer de manera oficial el <strong>cronograma deportivo y administrativo<\/strong> que regir\u00e1 durante la <strong>temporada 2026<\/strong>, estableciendo las fechas clave para el desarrollo de los distintos torneos que organiza la entidad.<\/p>\n\n\n\n<figure class=\"wp-block-image size-full\"><img loading=\"lazy\" decoding=\"async\" width=\"640\" height=\"382\" data-attachment-id=\"190377\" data-permalink=\"https:\/\/www.hoymercedes.com.ar\/principal\/2025\/12\/22\/esteban-marcelo-tendra-su-octavo-periodo-al-frente-de-la-liga-mercedina-de-futbol\/esteban-marcelo\/#main\" data-orig-file=\"https:\/\/www.hoymercedes.com.ar\/principal\/wp-content\/uploads\/2025\/12\/esteban-marcelo.jpg\" data-orig-size=\"640,382\" data-comments-opened=\"0\" data-image-meta=\"{&quot;aperture&quot;:&quot;0&quot;,&quot;credit&quot;:&quot;&quot;,&quot;camera&quot;:&quot;&quot;,&quot;caption&quot;:&quot;&quot;,&quot;created_timestamp&quot;:&quot;0&quot;,&quot;copyright&quot;:&quot;&quot;,&quot;focal_length&quot;:&quot;0&quot;,&quot;iso&quot;:&quot;0&quot;,&quot;shutter_speed&quot;:&quot;0&quot;,&quot;title&quot;:&quot;&quot;,&quot;orientation&quot;:&quot;0&quot;}\" data-image-title=\"esteban marcelo\" data-image-description=\"\" data-image-caption=\"\" data-large-file=\"https:\/\/www.hoymercedes.com.ar\/principal\/wp-content\/uploads\/2025\/12\/esteban-marcelo.jpg\" src=\"https:\/\/www.hoymercedes.com.ar\/principal\/wp-content\/uploads\/2025\/12\/esteban-marcelo.jpg\" alt=\"\" class=\"wp-image-190377\" srcset=\"https:\/\/www.hoymercedes.com.ar\/principal\/wp-content\/uploads\/2025\/12\/esteban-marcelo.jpg 640w, https:\/\/www.hoymercedes.com.ar\/principal\/wp-content\/uploads\/2025\/12\/esteban-marcelo-630x376.jpg 630w, https:\/\/www.hoymercedes.com.ar\/principal\/wp-content\/uploads\/2025\/12\/esteban-marcelo-150x90.jpg 150w\" sizes=\"auto, (max-width: 640px) 100vw, 640px\" \/><\/figure>\n\n\n\n<p>Seg\u00fan lo detallado por la organizaci\u00f3n, <strong>el puntapi\u00e9 inicial de las competencias masculina y femenina ser\u00e1 el s\u00e1bado 21 de marzo<\/strong>, marcando el comienzo formal de los torneos que incluyen <strong>Primera, Segunda, Reserva, Infanto-Juvenil y F\u00fatbol Femenino<\/strong>.<\/p>\n\n\n\n<p>Antes del inicio de la acci\u00f3n en cancha, la Liga fij\u00f3 tambi\u00e9n varias etapas <strong>administrativas y de preparaci\u00f3n<\/strong>. Entre el <strong>18 y el 24 de febrero<\/strong> se cerrar\u00e1 el plazo para la presentaci\u00f3n de listas de jugadores tanto para re-afiliaciones como para nuevos clubes. Poco despu\u00e9s, el <strong>26 de febrero<\/strong> se realizar\u00e1 la primera <strong>reuni\u00f3n de delegados<\/strong> en la sede de Juventud de Suipacha para coordinar aspectos log\u00edsticos del calendario.<\/p>\n\n\n\n<p>A partir del <strong>2 de marzo<\/strong>, la sede de la Liga abrir\u00e1 sus puertas para el <strong>recepcionamiento de transferencias y gestiones burocr\u00e1ticas<\/strong>, y entre el <strong>3 y el 6 de marzo<\/strong> se sortear\u00e1n los fixtures que definir\u00e1n los enfrentamientos de cada categor\u00eda.<\/p>\n\n\n\n<p>En cuanto a las obligaciones formales de los clubes, se estableci\u00f3 que <strong>el 10 de marzo ser\u00e1 el \u00faltimo d\u00eda para abonar la primera cuota<\/strong> (con monto a definir), y el <strong>13 de marzo<\/strong> cerrar\u00e1 la recepci\u00f3n de las <strong>listas de buena fe<\/strong> impresas, que deben haber sido previamente registradas en el sistema COMET.<\/p>\n\n\n\n<p>Adem\u00e1s de la programaci\u00f3n del torneo, ya se conoci\u00f3 una sanci\u00f3n impuesta por el <strong>Tribunal de Penas de la Liga<\/strong>, que aplic\u00f3 una <strong>suspensi\u00f3n de un a\u00f1o a un directivo identificado como Jorge Camargo (AMEFIP)<\/strong> en el fallo n\u00famero 1 del a\u00f1o; as\u00ed como la apertura de procesos para definir <strong>prestadores de seguros y propuestas de transmisi\u00f3n por streaming<\/strong> de los diferentes encuentros.<\/p>\n\n\n\n<p>Esta planificaci\u00f3n marca la hoja de ruta para el f\u00fatbol local en 2026, articulando tanto los tiempos competitivos como los requisitos institucionales que permitir\u00e1n el normal desarrollo de la temporada.<\/p>\n","protected":false},"excerpt":{"rendered":"<p>La Liga Mercedina de F\u00fatbol dio a conocer de manera oficial el cronograma deportivo y administrativo que regir\u00e1 durante la &#8230; <a title=\"La Liga Mercedina de F\u00fatbol oficializ\u00f3 su calendario para la temporada 2026\" class=\"read-more\" href=\"https:\/\/www.hoymercedes.com.ar\/principal\/2026\/02\/04\/la-liga-mercedina-de-futbol-oficializo-su-calendario-para-la-temporada-2026\/\" aria-label=\"Leer m\u00e1s sobre La Liga Mercedina de F\u00fatbol oficializ\u00f3 su calendario para la temporada 2026\">Leer m\u00e1s<\/a><\/p>\n","protected":false},"author":1,"featured_media":190377,"comment_status":"closed","ping_status":"open","sticky":false,"template":"","format":"standard","meta":{"_monsterinsights_skip_tracking":false,"_monsterinsights_sitenote_active":false,"_monsterinsights_sitenote_note":"","_monsterinsights_sitenote_category":0,"jetpack_post_was_ever_published":false,"_jetpack_newsletter_access":"","_jetpack_dont_email_post_to_subs":false,"_jetpack_newsletter_tier_id":0,"_jetpack_memberships_contains_paywalled_content":false,"_jetpack_memberships_contains_paid_content":false,"footnotes":"","jetpack_publicize_message":"","jetpack_publicize_feature_enabled":true,"jetpack_social_post_already_shared":true,"jetpack_social_options":{"image_generator_settings":{"template":"highway","default_image_id":0,"font":"","enabled":false},"version":2},"_wpas_customize_per_network":false},"categories":[21],"tags":[],"class_list":["post-191552","post","type-post","status-publish","format-standard","has-post-thumbnail","hentry","category-deportes","generate-columns","tablet-grid-50","mobile-grid-100","grid-parent","grid-50"],"jetpack_publicize_connections":[],"jetpack_featured_media_url":"https:\/\/www.hoymercedes.com.ar\/principal\/wp-content\/uploads\/2025\/12\/esteban-marcelo.jpg","wps_subtitle":"","jetpack_sharing_enabled":true,"_links":{"self":[{"href":"https:\/\/www.hoymercedes.com.ar\/principal\/wp-json\/wp\/v2\/posts\/191552","targetHints":{"allow":["GET"]}}],"collection":[{"href":"https:\/\/www.hoymercedes.com.ar\/principal\/wp-json\/wp\/v2\/posts"}],"about":[{"href":"https:\/\/www.hoymercedes.com.ar\/principal\/wp-json\/wp\/v2\/types\/post"}],"author":[{"embeddable":true,"href":"https:\/\/www.hoymercedes.com.ar\/principal\/wp-json\/wp\/v2\/users\/1"}],"replies":[{"embeddable":true,"href":"https:\/\/www.hoymercedes.com.ar\/principal\/wp-json\/wp\/v2\/comments?post=191552"}],"version-history":[{"count":1,"href":"https:\/\/www.hoymercedes.com.ar\/principal\/wp-json\/wp\/v2\/posts\/191552\/revisions"}],"predecessor-version":[{"id":191553,"href":"https:\/\/www.hoymercedes.com.ar\/principal\/wp-json\/wp\/v2\/posts\/191552\/revisions\/191553"}],"wp:featuredmedia":[{"embeddable":true,"href":"https:\/\/www.hoymercedes.com.ar\/principal\/wp-json\/wp\/v2\/media\/190377"}],"wp:attachment":[{"href":"https:\/\/www.hoymercedes.com.ar\/principal\/wp-json\/wp\/v2\/media?parent=191552"}],"wp:term":[{"taxonomy":"category","embeddable":true,"href":"https:\/\/www.hoymercedes.com.ar\/principal\/wp-json\/wp\/v2\/categories?post=191552"},{"taxonomy":"post_tag","embeddable":true,"href":"https:\/\/www.hoymercedes.com.ar\/principal\/wp-json\/wp\/v2\/tags?post=191552"}],"curies":[{"name":"wp","href":"https:\/\/api.w.org\/{rel}","templated":true}]}}