{"id":191554,"date":"2026-02-05T10:49:00","date_gmt":"2026-02-05T13:49:00","guid":{"rendered":"https:\/\/www.hoymercedes.com.ar\/principal\/?p=191554"},"modified":"2026-02-02T21:54:55","modified_gmt":"2026-02-03T00:54:55","slug":"juana-cangaro-fue-convocada-a-la-seleccion-argentina-sub-20-para-el-sudamericano","status":"publish","type":"post","link":"https:\/\/www.hoymercedes.com.ar\/principal\/2026\/02\/05\/juana-cangaro-fue-convocada-a-la-seleccion-argentina-sub-20-para-el-sudamericano\/","title":{"rendered":"Juana C\u00e1ngaro fue convocada a la Selecci\u00f3n Argentina Sub-20 para el Sudamericano"},"content":{"rendered":"\n<p>La futbolista <strong>Juana C\u00e1ngaro<\/strong> fue incluida en la lista final de la <strong>Selecci\u00f3n Argentina Femenina Sub-20<\/strong> que disputar\u00e1 el <strong>Campeonato Sudamericano de la categor\u00eda<\/strong> en <strong>Paraguay<\/strong>, torneo que se jugar\u00e1 entre el <strong>4 y el 28 de febrero de 2026<\/strong> bajo la direcci\u00f3n t\u00e9cnica de <strong>Christian Meloni<\/strong> y con <strong>Clarisa Huber<\/strong> como asistente.<\/p>\n\n\n\n<figure class=\"wp-block-image size-full\"><img loading=\"lazy\" decoding=\"async\" width=\"800\" height=\"640\" data-attachment-id=\"144736\" data-permalink=\"https:\/\/www.hoymercedes.com.ar\/principal\/2022\/03\/04\/juana-cangaro-marco-el-gol-del-triunfo-de-argentina-contra-venezuela\/gol-juana-cang\/#main\" data-orig-file=\"https:\/\/www.hoymercedes.com.ar\/principal\/wp-content\/uploads\/2022\/03\/gol-juana-cang.jpeg\" data-orig-size=\"800,640\" data-comments-opened=\"0\" data-image-meta=\"{&quot;aperture&quot;:&quot;0&quot;,&quot;credit&quot;:&quot;&quot;,&quot;camera&quot;:&quot;&quot;,&quot;caption&quot;:&quot;&quot;,&quot;created_timestamp&quot;:&quot;0&quot;,&quot;copyright&quot;:&quot;&quot;,&quot;focal_length&quot;:&quot;0&quot;,&quot;iso&quot;:&quot;0&quot;,&quot;shutter_speed&quot;:&quot;0&quot;,&quot;title&quot;:&quot;&quot;,&quot;orientation&quot;:&quot;0&quot;}\" data-image-title=\"gol juana cang\" data-image-description=\"\" data-image-caption=\"\" data-large-file=\"https:\/\/www.hoymercedes.com.ar\/principal\/wp-content\/uploads\/2022\/03\/gol-juana-cang.jpeg\" src=\"https:\/\/www.hoymercedes.com.ar\/principal\/wp-content\/uploads\/2022\/03\/gol-juana-cang.jpeg\" alt=\"\" class=\"wp-image-144736\" srcset=\"https:\/\/www.hoymercedes.com.ar\/principal\/wp-content\/uploads\/2022\/03\/gol-juana-cang.jpeg 800w, https:\/\/www.hoymercedes.com.ar\/principal\/wp-content\/uploads\/2022\/03\/gol-juana-cang-630x504.jpeg 630w, https:\/\/www.hoymercedes.com.ar\/principal\/wp-content\/uploads\/2022\/03\/gol-juana-cang-150x120.jpeg 150w\" sizes=\"auto, (max-width: 800px) 100vw, 800px\" \/><\/figure>\n\n\n\n<p>La convocatoria representa un paso importante en la carrera de la joven jugadora, quien formar\u00e1 parte del plantel nacional que buscar\u00e1 <strong>clasificar a la Copa Mundial Femenina Sub-20 de la FIFA 2026<\/strong>, a disputarse en <strong>Polonia<\/strong> en septiembre. Para lograr ese objetivo, Argentina deber\u00e1 terminar entre las <strong>cuatro mejores selecciones<\/strong> de la ronda final del Sudamericano.<\/p>\n\n\n\n<p>El certamen continental se divide en <strong>dos etapas<\/strong>: una fase preliminar con diez selecciones distribuidas en <strong>dos grupos de cinco equipos<\/strong>, y una fase final en la que los mejores tres de cada zona compiten por los cupos al Mundial.<\/p>\n\n\n\n<p>El combinado nacional enfrentar\u00e1 en su grupo a <strong>Ecuador, Per\u00fa y Bolivia<\/strong>, con sedes confirmadas en los estadios <strong>Emiliano Ghezzi y Luis Alfonso Giagni<\/strong> de Paraguay.<\/p>\n\n\n\n<p>La inclusi\u00f3n de C\u00e1ngaro en el plantel sub-20 marca un hito m\u00e1s en su trayectoria deportiva, consolid\u00e1ndola como una de las promesas del f\u00fatbol juvenil femenino argentino.<\/p>\n","protected":false},"excerpt":{"rendered":"<p>La futbolista Juana C\u00e1ngaro fue incluida en la lista final de la Selecci\u00f3n Argentina Femenina Sub-20 que disputar\u00e1 el Campeonato &#8230; <a title=\"Juana C\u00e1ngaro fue convocada a la Selecci\u00f3n Argentina Sub-20 para el Sudamericano\" class=\"read-more\" href=\"https:\/\/www.hoymercedes.com.ar\/principal\/2026\/02\/05\/juana-cangaro-fue-convocada-a-la-seleccion-argentina-sub-20-para-el-sudamericano\/\" aria-label=\"Leer m\u00e1s sobre Juana C\u00e1ngaro fue convocada a la Selecci\u00f3n Argentina Sub-20 para el Sudamericano\">Leer m\u00e1s<\/a><\/p>\n","protected":false},"author":1,"featured_media":144736,"comment_status":"closed","ping_status":"open","sticky":false,"template":"","format":"standard","meta":{"_monsterinsights_skip_tracking":false,"_monsterinsights_sitenote_active":false,"_monsterinsights_sitenote_note":"","_monsterinsights_sitenote_category":0,"jetpack_post_was_ever_published":false,"_jetpack_newsletter_access":"","_jetpack_dont_email_post_to_subs":false,"_jetpack_newsletter_tier_id":0,"_jetpack_memberships_contains_paywalled_content":false,"_jetpack_memberships_contains_paid_content":false,"footnotes":"","jetpack_publicize_message":"","jetpack_publicize_feature_enabled":true,"jetpack_social_post_already_shared":true,"jetpack_social_options":{"image_generator_settings":{"template":"highway","default_image_id":0,"font":"","enabled":false},"version":2},"_wpas_customize_per_network":false},"categories":[21],"tags":[],"class_list":["post-191554","post","type-post","status-publish","format-standard","has-post-thumbnail","hentry","category-deportes","generate-columns","tablet-grid-50","mobile-grid-100","grid-parent","grid-50"],"jetpack_publicize_connections":[],"jetpack_featured_media_url":"https:\/\/www.hoymercedes.com.ar\/principal\/wp-content\/uploads\/2022\/03\/gol-juana-cang.jpeg","wps_subtitle":"","jetpack_sharing_enabled":true,"_links":{"self":[{"href":"https:\/\/www.hoymercedes.com.ar\/principal\/wp-json\/wp\/v2\/posts\/191554","targetHints":{"allow":["GET"]}}],"collection":[{"href":"https:\/\/www.hoymercedes.com.ar\/principal\/wp-json\/wp\/v2\/posts"}],"about":[{"href":"https:\/\/www.hoymercedes.com.ar\/principal\/wp-json\/wp\/v2\/types\/post"}],"author":[{"embeddable":true,"href":"https:\/\/www.hoymercedes.com.ar\/principal\/wp-json\/wp\/v2\/users\/1"}],"replies":[{"embeddable":true,"href":"https:\/\/www.hoymercedes.com.ar\/principal\/wp-json\/wp\/v2\/comments?post=191554"}],"version-history":[{"count":1,"href":"https:\/\/www.hoymercedes.com.ar\/principal\/wp-json\/wp\/v2\/posts\/191554\/revisions"}],"predecessor-version":[{"id":191555,"href":"https:\/\/www.hoymercedes.com.ar\/principal\/wp-json\/wp\/v2\/posts\/191554\/revisions\/191555"}],"wp:featuredmedia":[{"embeddable":true,"href":"https:\/\/www.hoymercedes.com.ar\/principal\/wp-json\/wp\/v2\/media\/144736"}],"wp:attachment":[{"href":"https:\/\/www.hoymercedes.com.ar\/principal\/wp-json\/wp\/v2\/media?parent=191554"}],"wp:term":[{"taxonomy":"category","embeddable":true,"href":"https:\/\/www.hoymercedes.com.ar\/principal\/wp-json\/wp\/v2\/categories?post=191554"},{"taxonomy":"post_tag","embeddable":true,"href":"https:\/\/www.hoymercedes.com.ar\/principal\/wp-json\/wp\/v2\/tags?post=191554"}],"curies":[{"name":"wp","href":"https:\/\/api.w.org\/{rel}","templated":true}]}}