{"id":191580,"date":"2026-02-05T15:53:00","date_gmt":"2026-02-05T18:53:00","guid":{"rendered":"https:\/\/www.hoymercedes.com.ar\/principal\/?p=191580"},"modified":"2026-02-05T12:46:15","modified_gmt":"2026-02-05T15:46:15","slug":"da-skate-anuncia-su-primer-tour-por-la-patagonia","status":"publish","type":"post","link":"https:\/\/www.hoymercedes.com.ar\/principal\/2026\/02\/05\/da-skate-anuncia-su-primer-tour-por-la-patagonia\/","title":{"rendered":"Da Skate anuncia su primer tour por la Patagonia"},"content":{"rendered":"\n<p>La banda de punk hardcore <strong>Da Skate<\/strong>, con origen en Mercedes (Provincia de Buenos Aires), confirm\u00f3 que realizar\u00e1 por primera vez una gira por el sur argentino que ha generado gran expectativas dentro de la escena musical alternativa nacional.<\/p>\n\n\n\n<figure class=\"wp-block-image size-full\"><img loading=\"lazy\" decoding=\"async\" width=\"630\" height=\"350\" data-attachment-id=\"191581\" data-permalink=\"https:\/\/www.hoymercedes.com.ar\/principal\/2026\/02\/05\/da-skate-anuncia-su-primer-tour-por-la-patagonia\/whatsapp-image-2026-02-03-at-13-54-00\/#main\" data-orig-file=\"https:\/\/www.hoymercedes.com.ar\/principal\/wp-content\/uploads\/2026\/02\/WhatsApp-Image-2026-02-03-at-13.54.00.jpeg\" data-orig-size=\"630,350\" data-comments-opened=\"0\" data-image-meta=\"{&quot;aperture&quot;:&quot;0&quot;,&quot;credit&quot;:&quot;&quot;,&quot;camera&quot;:&quot;&quot;,&quot;caption&quot;:&quot;&quot;,&quot;created_timestamp&quot;:&quot;0&quot;,&quot;copyright&quot;:&quot;&quot;,&quot;focal_length&quot;:&quot;0&quot;,&quot;iso&quot;:&quot;0&quot;,&quot;shutter_speed&quot;:&quot;0&quot;,&quot;title&quot;:&quot;&quot;,&quot;orientation&quot;:&quot;0&quot;}\" data-image-title=\"WhatsApp Image 2026-02-03 at 13.54.00\" data-image-description=\"\" data-image-caption=\"\" data-large-file=\"https:\/\/www.hoymercedes.com.ar\/principal\/wp-content\/uploads\/2026\/02\/WhatsApp-Image-2026-02-03-at-13.54.00.jpeg\" src=\"https:\/\/www.hoymercedes.com.ar\/principal\/wp-content\/uploads\/2026\/02\/WhatsApp-Image-2026-02-03-at-13.54.00.jpeg\" alt=\"\" class=\"wp-image-191581\" srcset=\"https:\/\/www.hoymercedes.com.ar\/principal\/wp-content\/uploads\/2026\/02\/WhatsApp-Image-2026-02-03-at-13.54.00.jpeg 630w, https:\/\/www.hoymercedes.com.ar\/principal\/wp-content\/uploads\/2026\/02\/WhatsApp-Image-2026-02-03-at-13.54.00-150x83.jpeg 150w\" sizes=\"auto, (max-width: 630px) 100vw, 630px\" \/><\/figure>\n\n\n\n<p>La serie de conciertos, denominada <strong>\u00abPatagonia Mini Tour\u00bb<\/strong>, representa el debut de la agrupaci\u00f3n en dos ciudades importantes de la regi\u00f3n patag\u00f3nica: <strong>Comodoro Rivadavia<\/strong> y <strong>Puerto Madryn<\/strong>.<\/p>\n\n\n\n<p>Con varios a\u00f1os de trayectoria en Buenos Aires y otras partes del pa\u00eds, el grupo, liderado por <strong>Leandro Flores<\/strong> en voz, llevar\u00e1 su estilo intenso los d\u00edas <strong>6 y 7 de marzo<\/strong>, combinando su propuesta musical con la filosof\u00eda de autogesti\u00f3n y colaboraci\u00f3n cultural que caracteriza al movimiento punk.<\/p>\n\n\n\n<p>El itinerario del tour incluye:<\/p>\n\n\n\n<ul class=\"wp-block-list\">\n<li><strong>6 de marzo en Comodoro Rivadavia<\/strong>, con un show en <strong>S\u00f3tano Pub<\/strong>, donde Da Skate tocar\u00e1 junto a las bandas <strong>Noask<\/strong> y <strong>Barrionuevo Hardcore<\/strong>. Las entradas anticipadas ya est\u00e1n a la venta en la plataforma <em>Al Pogo<\/em> y en Orfeo Casa de M\u00fasica.<\/li>\n\n\n\n<li><strong>7 de marzo en Puerto Madryn<\/strong>, con una presentaci\u00f3n en <strong>Club Bronx<\/strong>, un espacio clave para la escena independiente local, con tickets disponibles tambi\u00e9n online y en puntos f\u00edsicos como Osea Moda.<\/li>\n<\/ul>\n\n\n\n<p>La formaci\u00f3n que saldr\u00e1 de gira incluye, adem\u00e1s de Flores, a <strong>Marcos Di Federico<\/strong> y <strong>Nicol\u00e1s Malinosky<\/strong> en guitarras, <strong>Germ\u00e1n Pace<\/strong> en bater\u00eda y <strong>Eugenia Valle<\/strong> en bajo.<\/p>\n\n\n\n<p>Bajo el sello <strong>X El Cambio Records<\/strong>, Da Skate contin\u00faa su expansi\u00f3n musical, consolid\u00e1ndose como una de las bandas punk m\u00e1s activas del circuito independiente argentino. La respuesta de sus seguidores en redes sociales ha sido entusiasta, destacando la importancia de estos shows en lugares donde esperaban desde hace tiempo la llegada de este tipo de conciertos.<\/p>\n","protected":false},"excerpt":{"rendered":"<p>La banda de punk hardcore Da Skate, con origen en Mercedes (Provincia de Buenos Aires), confirm\u00f3 que realizar\u00e1 por primera &#8230; <a title=\"Da Skate anuncia su primer tour por la Patagonia\" class=\"read-more\" href=\"https:\/\/www.hoymercedes.com.ar\/principal\/2026\/02\/05\/da-skate-anuncia-su-primer-tour-por-la-patagonia\/\" aria-label=\"Leer m\u00e1s sobre Da Skate anuncia su primer tour por la Patagonia\">Leer m\u00e1s<\/a><\/p>\n","protected":false},"author":1,"featured_media":191581,"comment_status":"closed","ping_status":"open","sticky":false,"template":"","format":"standard","meta":{"_monsterinsights_skip_tracking":false,"_monsterinsights_sitenote_active":false,"_monsterinsights_sitenote_note":"","_monsterinsights_sitenote_category":0,"jetpack_post_was_ever_published":false,"_jetpack_newsletter_access":"","_jetpack_dont_email_post_to_subs":false,"_jetpack_newsletter_tier_id":0,"_jetpack_memberships_contains_paywalled_content":false,"_jetpack_memberships_contains_paid_content":false,"footnotes":"","jetpack_publicize_message":"","jetpack_publicize_feature_enabled":true,"jetpack_social_post_already_shared":true,"jetpack_social_options":{"image_generator_settings":{"template":"highway","default_image_id":0,"font":"","enabled":false},"version":2},"_wpas_customize_per_network":false},"categories":[104],"tags":[],"class_list":["post-191580","post","type-post","status-publish","format-standard","has-post-thumbnail","hentry","category-cultura","generate-columns","tablet-grid-50","mobile-grid-100","grid-parent","grid-50"],"jetpack_publicize_connections":[],"jetpack_featured_media_url":"https:\/\/www.hoymercedes.com.ar\/principal\/wp-content\/uploads\/2026\/02\/WhatsApp-Image-2026-02-03-at-13.54.00.jpeg","wps_subtitle":"","jetpack_sharing_enabled":true,"_links":{"self":[{"href":"https:\/\/www.hoymercedes.com.ar\/principal\/wp-json\/wp\/v2\/posts\/191580","targetHints":{"allow":["GET"]}}],"collection":[{"href":"https:\/\/www.hoymercedes.com.ar\/principal\/wp-json\/wp\/v2\/posts"}],"about":[{"href":"https:\/\/www.hoymercedes.com.ar\/principal\/wp-json\/wp\/v2\/types\/post"}],"author":[{"embeddable":true,"href":"https:\/\/www.hoymercedes.com.ar\/principal\/wp-json\/wp\/v2\/users\/1"}],"replies":[{"embeddable":true,"href":"https:\/\/www.hoymercedes.com.ar\/principal\/wp-json\/wp\/v2\/comments?post=191580"}],"version-history":[{"count":1,"href":"https:\/\/www.hoymercedes.com.ar\/principal\/wp-json\/wp\/v2\/posts\/191580\/revisions"}],"predecessor-version":[{"id":191582,"href":"https:\/\/www.hoymercedes.com.ar\/principal\/wp-json\/wp\/v2\/posts\/191580\/revisions\/191582"}],"wp:featuredmedia":[{"embeddable":true,"href":"https:\/\/www.hoymercedes.com.ar\/principal\/wp-json\/wp\/v2\/media\/191581"}],"wp:attachment":[{"href":"https:\/\/www.hoymercedes.com.ar\/principal\/wp-json\/wp\/v2\/media?parent=191580"}],"wp:term":[{"taxonomy":"category","embeddable":true,"href":"https:\/\/www.hoymercedes.com.ar\/principal\/wp-json\/wp\/v2\/categories?post=191580"},{"taxonomy":"post_tag","embeddable":true,"href":"https:\/\/www.hoymercedes.com.ar\/principal\/wp-json\/wp\/v2\/tags?post=191580"}],"curies":[{"name":"wp","href":"https:\/\/api.w.org\/{rel}","templated":true}]}}