{"id":191583,"date":"2026-02-05T10:56:00","date_gmt":"2026-02-05T13:56:00","guid":{"rendered":"https:\/\/www.hoymercedes.com.ar\/principal\/?p=191583"},"modified":"2026-02-03T13:58:53","modified_gmt":"2026-02-03T16:58:53","slug":"afa-oficializa-el-formato-de-la-primera-c-y-detalla-el-camino-al-ascenso-en-2026","status":"publish","type":"post","link":"https:\/\/www.hoymercedes.com.ar\/principal\/2026\/02\/05\/afa-oficializa-el-formato-de-la-primera-c-y-detalla-el-camino-al-ascenso-en-2026\/","title":{"rendered":"AFA oficializa el formato de la Primera C y detalla el camino al ascenso en 2026"},"content":{"rendered":"\n<p>La <strong>Asociaci\u00f3n del F\u00fatbol Argentino (AFA)<\/strong> public\u00f3 oficialmente c\u00f3mo se jugar\u00e1 la <strong>Primera Divisi\u00f3n C<\/strong> durante la temporada 2026, estableciendo el calendario, la modalidad de competencia y la manera en que se definir\u00e1n los ascensos a la <strong>Primera B<\/strong>.<\/p>\n\n\n\n<figure class=\"wp-block-image size-large\"><img loading=\"lazy\" decoding=\"async\" width=\"1024\" height=\"683\" data-attachment-id=\"191584\" data-permalink=\"https:\/\/www.hoymercedes.com.ar\/principal\/2026\/02\/05\/afa-oficializa-el-formato-de-la-primera-c-y-detalla-el-camino-al-ascenso-en-2026\/whatsapp-image-2026-02-03-at-13-58-18\/#main\" data-orig-file=\"https:\/\/www.hoymercedes.com.ar\/principal\/wp-content\/uploads\/2026\/02\/WhatsApp-Image-2026-02-03-at-13.58.18.jpeg\" data-orig-size=\"1200,800\" data-comments-opened=\"0\" data-image-meta=\"{&quot;aperture&quot;:&quot;0&quot;,&quot;credit&quot;:&quot;&quot;,&quot;camera&quot;:&quot;&quot;,&quot;caption&quot;:&quot;&quot;,&quot;created_timestamp&quot;:&quot;0&quot;,&quot;copyright&quot;:&quot;&quot;,&quot;focal_length&quot;:&quot;0&quot;,&quot;iso&quot;:&quot;0&quot;,&quot;shutter_speed&quot;:&quot;0&quot;,&quot;title&quot;:&quot;&quot;,&quot;orientation&quot;:&quot;0&quot;}\" data-image-title=\"WhatsApp Image 2026-02-03 at 13.58.18\" data-image-description=\"\" data-image-caption=\"\" data-large-file=\"https:\/\/www.hoymercedes.com.ar\/principal\/wp-content\/uploads\/2026\/02\/WhatsApp-Image-2026-02-03-at-13.58.18-1024x683.jpeg\" src=\"https:\/\/www.hoymercedes.com.ar\/principal\/wp-content\/uploads\/2026\/02\/WhatsApp-Image-2026-02-03-at-13.58.18-1024x683.jpeg\" alt=\"\" class=\"wp-image-191584\" srcset=\"https:\/\/www.hoymercedes.com.ar\/principal\/wp-content\/uploads\/2026\/02\/WhatsApp-Image-2026-02-03-at-13.58.18-1024x683.jpeg 1024w, https:\/\/www.hoymercedes.com.ar\/principal\/wp-content\/uploads\/2026\/02\/WhatsApp-Image-2026-02-03-at-13.58.18-630x420.jpeg 630w, https:\/\/www.hoymercedes.com.ar\/principal\/wp-content\/uploads\/2026\/02\/WhatsApp-Image-2026-02-03-at-13.58.18-150x100.jpeg 150w, https:\/\/www.hoymercedes.com.ar\/principal\/wp-content\/uploads\/2026\/02\/WhatsApp-Image-2026-02-03-at-13.58.18.jpeg 1200w\" sizes=\"auto, (max-width: 1024px) 100vw, 1024px\" \/><\/figure>\n\n\n\n<p>El torneo tendr\u00e1 <strong>dos zonas de 14 equipos cada una<\/strong>, en las que todos se enfrentar\u00e1n en un sistema de ida y vuelta, con fechas adicionales interzonales que aumentar\u00e1n la cantidad total de encuentros. La temporada est\u00e1 prevista para comenzar el <strong>21 de febrero<\/strong> y concluir su etapa regular en octubre, con un receso de invierno intermedio.<\/p>\n\n\n\n<h3 class=\"wp-block-heading\">\ud83c\udfc6 <strong>Ascensos y definici\u00f3n de campeones<\/strong><\/h3>\n\n\n\n<p>La AFA confirm\u00f3 que habr\u00e1 <strong>dos plazas para subir de categor\u00eda<\/strong>:<\/p>\n\n\n\n<ul class=\"wp-block-list\">\n<li><strong>Primer ascenso:<\/strong> ser\u00e1 disputado por los l\u00edderes de cada zona en una final a doble partido. El equipo con mejor rendimiento general jugar\u00e1 como local en el partido de vuelta. Si empatan en puntos y goles, el t\u00edtulo se definir\u00e1 por penales.<\/li>\n\n\n\n<li><strong>Segundo ascenso:<\/strong> se definir\u00e1 a trav\u00e9s de un <strong>Torneo Reducido<\/strong>. Participar\u00e1n los clubes ubicados entre el <strong>2\u00b0 y el 7\u00b0 puesto de cada grupo<\/strong>, junto con el equipo que pierda la final por el primer ascenso, completando as\u00ed un cuadro de 13 equipos.<\/li>\n<\/ul>\n\n\n\n<h3 class=\"wp-block-heading\">\ud83d\udcc9 <strong>Descensos y permanencia en la categor\u00eda<\/strong><\/h3>\n\n\n\n<p>En cuanto a la parte baja de la tabla, los dos equipos que queden \u00faltimos en cada zona jugar\u00e1n un partido \u00fanico en cancha neutral. El <strong>perdedor de ese duelo perder\u00e1 su afiliaci\u00f3n durante una temporada<\/strong>, mientras que el ganador deber\u00e1 disputar una <strong>serie de promoci\u00f3n ante un club del Torneo Promocional Amateur<\/strong> para conservar su lugar en la Primera C.<\/p>\n","protected":false},"excerpt":{"rendered":"<p>La Asociaci\u00f3n del F\u00fatbol Argentino (AFA) public\u00f3 oficialmente c\u00f3mo se jugar\u00e1 la Primera Divisi\u00f3n C durante la temporada 2026, estableciendo &#8230; <a title=\"AFA oficializa el formato de la Primera C y detalla el camino al ascenso en 2026\" class=\"read-more\" href=\"https:\/\/www.hoymercedes.com.ar\/principal\/2026\/02\/05\/afa-oficializa-el-formato-de-la-primera-c-y-detalla-el-camino-al-ascenso-en-2026\/\" aria-label=\"Leer m\u00e1s sobre AFA oficializa el formato de la Primera C y detalla el camino al ascenso en 2026\">Leer m\u00e1s<\/a><\/p>\n","protected":false},"author":1,"featured_media":191584,"comment_status":"closed","ping_status":"open","sticky":false,"template":"","format":"standard","meta":{"_monsterinsights_skip_tracking":false,"_monsterinsights_sitenote_active":false,"_monsterinsights_sitenote_note":"","_monsterinsights_sitenote_category":0,"jetpack_post_was_ever_published":false,"_jetpack_newsletter_access":"","_jetpack_dont_email_post_to_subs":false,"_jetpack_newsletter_tier_id":0,"_jetpack_memberships_contains_paywalled_content":false,"_jetpack_memberships_contains_paid_content":false,"footnotes":"","jetpack_publicize_message":"","jetpack_publicize_feature_enabled":true,"jetpack_social_post_already_shared":true,"jetpack_social_options":{"image_generator_settings":{"template":"highway","default_image_id":0,"font":"","enabled":false},"version":2},"_wpas_customize_per_network":false},"categories":[21],"tags":[],"class_list":["post-191583","post","type-post","status-publish","format-standard","has-post-thumbnail","hentry","category-deportes","generate-columns","tablet-grid-50","mobile-grid-100","grid-parent","grid-50"],"jetpack_publicize_connections":[],"jetpack_featured_media_url":"https:\/\/www.hoymercedes.com.ar\/principal\/wp-content\/uploads\/2026\/02\/WhatsApp-Image-2026-02-03-at-13.58.18.jpeg","wps_subtitle":"","jetpack_sharing_enabled":true,"_links":{"self":[{"href":"https:\/\/www.hoymercedes.com.ar\/principal\/wp-json\/wp\/v2\/posts\/191583","targetHints":{"allow":["GET"]}}],"collection":[{"href":"https:\/\/www.hoymercedes.com.ar\/principal\/wp-json\/wp\/v2\/posts"}],"about":[{"href":"https:\/\/www.hoymercedes.com.ar\/principal\/wp-json\/wp\/v2\/types\/post"}],"author":[{"embeddable":true,"href":"https:\/\/www.hoymercedes.com.ar\/principal\/wp-json\/wp\/v2\/users\/1"}],"replies":[{"embeddable":true,"href":"https:\/\/www.hoymercedes.com.ar\/principal\/wp-json\/wp\/v2\/comments?post=191583"}],"version-history":[{"count":1,"href":"https:\/\/www.hoymercedes.com.ar\/principal\/wp-json\/wp\/v2\/posts\/191583\/revisions"}],"predecessor-version":[{"id":191585,"href":"https:\/\/www.hoymercedes.com.ar\/principal\/wp-json\/wp\/v2\/posts\/191583\/revisions\/191585"}],"wp:featuredmedia":[{"embeddable":true,"href":"https:\/\/www.hoymercedes.com.ar\/principal\/wp-json\/wp\/v2\/media\/191584"}],"wp:attachment":[{"href":"https:\/\/www.hoymercedes.com.ar\/principal\/wp-json\/wp\/v2\/media?parent=191583"}],"wp:term":[{"taxonomy":"category","embeddable":true,"href":"https:\/\/www.hoymercedes.com.ar\/principal\/wp-json\/wp\/v2\/categories?post=191583"},{"taxonomy":"post_tag","embeddable":true,"href":"https:\/\/www.hoymercedes.com.ar\/principal\/wp-json\/wp\/v2\/tags?post=191583"}],"curies":[{"name":"wp","href":"https:\/\/api.w.org\/{rel}","templated":true}]}}