{"id":191592,"date":"2026-02-03T17:44:02","date_gmt":"2026-02-03T20:44:02","guid":{"rendered":"https:\/\/www.hoymercedes.com.ar\/principal\/?p=191592"},"modified":"2026-02-03T17:44:04","modified_gmt":"2026-02-03T20:44:04","slug":"se-pone-en-marcha-la-policia-judicial-en-el-depto-judicial-de-mercedes","status":"publish","type":"post","link":"https:\/\/www.hoymercedes.com.ar\/principal\/2026\/02\/03\/se-pone-en-marcha-la-policia-judicial-en-el-depto-judicial-de-mercedes\/","title":{"rendered":"Se pone en marcha la Polic\u00eda Judicial en el Depto Judicial de Mercedes"},"content":{"rendered":"\n<p>Desde el Colegio de Abogados del Departamento Judicial Mercedes resaltaron la relevancia y puesta en marche de la Polic\u00eda Judicial de la regi\u00f3n. De acuerdo a la informaci\u00f3n enviada por los letrados, el Procurador General de la SCBA, Dr. Conte Grand, dict\u00f3 la Resoluci\u00f3n PG N.\u00ba 100\/26, mediante la cual se aprob\u00f3 la estructura org\u00e1nica y funcional de la Polic\u00eda Judicial.<\/p>\n\n\n<div class=\"wp-block-image\">\n<figure class=\"aligncenter size-full\"><img loading=\"lazy\" decoding=\"async\" width=\"980\" height=\"653\" data-attachment-id=\"191596\" data-permalink=\"https:\/\/www.hoymercedes.com.ar\/principal\/2026\/02\/03\/se-pone-en-marcha-la-policia-judicial-en-el-depto-judicial-de-mercedes\/image-199\/#main\" data-orig-file=\"https:\/\/www.hoymercedes.com.ar\/principal\/wp-content\/uploads\/2026\/02\/image-2.png\" data-orig-size=\"980,653\" data-comments-opened=\"0\" data-image-meta=\"{&quot;aperture&quot;:&quot;0&quot;,&quot;credit&quot;:&quot;&quot;,&quot;camera&quot;:&quot;&quot;,&quot;caption&quot;:&quot;&quot;,&quot;created_timestamp&quot;:&quot;0&quot;,&quot;copyright&quot;:&quot;&quot;,&quot;focal_length&quot;:&quot;0&quot;,&quot;iso&quot;:&quot;0&quot;,&quot;shutter_speed&quot;:&quot;0&quot;,&quot;title&quot;:&quot;&quot;,&quot;orientation&quot;:&quot;0&quot;}\" data-image-title=\"image\" data-image-description=\"\" data-image-caption=\"\" data-large-file=\"https:\/\/www.hoymercedes.com.ar\/principal\/wp-content\/uploads\/2026\/02\/image-2.png\" src=\"https:\/\/www.hoymercedes.com.ar\/principal\/wp-content\/uploads\/2026\/02\/image-2.png\" alt=\"\" class=\"wp-image-191596\" srcset=\"https:\/\/www.hoymercedes.com.ar\/principal\/wp-content\/uploads\/2026\/02\/image-2.png 980w, https:\/\/www.hoymercedes.com.ar\/principal\/wp-content\/uploads\/2026\/02\/image-2-630x420.png 630w, https:\/\/www.hoymercedes.com.ar\/principal\/wp-content\/uploads\/2026\/02\/image-2-150x100.png 150w\" sizes=\"auto, (max-width: 980px) 100vw, 980px\" \/><\/figure>\n<\/div>\n\n\n<p>D\u00edas previos, el 15 de diciembre de 2025 se tom\u00f3 juramento a los integrantes de la nueva fuerza. El Departamento Judicial de Mercedes integra la Regi\u00f3n 4, junto con Jun\u00edn, Pergamino, San Nicol\u00e1s y Trenque Lauquen. La coordinaci\u00f3n regional estar\u00e1 a cargo del Lic. Sergio Orlando Torcigliani.<\/p>\n\n\n\n<p>\u00bfQu\u00e9 es la Polic\u00eda Judicial?<br>Es una instituci\u00f3n civil t\u00e9cnico-cient\u00edfica, organizada jer\u00e1rquicamente, que asiste al Ministerio P\u00fablico Fiscal en la b\u00fasqueda, recolecci\u00f3n, preservaci\u00f3n y an\u00e1lisis de pruebas en determinados procesos penales. Las fiscal\u00edas generales podr\u00e1n disponer su intervenci\u00f3n priorizando causas complejas, de repercusi\u00f3n p\u00fablica y aquellas que investiguen a miembros de fuerzas de seguridad.<\/p>\n\n\n\n<p>La Polic\u00eda Judicial fue creada por la Ley N.\u00ba 15.005 (modificada por la Ley N.\u00ba 15.023), en cumplimiento del art. 166 de la Constituci\u00f3n de la Provincia de Buenos Aires, y depende funcional y org\u00e1nicamente del Ministerio P\u00fablico.<\/p>\n\n\n\n<p>La conducci\u00f3n est\u00e1 integrada por un Director General y dos Subdirectores: uno a cargo del \u00e1rea t\u00e9cnico-cient\u00edfica (pericias) y otro del \u00e1rea de investigaciones (detectives).<\/p>\n\n\n\n<p>Dada la extensi\u00f3n territorial de la Provincia, el cuerpo funciona de manera descentralizada por regiones, con coordinadores que dirigen localmente peritos e investigadores.<\/p>\n\n\n\n<p>La implementaci\u00f3n es progresiva y se apoya en resoluciones previas que integran laboratorios forenses, \u00e1reas periciales y el Estatuto de la Polic\u00eda Judicial aprobado en 2021, que regula derechos, deberes, carrera profesional y r\u00e9gimen escalafonario.<\/p>\n","protected":false},"excerpt":{"rendered":"<p>Desde el Colegio de Abogados del Departamento Judicial Mercedes resaltaron la relevancia y puesta en marche de la Polic\u00eda Judicial &#8230; <a title=\"Se pone en marcha la Polic\u00eda Judicial en el Depto Judicial de Mercedes\" class=\"read-more\" href=\"https:\/\/www.hoymercedes.com.ar\/principal\/2026\/02\/03\/se-pone-en-marcha-la-policia-judicial-en-el-depto-judicial-de-mercedes\/\" aria-label=\"Leer m\u00e1s sobre Se pone en marcha la Polic\u00eda Judicial en el Depto Judicial de Mercedes\">Leer m\u00e1s<\/a><\/p>\n","protected":false},"author":1,"featured_media":191596,"comment_status":"closed","ping_status":"open","sticky":false,"template":"","format":"standard","meta":{"_monsterinsights_skip_tracking":false,"_monsterinsights_sitenote_active":false,"_monsterinsights_sitenote_note":"","_monsterinsights_sitenote_category":0,"jetpack_post_was_ever_published":false,"_jetpack_newsletter_access":"","_jetpack_dont_email_post_to_subs":false,"_jetpack_newsletter_tier_id":0,"_jetpack_memberships_contains_paywalled_content":false,"_jetpack_memberships_contains_paid_content":false,"footnotes":"","jetpack_publicize_message":"","jetpack_publicize_feature_enabled":true,"jetpack_social_post_already_shared":true,"jetpack_social_options":{"image_generator_settings":{"template":"highway","default_image_id":0,"font":"","enabled":false},"version":2},"_wpas_customize_per_network":false},"categories":[8,85],"tags":[],"class_list":["post-191592","post","type-post","status-publish","format-standard","has-post-thumbnail","hentry","category-sociedad","category-policial","generate-columns","tablet-grid-50","mobile-grid-100","grid-parent","grid-50"],"jetpack_publicize_connections":[],"jetpack_featured_media_url":"https:\/\/www.hoymercedes.com.ar\/principal\/wp-content\/uploads\/2026\/02\/image-2.png","wps_subtitle":"","jetpack_sharing_enabled":true,"_links":{"self":[{"href":"https:\/\/www.hoymercedes.com.ar\/principal\/wp-json\/wp\/v2\/posts\/191592","targetHints":{"allow":["GET"]}}],"collection":[{"href":"https:\/\/www.hoymercedes.com.ar\/principal\/wp-json\/wp\/v2\/posts"}],"about":[{"href":"https:\/\/www.hoymercedes.com.ar\/principal\/wp-json\/wp\/v2\/types\/post"}],"author":[{"embeddable":true,"href":"https:\/\/www.hoymercedes.com.ar\/principal\/wp-json\/wp\/v2\/users\/1"}],"replies":[{"embeddable":true,"href":"https:\/\/www.hoymercedes.com.ar\/principal\/wp-json\/wp\/v2\/comments?post=191592"}],"version-history":[{"count":3,"href":"https:\/\/www.hoymercedes.com.ar\/principal\/wp-json\/wp\/v2\/posts\/191592\/revisions"}],"predecessor-version":[{"id":191597,"href":"https:\/\/www.hoymercedes.com.ar\/principal\/wp-json\/wp\/v2\/posts\/191592\/revisions\/191597"}],"wp:featuredmedia":[{"embeddable":true,"href":"https:\/\/www.hoymercedes.com.ar\/principal\/wp-json\/wp\/v2\/media\/191596"}],"wp:attachment":[{"href":"https:\/\/www.hoymercedes.com.ar\/principal\/wp-json\/wp\/v2\/media?parent=191592"}],"wp:term":[{"taxonomy":"category","embeddable":true,"href":"https:\/\/www.hoymercedes.com.ar\/principal\/wp-json\/wp\/v2\/categories?post=191592"},{"taxonomy":"post_tag","embeddable":true,"href":"https:\/\/www.hoymercedes.com.ar\/principal\/wp-json\/wp\/v2\/tags?post=191592"}],"curies":[{"name":"wp","href":"https:\/\/api.w.org\/{rel}","templated":true}]}}