{"id":191625,"date":"2026-02-04T11:13:28","date_gmt":"2026-02-04T14:13:28","guid":{"rendered":"https:\/\/www.hoymercedes.com.ar\/principal\/?p=191625"},"modified":"2026-02-04T11:13:30","modified_gmt":"2026-02-04T14:13:30","slug":"pinta-verano-la-apuesta-autogestiva-que-refresca-la-noche-en-mercedes","status":"publish","type":"post","link":"https:\/\/www.hoymercedes.com.ar\/principal\/2026\/02\/04\/pinta-verano-la-apuesta-autogestiva-que-refresca-la-noche-en-mercedes\/","title":{"rendered":"\u00abPinta Verano\u00bb: La apuesta autogestiva que refresca la noche en Mercedes"},"content":{"rendered":"\n<figure class=\"wp-block-image size-full is-resized\"><img loading=\"lazy\" decoding=\"async\" width=\"369\" height=\"246\" data-attachment-id=\"191626\" data-permalink=\"https:\/\/www.hoymercedes.com.ar\/principal\/2026\/02\/04\/pinta-verano-la-apuesta-autogestiva-que-refresca-la-noche-en-mercedes\/c2-3\/#main\" data-orig-file=\"https:\/\/www.hoymercedes.com.ar\/principal\/wp-content\/uploads\/2026\/02\/C2.jpg\" data-orig-size=\"369,246\" data-comments-opened=\"0\" data-image-meta=\"{&quot;aperture&quot;:&quot;0&quot;,&quot;credit&quot;:&quot;&quot;,&quot;camera&quot;:&quot;&quot;,&quot;caption&quot;:&quot;&quot;,&quot;created_timestamp&quot;:&quot;0&quot;,&quot;copyright&quot;:&quot;&quot;,&quot;focal_length&quot;:&quot;0&quot;,&quot;iso&quot;:&quot;0&quot;,&quot;shutter_speed&quot;:&quot;0&quot;,&quot;title&quot;:&quot;&quot;,&quot;orientation&quot;:&quot;0&quot;}\" data-image-title=\"C2\" data-image-description=\"\" data-image-caption=\"\" data-large-file=\"https:\/\/www.hoymercedes.com.ar\/principal\/wp-content\/uploads\/2026\/02\/C2.jpg\" src=\"https:\/\/www.hoymercedes.com.ar\/principal\/wp-content\/uploads\/2026\/02\/C2.jpg\" alt=\"\" class=\"wp-image-191626\" style=\"width:1034px;height:auto\" srcset=\"https:\/\/www.hoymercedes.com.ar\/principal\/wp-content\/uploads\/2026\/02\/C2.jpg 369w, https:\/\/www.hoymercedes.com.ar\/principal\/wp-content\/uploads\/2026\/02\/C2-150x100.jpg 150w\" sizes=\"auto, (max-width: 369px) 100vw, 369px\" \/><\/figure>\n\n\n\n<p>Este s\u00e1bado, el Anfiteatro Municipal se convierte en el epicentro de la producci\u00f3n independiente local con una nueva edici\u00f3n del evento organizado por la Asociaci\u00f3n de Cerveceros Mercedinos.<\/p>\n\n\n\n<p>La ciudad de Mercedes se prepara para vivir una jornada donde la identidad local y el trabajo comunitario son los protagonistas. Bajo la consigna de <strong>\u00abCultura Viva\u00bb, <\/strong>llega <strong>Pinta Verano<\/strong>, un evento que destaca por ser \u00edntegramente autogestivo, demostrando el poder de la organizaci\u00f3n colectiva frente a las propuestas comerciales tradicionales.<\/p>\n\n\n\n<p><strong>El valor de lo propio<\/strong><\/p>\n\n\n\n<p>A diferencia de otros festivales, Pinta Verano surge del esfuerzo coordinado de la Asociaci\u00f3n de Cerveceros Mercedinos. Esta naturaleza autogestiva no solo garantiza la calidad de los productos, sino que asegura que el impacto econ\u00f3mico y cultural quede directamente en manos de los trabajadores de la regi\u00f3n. Cuenta con el apoyo de la municipalidad, pero el rol clave es de las y los protagonistas, narr\u00f3 Jimena Rivas, directora de cultura.<\/p>\n\n\n\n<p><strong>Encuentro<\/strong><\/p>\n\n\n\n<p>El encuentro tendr\u00e1 lugar este s\u00e1bado 7 de febrero, a partir de las 19:00 hs, en el emblem\u00e1tico Anfiteatro Municipal (ubicado en Calle 42 y Av. 29). La entrada al predio permitir\u00e1 a las y los asistentes disfrutar de una experiencia que combina gastronom\u00eda, arte y producci\u00f3n artesanal.<\/p>\n\n\n\n<p><strong>Disfrutar<\/strong><\/p>\n\n\n\n<p>La oferta del evento est\u00e1 dise\u00f1ada para resaltar el talento local. &nbsp;<\/p>\n\n\n\n<p>Cerveza Artesanal: Una selecci\u00f3n de las mejores variedades producidas en la zona por los propios organizadores.<\/p>\n\n\n\n<p>Gastronom\u00eda: Diversos foodtrucks acompa\u00f1ar\u00e1n la jornada con opciones para todos los gustos.<\/p>\n\n\n\n<p>Escenario en vivo: La m\u00fasica ser\u00e1 el hilo conductor de la noche con una grilla variada que incluye a The Paris (Cumbia), Todos contra Jaime (Cumbia), Facu Zammitto y el set de DJ Ricky.<\/p>\n\n\n\n<p><strong>Espacio<\/strong><\/p>\n\n\n\n<p>M\u00e1s all\u00e1 de ser un \u00abplanazo de verano\u00bb, el Pinta Verano se consolida como un espacio de resistencia y celebraci\u00f3n de la cultura viva. El apoyo de la Municipalidad de Mercedes como acompa\u00f1ante del evento refuerza la importancia de que el Estado respalde las iniciativas que nacen desde la propia comunidad organizada.<\/p>\n\n\n\n<p>La invitaci\u00f3n est\u00e1 hecha: una noche para brindar con lo nuestro, apoyar la autogesti\u00f3n y disfrutar de un espect\u00e1culo de calidad en un entorno natural \u00fanico.<\/p>\n","protected":false},"excerpt":{"rendered":"<p>Este s\u00e1bado, el Anfiteatro Municipal se convierte en el epicentro de la producci\u00f3n independiente local con una nueva edici\u00f3n del &#8230; <a title=\"\u00abPinta Verano\u00bb: La apuesta autogestiva que refresca la noche en Mercedes\" class=\"read-more\" href=\"https:\/\/www.hoymercedes.com.ar\/principal\/2026\/02\/04\/pinta-verano-la-apuesta-autogestiva-que-refresca-la-noche-en-mercedes\/\" aria-label=\"Leer m\u00e1s sobre \u00abPinta Verano\u00bb: La apuesta autogestiva que refresca la noche en Mercedes\">Leer m\u00e1s<\/a><\/p>\n","protected":false},"author":1,"featured_media":191627,"comment_status":"closed","ping_status":"open","sticky":false,"template":"","format":"standard","meta":{"_monsterinsights_skip_tracking":false,"_monsterinsights_sitenote_active":false,"_monsterinsights_sitenote_note":"","_monsterinsights_sitenote_category":0,"jetpack_post_was_ever_published":false,"_jetpack_newsletter_access":"","_jetpack_dont_email_post_to_subs":false,"_jetpack_newsletter_tier_id":0,"_jetpack_memberships_contains_paywalled_content":false,"_jetpack_memberships_contains_paid_content":false,"footnotes":"","jetpack_publicize_message":"","jetpack_publicize_feature_enabled":true,"jetpack_social_post_already_shared":true,"jetpack_social_options":{"image_generator_settings":{"template":"highway","default_image_id":0,"font":"","enabled":false},"version":2},"_wpas_customize_per_network":false},"categories":[8],"tags":[],"class_list":["post-191625","post","type-post","status-publish","format-standard","has-post-thumbnail","hentry","category-sociedad","generate-columns","tablet-grid-50","mobile-grid-100","grid-parent","grid-50"],"jetpack_publicize_connections":[],"jetpack_featured_media_url":"https:\/\/www.hoymercedes.com.ar\/principal\/wp-content\/uploads\/2026\/02\/Cerveceros.jpg","wps_subtitle":"","jetpack_sharing_enabled":true,"_links":{"self":[{"href":"https:\/\/www.hoymercedes.com.ar\/principal\/wp-json\/wp\/v2\/posts\/191625","targetHints":{"allow":["GET"]}}],"collection":[{"href":"https:\/\/www.hoymercedes.com.ar\/principal\/wp-json\/wp\/v2\/posts"}],"about":[{"href":"https:\/\/www.hoymercedes.com.ar\/principal\/wp-json\/wp\/v2\/types\/post"}],"author":[{"embeddable":true,"href":"https:\/\/www.hoymercedes.com.ar\/principal\/wp-json\/wp\/v2\/users\/1"}],"replies":[{"embeddable":true,"href":"https:\/\/www.hoymercedes.com.ar\/principal\/wp-json\/wp\/v2\/comments?post=191625"}],"version-history":[{"count":1,"href":"https:\/\/www.hoymercedes.com.ar\/principal\/wp-json\/wp\/v2\/posts\/191625\/revisions"}],"predecessor-version":[{"id":191628,"href":"https:\/\/www.hoymercedes.com.ar\/principal\/wp-json\/wp\/v2\/posts\/191625\/revisions\/191628"}],"wp:featuredmedia":[{"embeddable":true,"href":"https:\/\/www.hoymercedes.com.ar\/principal\/wp-json\/wp\/v2\/media\/191627"}],"wp:attachment":[{"href":"https:\/\/www.hoymercedes.com.ar\/principal\/wp-json\/wp\/v2\/media?parent=191625"}],"wp:term":[{"taxonomy":"category","embeddable":true,"href":"https:\/\/www.hoymercedes.com.ar\/principal\/wp-json\/wp\/v2\/categories?post=191625"},{"taxonomy":"post_tag","embeddable":true,"href":"https:\/\/www.hoymercedes.com.ar\/principal\/wp-json\/wp\/v2\/tags?post=191625"}],"curies":[{"name":"wp","href":"https:\/\/api.w.org\/{rel}","templated":true}]}}