{"id":191629,"date":"2026-02-04T12:42:52","date_gmt":"2026-02-04T15:42:52","guid":{"rendered":"https:\/\/www.hoymercedes.com.ar\/principal\/?p=191629"},"modified":"2026-02-04T18:14:21","modified_gmt":"2026-02-04T21:14:21","slug":"se-viene-cor-tan2-sed-mana-semana-con-musica-e-invitados-especiales","status":"publish","type":"post","link":"https:\/\/www.hoymercedes.com.ar\/principal\/2026\/02\/04\/se-viene-cor-tan2-sed-mana-semana-con-musica-e-invitados-especiales\/","title":{"rendered":"Se viene \u201cCor-Tan2-Sed-Mana\u201d semana con m\u00fasica e invitados especiales"},"content":{"rendered":"\n<figure class=\"wp-block-image size-large is-resized\"><img loading=\"lazy\" decoding=\"async\" width=\"1024\" height=\"573\" data-attachment-id=\"191630\" data-permalink=\"https:\/\/www.hoymercedes.com.ar\/principal\/2026\/02\/04\/se-viene-cor-tan2-sed-mana-semana-con-musica-e-invitados-especiales\/captura-de-pantalla-2026-02-04-123450\/#main\" data-orig-file=\"https:\/\/www.hoymercedes.com.ar\/principal\/wp-content\/uploads\/2026\/02\/Captura-de-pantalla-2026-02-04-123450.png\" data-orig-size=\"1886,1055\" data-comments-opened=\"0\" data-image-meta=\"{&quot;aperture&quot;:&quot;0&quot;,&quot;credit&quot;:&quot;&quot;,&quot;camera&quot;:&quot;&quot;,&quot;caption&quot;:&quot;&quot;,&quot;created_timestamp&quot;:&quot;0&quot;,&quot;copyright&quot;:&quot;&quot;,&quot;focal_length&quot;:&quot;0&quot;,&quot;iso&quot;:&quot;0&quot;,&quot;shutter_speed&quot;:&quot;0&quot;,&quot;title&quot;:&quot;&quot;,&quot;orientation&quot;:&quot;0&quot;}\" data-image-title=\"Se viene \u201cCorta 2\u201d semana con m\u00fasica e invitados especiales\" data-image-description=\"&lt;p&gt;Se viene \u201cCorta 2\u201d semana con m\u00fasica e invitados especiales&lt;\/p&gt;\n\" data-image-caption=\"&lt;p&gt;Se viene \u201cCorta 2\u201d semana con m\u00fasica e invitados especiales&lt;\/p&gt;\n\" data-large-file=\"https:\/\/www.hoymercedes.com.ar\/principal\/wp-content\/uploads\/2026\/02\/Captura-de-pantalla-2026-02-04-123450-1024x573.png\" src=\"https:\/\/www.hoymercedes.com.ar\/principal\/wp-content\/uploads\/2026\/02\/Captura-de-pantalla-2026-02-04-123450-1024x573.png\" alt=\"\" class=\"wp-image-191630\" style=\"width:1047px;height:auto\" srcset=\"https:\/\/www.hoymercedes.com.ar\/principal\/wp-content\/uploads\/2026\/02\/Captura-de-pantalla-2026-02-04-123450-1024x573.png 1024w, https:\/\/www.hoymercedes.com.ar\/principal\/wp-content\/uploads\/2026\/02\/Captura-de-pantalla-2026-02-04-123450-630x352.png 630w, https:\/\/www.hoymercedes.com.ar\/principal\/wp-content\/uploads\/2026\/02\/Captura-de-pantalla-2026-02-04-123450-150x84.png 150w, https:\/\/www.hoymercedes.com.ar\/principal\/wp-content\/uploads\/2026\/02\/Captura-de-pantalla-2026-02-04-123450-1536x859.png 1536w, https:\/\/www.hoymercedes.com.ar\/principal\/wp-content\/uploads\/2026\/02\/Captura-de-pantalla-2026-02-04-123450.png 1886w\" sizes=\"auto, (max-width: 1024px) 100vw, 1024px\" \/><\/figure>\n\n\n\n<p>Esta noche regresa el cl\u00e1sico de \u201cOveja Streaming\u201d que fue un \u00e9xito el a\u00f1o pasado. Nuevamente apostando a la buena m\u00fasica en vivo, invitados especiales y el entretenimiento con la conducci\u00f3n de Pitu Calzetta y un gran equipo t\u00e9cnico. <\/p>\n\n\n\n<p>En esta primera edici\u00f3n estar\u00e1n entrevistando a Marcos Paj\u00f3n, creador de The Paris, que el finde estar\u00e1n en la \u201cPinta Verano\u201d en el Anfiteatro, adelantando lo que ser\u00e1 el show y lo mucho que viene trabajando, adem\u00e1s de sus experiencias con Jambao, donde actualmente es su guitarrista, con pasos por Grupo Red, Grupo Green, entre otros de renombre nacional.<\/p>\n\n\n\n<p>La propuesta, encabezada por Pitu Calzzeta, que cerr\u00f3 un gran 2025 con distintos programas y transmisiones especiales desde Oveja Negra Streaming, es para que esta noche se sumen todos a disfrutar de una gran propuesta visual, con un estudio totalmente renovado y con miras al crecimiento del canal.<\/p>\n","protected":false},"excerpt":{"rendered":"<p>Esta noche regresa el cl\u00e1sico de \u201cOveja Streaming\u201d que fue un \u00e9xito el a\u00f1o pasado. Nuevamente apostando a la buena &#8230; <a title=\"Se viene \u201cCor-Tan2-Sed-Mana\u201d semana con m\u00fasica e invitados especiales\" class=\"read-more\" href=\"https:\/\/www.hoymercedes.com.ar\/principal\/2026\/02\/04\/se-viene-cor-tan2-sed-mana-semana-con-musica-e-invitados-especiales\/\" aria-label=\"Leer m\u00e1s sobre Se viene \u201cCor-Tan2-Sed-Mana\u201d semana con m\u00fasica e invitados especiales\">Leer m\u00e1s<\/a><\/p>\n","protected":false},"author":1,"featured_media":191630,"comment_status":"closed","ping_status":"open","sticky":false,"template":"","format":"standard","meta":{"_monsterinsights_skip_tracking":false,"_monsterinsights_sitenote_active":false,"_monsterinsights_sitenote_note":"","_monsterinsights_sitenote_category":0,"jetpack_post_was_ever_published":false,"_jetpack_newsletter_access":"","_jetpack_dont_email_post_to_subs":false,"_jetpack_newsletter_tier_id":0,"_jetpack_memberships_contains_paywalled_content":false,"_jetpack_memberships_contains_paid_content":false,"footnotes":"","jetpack_publicize_message":"","jetpack_publicize_feature_enabled":true,"jetpack_social_post_already_shared":true,"jetpack_social_options":{"image_generator_settings":{"template":"highway","default_image_id":0,"font":"","enabled":false},"version":2},"_wpas_customize_per_network":false},"categories":[104],"tags":[],"class_list":["post-191629","post","type-post","status-publish","format-standard","has-post-thumbnail","hentry","category-cultura","generate-columns","tablet-grid-50","mobile-grid-100","grid-parent","grid-50"],"jetpack_publicize_connections":[],"jetpack_featured_media_url":"https:\/\/www.hoymercedes.com.ar\/principal\/wp-content\/uploads\/2026\/02\/Captura-de-pantalla-2026-02-04-123450.png","wps_subtitle":"","jetpack_sharing_enabled":true,"_links":{"self":[{"href":"https:\/\/www.hoymercedes.com.ar\/principal\/wp-json\/wp\/v2\/posts\/191629","targetHints":{"allow":["GET"]}}],"collection":[{"href":"https:\/\/www.hoymercedes.com.ar\/principal\/wp-json\/wp\/v2\/posts"}],"about":[{"href":"https:\/\/www.hoymercedes.com.ar\/principal\/wp-json\/wp\/v2\/types\/post"}],"author":[{"embeddable":true,"href":"https:\/\/www.hoymercedes.com.ar\/principal\/wp-json\/wp\/v2\/users\/1"}],"replies":[{"embeddable":true,"href":"https:\/\/www.hoymercedes.com.ar\/principal\/wp-json\/wp\/v2\/comments?post=191629"}],"version-history":[{"count":3,"href":"https:\/\/www.hoymercedes.com.ar\/principal\/wp-json\/wp\/v2\/posts\/191629\/revisions"}],"predecessor-version":[{"id":191640,"href":"https:\/\/www.hoymercedes.com.ar\/principal\/wp-json\/wp\/v2\/posts\/191629\/revisions\/191640"}],"wp:featuredmedia":[{"embeddable":true,"href":"https:\/\/www.hoymercedes.com.ar\/principal\/wp-json\/wp\/v2\/media\/191630"}],"wp:attachment":[{"href":"https:\/\/www.hoymercedes.com.ar\/principal\/wp-json\/wp\/v2\/media?parent=191629"}],"wp:term":[{"taxonomy":"category","embeddable":true,"href":"https:\/\/www.hoymercedes.com.ar\/principal\/wp-json\/wp\/v2\/categories?post=191629"},{"taxonomy":"post_tag","embeddable":true,"href":"https:\/\/www.hoymercedes.com.ar\/principal\/wp-json\/wp\/v2\/tags?post=191629"}],"curies":[{"name":"wp","href":"https:\/\/api.w.org\/{rel}","templated":true}]}}