{"id":191648,"date":"2026-02-07T09:14:00","date_gmt":"2026-02-07T12:14:00","guid":{"rendered":"https:\/\/www.hoymercedes.com.ar\/principal\/?p=191648"},"modified":"2026-02-05T10:16:00","modified_gmt":"2026-02-05T13:16:00","slug":"el-rio-lujan-muestra-signos-de-recuperacion","status":"publish","type":"post","link":"https:\/\/www.hoymercedes.com.ar\/principal\/2026\/02\/07\/el-rio-lujan-muestra-signos-de-recuperacion\/","title":{"rendered":"El r\u00edo Luj\u00e1n muestra signos de recuperaci\u00f3n"},"content":{"rendered":"\n<p>Despu\u00e9s de a\u00f1os en que el cauce del r\u00edo Luj\u00e1n parec\u00eda casi desierto de vida, ahora se observa un notable regreso de peces y de personas interesadas en la pesca recreativa en tramos donde antes apenas hab\u00eda agua visible. Bagres, mojarras y s\u00e1balos, e incluso capturas inusuales como dorados, est\u00e1n despertando entusiasmo entre los pescadores que vuelven a acercarse a sus orillas.<\/p>\n\n\n\n<figure class=\"wp-block-image size-full\"><img loading=\"lazy\" decoding=\"async\" width=\"898\" height=\"507\" data-attachment-id=\"191649\" data-permalink=\"https:\/\/www.hoymercedes.com.ar\/principal\/2026\/02\/07\/el-rio-lujan-muestra-signos-de-recuperacion\/whatsapp-image-2026-02-05-at-10-15-06\/#main\" data-orig-file=\"https:\/\/www.hoymercedes.com.ar\/principal\/wp-content\/uploads\/2026\/02\/WhatsApp-Image-2026-02-05-at-10.15.06.jpeg\" data-orig-size=\"898,507\" data-comments-opened=\"0\" data-image-meta=\"{&quot;aperture&quot;:&quot;0&quot;,&quot;credit&quot;:&quot;&quot;,&quot;camera&quot;:&quot;&quot;,&quot;caption&quot;:&quot;&quot;,&quot;created_timestamp&quot;:&quot;0&quot;,&quot;copyright&quot;:&quot;&quot;,&quot;focal_length&quot;:&quot;0&quot;,&quot;iso&quot;:&quot;0&quot;,&quot;shutter_speed&quot;:&quot;0&quot;,&quot;title&quot;:&quot;&quot;,&quot;orientation&quot;:&quot;0&quot;}\" data-image-title=\"WhatsApp Image 2026-02-05 at 10.15.06\" data-image-description=\"\" data-image-caption=\"\" data-large-file=\"https:\/\/www.hoymercedes.com.ar\/principal\/wp-content\/uploads\/2026\/02\/WhatsApp-Image-2026-02-05-at-10.15.06.jpeg\" src=\"https:\/\/www.hoymercedes.com.ar\/principal\/wp-content\/uploads\/2026\/02\/WhatsApp-Image-2026-02-05-at-10.15.06.jpeg\" alt=\"\" class=\"wp-image-191649\" srcset=\"https:\/\/www.hoymercedes.com.ar\/principal\/wp-content\/uploads\/2026\/02\/WhatsApp-Image-2026-02-05-at-10.15.06.jpeg 898w, https:\/\/www.hoymercedes.com.ar\/principal\/wp-content\/uploads\/2026\/02\/WhatsApp-Image-2026-02-05-at-10.15.06-630x356.jpeg 630w, https:\/\/www.hoymercedes.com.ar\/principal\/wp-content\/uploads\/2026\/02\/WhatsApp-Image-2026-02-05-at-10.15.06-150x85.jpeg 150w\" sizes=\"auto, (max-width: 898px) 100vw, 898px\" \/><\/figure>\n\n\n\n<p>Especialistas que analizan el fen\u00f3meno aseguran que no hay un solo factor que explique la reaparici\u00f3n de la fauna acu\u00e1tica, sino una combinaci\u00f3n de mejoras en la calidad del agua \u2014como menor contaminaci\u00f3n y mejor oxigenaci\u00f3n\u2014 y fen\u00f3menos naturales como la conexi\u00f3n con otros cursos de agua durante crecidas recientes. Estas condiciones parecen haber creado un entorno m\u00e1s favorable para que especies m\u00e1s resistentes vuelvan a habitar este tramo del r\u00edo.<\/p>\n\n\n\n<p>Este renacer ha transformado zonas cercanas a puentes y accesos en puntos de encuentro al aire libre: familias y aficionados a la pesca dedican horas junto al r\u00edo, buscando sombra y lanzando sus ca\u00f1as con esperanza. Aunque a\u00fan falta infraestructura adecuada para el p\u00fablico (como sombra o \u00e1reas de descanso), la afluencia de visitantes refleja un cambio en la percepci\u00f3n del Luj\u00e1n, que d\u00edas atr\u00e1s se ve\u00eda como un cauce castigado y hoy tiene se\u00f1ales claras de vida y actividad recreativa.<\/p>\n\n\n\n<p>Fuente y Foto: Bisemanario El Civismo<\/p>\n","protected":false},"excerpt":{"rendered":"<p>Despu\u00e9s de a\u00f1os en que el cauce del r\u00edo Luj\u00e1n parec\u00eda casi desierto de vida, ahora se observa un notable &#8230; <a title=\"El r\u00edo Luj\u00e1n muestra signos de recuperaci\u00f3n\" class=\"read-more\" href=\"https:\/\/www.hoymercedes.com.ar\/principal\/2026\/02\/07\/el-rio-lujan-muestra-signos-de-recuperacion\/\" aria-label=\"Leer m\u00e1s sobre El r\u00edo Luj\u00e1n muestra signos de recuperaci\u00f3n\">Leer m\u00e1s<\/a><\/p>\n","protected":false},"author":1,"featured_media":191649,"comment_status":"closed","ping_status":"open","sticky":false,"template":"","format":"standard","meta":{"_monsterinsights_skip_tracking":false,"_monsterinsights_sitenote_active":false,"_monsterinsights_sitenote_note":"","_monsterinsights_sitenote_category":0,"jetpack_post_was_ever_published":false,"_jetpack_newsletter_access":"","_jetpack_dont_email_post_to_subs":false,"_jetpack_newsletter_tier_id":0,"_jetpack_memberships_contains_paywalled_content":false,"_jetpack_memberships_contains_paid_content":false,"footnotes":"","jetpack_publicize_message":"","jetpack_publicize_feature_enabled":true,"jetpack_social_post_already_shared":true,"jetpack_social_options":{"image_generator_settings":{"template":"highway","default_image_id":0,"font":"","enabled":false},"version":2},"_wpas_customize_per_network":false},"categories":[8],"tags":[],"class_list":["post-191648","post","type-post","status-publish","format-standard","has-post-thumbnail","hentry","category-sociedad","generate-columns","tablet-grid-50","mobile-grid-100","grid-parent","grid-50"],"jetpack_publicize_connections":[],"jetpack_featured_media_url":"https:\/\/www.hoymercedes.com.ar\/principal\/wp-content\/uploads\/2026\/02\/WhatsApp-Image-2026-02-05-at-10.15.06.jpeg","wps_subtitle":"","jetpack_sharing_enabled":true,"_links":{"self":[{"href":"https:\/\/www.hoymercedes.com.ar\/principal\/wp-json\/wp\/v2\/posts\/191648","targetHints":{"allow":["GET"]}}],"collection":[{"href":"https:\/\/www.hoymercedes.com.ar\/principal\/wp-json\/wp\/v2\/posts"}],"about":[{"href":"https:\/\/www.hoymercedes.com.ar\/principal\/wp-json\/wp\/v2\/types\/post"}],"author":[{"embeddable":true,"href":"https:\/\/www.hoymercedes.com.ar\/principal\/wp-json\/wp\/v2\/users\/1"}],"replies":[{"embeddable":true,"href":"https:\/\/www.hoymercedes.com.ar\/principal\/wp-json\/wp\/v2\/comments?post=191648"}],"version-history":[{"count":1,"href":"https:\/\/www.hoymercedes.com.ar\/principal\/wp-json\/wp\/v2\/posts\/191648\/revisions"}],"predecessor-version":[{"id":191650,"href":"https:\/\/www.hoymercedes.com.ar\/principal\/wp-json\/wp\/v2\/posts\/191648\/revisions\/191650"}],"wp:featuredmedia":[{"embeddable":true,"href":"https:\/\/www.hoymercedes.com.ar\/principal\/wp-json\/wp\/v2\/media\/191649"}],"wp:attachment":[{"href":"https:\/\/www.hoymercedes.com.ar\/principal\/wp-json\/wp\/v2\/media?parent=191648"}],"wp:term":[{"taxonomy":"category","embeddable":true,"href":"https:\/\/www.hoymercedes.com.ar\/principal\/wp-json\/wp\/v2\/categories?post=191648"},{"taxonomy":"post_tag","embeddable":true,"href":"https:\/\/www.hoymercedes.com.ar\/principal\/wp-json\/wp\/v2\/tags?post=191648"}],"curies":[{"name":"wp","href":"https:\/\/api.w.org\/{rel}","templated":true}]}}