{"id":19165,"date":"2013-01-02T18:45:48","date_gmt":"2013-01-02T18:45:48","guid":{"rendered":"http:\/\/www.hoymercedes.com.ar\/principal\/?p=19165"},"modified":"2013-01-02T18:46:02","modified_gmt":"2013-01-02T18:46:02","slug":"selva-compartio-escenario-con-sergio-massa","status":"publish","type":"post","link":"https:\/\/www.hoymercedes.com.ar\/principal\/2013\/01\/02\/selva-compartio-escenario-con-sergio-massa\/","title":{"rendered":"Selva comparti\u00f3 escenario con Sergio Massa"},"content":{"rendered":"<figure id=\"attachment_19167\" aria-describedby=\"caption-attachment-19167\" style=\"width: 608px\" class=\"wp-caption aligncenter\"><a href=\"https:\/\/www.hoymercedes.com.ar\/principal\/wp-content\/uploads\/2013\/01\/massa-scioli.II_.jpg\"><img loading=\"lazy\" decoding=\"async\" data-attachment-id=\"19167\" data-permalink=\"https:\/\/www.hoymercedes.com.ar\/principal\/2013\/01\/02\/selva-compartio-escenario-con-sergio-massa\/massa-scioli-ii\/#main\" data-orig-file=\"https:\/\/www.hoymercedes.com.ar\/principal\/wp-content\/uploads\/2013\/01\/massa-scioli.II_.jpg\" data-orig-size=\"618,348\" data-comments-opened=\"1\" data-image-meta=\"{&quot;aperture&quot;:&quot;2.2&quot;,&quot;credit&quot;:&quot;&quot;,&quot;camera&quot;:&quot;N9&quot;,&quot;caption&quot;:&quot;&quot;,&quot;created_timestamp&quot;:&quot;0&quot;,&quot;copyright&quot;:&quot;&quot;,&quot;focal_length&quot;:&quot;28&quot;,&quot;iso&quot;:&quot;606&quot;,&quot;shutter_speed&quot;:&quot;0.035&quot;,&quot;title&quot;:&quot;&quot;}\" data-image-title=\"Carlos Selva junto a Sergio Massa\" data-image-description=\"&lt;p&gt;Carlos Selva junto a Sergio Massa&lt;\/p&gt;\n\" data-image-caption=\"&lt;p&gt;Carlos Selva junto a Sergio Massa&lt;\/p&gt;\n\" data-large-file=\"https:\/\/www.hoymercedes.com.ar\/principal\/wp-content\/uploads\/2013\/01\/massa-scioli.II_.jpg\" class=\"size-full wp-image-19167\" alt=\"Carlos Selva junto a Sergio Massa\" src=\"https:\/\/www.hoymercedes.com.ar\/principal\/wp-content\/uploads\/2013\/01\/massa-scioli.II_.jpg\" width=\"618\" height=\"348\" \/><\/a><figcaption id=\"caption-attachment-19167\" class=\"wp-caption-text\">Carlos Selva junto a Sergio Massa<\/figcaption><\/figure>\n<p>Carlos Selva volvi\u00f3 a compartir un encuentro con el intendente de Tigre, Sergio Massa. Se trat\u00f3 de un acto en tierra de Massa donde cerraron el a\u00f1o pensando en lo que ser\u00e1 el 2013 que ya se encuentra calentando los motores pol\u00edticos de lo que ser\u00e1n las elecciones legislativas.<\/p>\n<p>En un a\u00f1o cargado de la impronta de gesti\u00f3n como as\u00ed\u00a0de estrategias pol\u00edticas, el intendente de Tigre culmin\u00f3\u00a0 su 2012 con la inauguraci\u00f3n de un nuevo Centro de Operaciones. En el evento acompa\u00f1aron al tigrense doce intendentes bonaerenses como tambi\u00e9n un grupo de legisladores provinciales.<\/p>\n<p>En ese acto, y en uno m\u00e1s pol\u00edtico desarrollado luego, estuvo el intendente Selva el pasado 29 junto con otros primeros mandatarios de la provincia y legisladores que est\u00e1n cercanos a Massa.<em> \u201cPara nosotros es todo muy especial este fin de a\u00f1o, ya que es muy importante lo que se viene. En el 2013 se empezar\u00e1n a definir los pr\u00f3ximos 8 a\u00f1os de gesti\u00f3n en la provincia y nosotros vamos a estar trabajando por eso\u201d<\/em>, sostuvo el intendente Carlos Selva a su vuelta del viaje a Tigre.<\/p>\n<figure id=\"attachment_19168\" aria-describedby=\"caption-attachment-19168\" style=\"width: 608px\" class=\"wp-caption aligncenter\"><a href=\"https:\/\/www.hoymercedes.com.ar\/principal\/wp-content\/uploads\/2013\/01\/massa-scioli.jpg\"><img loading=\"lazy\" decoding=\"async\" data-attachment-id=\"19168\" data-permalink=\"https:\/\/www.hoymercedes.com.ar\/principal\/2013\/01\/02\/selva-compartio-escenario-con-sergio-massa\/massa-scioli\/#main\" data-orig-file=\"https:\/\/www.hoymercedes.com.ar\/principal\/wp-content\/uploads\/2013\/01\/massa-scioli.jpg\" data-orig-size=\"618,348\" data-comments-opened=\"1\" data-image-meta=\"{&quot;aperture&quot;:&quot;2.2&quot;,&quot;credit&quot;:&quot;&quot;,&quot;camera&quot;:&quot;N9&quot;,&quot;caption&quot;:&quot;&quot;,&quot;created_timestamp&quot;:&quot;0&quot;,&quot;copyright&quot;:&quot;&quot;,&quot;focal_length&quot;:&quot;28&quot;,&quot;iso&quot;:&quot;100&quot;,&quot;shutter_speed&quot;:&quot;0.015&quot;,&quot;title&quot;:&quot;&quot;}\" data-image-title=\"Massa &amp;#8211; Selva\" data-image-description=\"&lt;p&gt;Massa &amp;#8211; Selva&lt;\/p&gt;\n\" data-image-caption=\"&lt;p&gt;Massa &amp;#8211; Selva&lt;\/p&gt;\n\" data-large-file=\"https:\/\/www.hoymercedes.com.ar\/principal\/wp-content\/uploads\/2013\/01\/massa-scioli.jpg\" class=\"size-full wp-image-19168\" alt=\"Massa - Selva\" src=\"https:\/\/www.hoymercedes.com.ar\/principal\/wp-content\/uploads\/2013\/01\/massa-scioli.jpg\" width=\"618\" height=\"348\" srcset=\"https:\/\/www.hoymercedes.com.ar\/principal\/wp-content\/uploads\/2013\/01\/massa-scioli.jpg 618w, https:\/\/www.hoymercedes.com.ar\/principal\/wp-content\/uploads\/2013\/01\/massa-scioli-300x168.jpg 300w\" sizes=\"auto, (max-width: 618px) 100vw, 618px\" \/><\/a><figcaption id=\"caption-attachment-19168\" class=\"wp-caption-text\">Massa &#8211; Selva<\/figcaption><\/figure>\n<p>En la inauguraci\u00f3n del Centro de Operaciones, estuvieron presentes los intendentes que ya son parte de la \u201ctropa\u201d del tigrense a asoman su presencia a las costas massistas: Patricio Hogan (General Alvarado), Marcela Passo (Lavalle), Gabriel Katopodis (San Mart\u00edn), Humberto Z\u00faccaro (Pilar), Sandro Guzm\u00e1n (Escobar), Gilberto Alegre (General Villegas), Luis Acu\u00f1a (Hurlingham), Jos\u00e9 Eseverri (Olavarr\u00eda), Joaqu\u00edn De la Torre (San Miguel), Mart\u00edn Caso (Rojas), H\u00e9ctor An\u00edbal Olivera (Tordillo).<\/p>\n<p>As\u00ed\u00a0mismo acompa\u00f1aron a Massa, la diputada nacional, Graciela Cama\u00f1o; los senadores bonaerenses, Jorge D\u00b4Onofrio, Jos\u00e9\u00a0Luis Pallares, Osvaldo Goycoechea, Ricardo \u00c1ngel Bozzani; los diputados provinciales, Carlos Acu\u00f1a, Jorge Alberto Solmi, Ramiro Guti\u00e9rrez, Rub\u00e9n Eslaiman, Ver\u00f3nica Couly.<\/p>\n","protected":false},"excerpt":{"rendered":"<p>Carlos Selva volvi\u00f3 a compartir un encuentro con el intendente de Tigre, Sergio Massa. Se trat\u00f3 de un acto en &#8230; <a title=\"Selva comparti\u00f3 escenario con Sergio Massa\" class=\"read-more\" href=\"https:\/\/www.hoymercedes.com.ar\/principal\/2013\/01\/02\/selva-compartio-escenario-con-sergio-massa\/\" aria-label=\"Leer m\u00e1s sobre Selva comparti\u00f3 escenario con Sergio Massa\">Leer m\u00e1s<\/a><\/p>\n","protected":false},"author":1,"featured_media":0,"comment_status":"open","ping_status":"open","sticky":false,"template":"","format":"standard","meta":{"_monsterinsights_skip_tracking":false,"_monsterinsights_sitenote_active":false,"_monsterinsights_sitenote_note":"","_monsterinsights_sitenote_category":0,"jetpack_post_was_ever_published":false,"_jetpack_newsletter_access":"","_jetpack_dont_email_post_to_subs":false,"_jetpack_newsletter_tier_id":0,"_jetpack_memberships_contains_paywalled_content":false,"_jetpack_memberships_contains_paid_content":false,"footnotes":"","jetpack_publicize_message":"","jetpack_publicize_feature_enabled":true,"jetpack_social_post_already_shared":false,"jetpack_social_options":{"image_generator_settings":{"template":"highway","default_image_id":0,"font":"","enabled":false},"version":2},"_wpas_customize_per_network":false},"categories":[5],"tags":[3114],"class_list":["post-19165","post","type-post","status-publish","format-standard","hentry","category-politica","tag-carlos-selva-y-sergio-massa","generate-columns","tablet-grid-50","mobile-grid-100","grid-parent","grid-50"],"jetpack_publicize_connections":[],"jetpack_featured_media_url":"","wps_subtitle":"","jetpack_sharing_enabled":true,"_links":{"self":[{"href":"https:\/\/www.hoymercedes.com.ar\/principal\/wp-json\/wp\/v2\/posts\/19165","targetHints":{"allow":["GET"]}}],"collection":[{"href":"https:\/\/www.hoymercedes.com.ar\/principal\/wp-json\/wp\/v2\/posts"}],"about":[{"href":"https:\/\/www.hoymercedes.com.ar\/principal\/wp-json\/wp\/v2\/types\/post"}],"author":[{"embeddable":true,"href":"https:\/\/www.hoymercedes.com.ar\/principal\/wp-json\/wp\/v2\/users\/1"}],"replies":[{"embeddable":true,"href":"https:\/\/www.hoymercedes.com.ar\/principal\/wp-json\/wp\/v2\/comments?post=19165"}],"version-history":[{"count":0,"href":"https:\/\/www.hoymercedes.com.ar\/principal\/wp-json\/wp\/v2\/posts\/19165\/revisions"}],"wp:attachment":[{"href":"https:\/\/www.hoymercedes.com.ar\/principal\/wp-json\/wp\/v2\/media?parent=19165"}],"wp:term":[{"taxonomy":"category","embeddable":true,"href":"https:\/\/www.hoymercedes.com.ar\/principal\/wp-json\/wp\/v2\/categories?post=19165"},{"taxonomy":"post_tag","embeddable":true,"href":"https:\/\/www.hoymercedes.com.ar\/principal\/wp-json\/wp\/v2\/tags?post=19165"}],"curies":[{"name":"wp","href":"https:\/\/api.w.org\/{rel}","templated":true}]}}