{"id":191655,"date":"2026-02-06T09:20:00","date_gmt":"2026-02-06T12:20:00","guid":{"rendered":"https:\/\/www.hoymercedes.com.ar\/principal\/?p=191655"},"modified":"2026-02-05T10:21:45","modified_gmt":"2026-02-05T13:21:45","slug":"segun-estrellas-amarillas-el-92-de-los-choques-son-frontales-en-ruta-5","status":"publish","type":"post","link":"https:\/\/www.hoymercedes.com.ar\/principal\/2026\/02\/06\/segun-estrellas-amarillas-el-92-de-los-choques-son-frontales-en-ruta-5\/","title":{"rendered":"Seg\u00fan Estrellas Amarillas, el 92% de los choques son frontales en Ruta 5"},"content":{"rendered":"\n<p>Un estudio realizado por la <em>Fundaci\u00f3n Estrellas Amarillas<\/em> pone de manifiesto la cruda realidad de la circulaci\u00f3n en la Ruta Nacional 5, especialmente en el tramo que enlaza Mercedes con otras localidades de la regi\u00f3n. El relevamiento, que abarca siniestros registrados entre 2012 y 2024, ubica el 92 % de los incidentes mortales como colisiones frontales entre veh\u00edculos.<\/p>\n\n\n\n<figure class=\"wp-block-image size-full\"><img loading=\"lazy\" decoding=\"async\" width=\"960\" height=\"500\" data-attachment-id=\"191656\" data-permalink=\"https:\/\/www.hoymercedes.com.ar\/principal\/2026\/02\/06\/segun-estrellas-amarillas-el-92-de-los-choques-son-frontales-en-ruta-5\/whatsapp-image-2026-02-05-at-10-19-18\/#main\" data-orig-file=\"https:\/\/www.hoymercedes.com.ar\/principal\/wp-content\/uploads\/2026\/02\/WhatsApp-Image-2026-02-05-at-10.19.18.jpeg\" data-orig-size=\"960,500\" data-comments-opened=\"0\" data-image-meta=\"{&quot;aperture&quot;:&quot;0&quot;,&quot;credit&quot;:&quot;&quot;,&quot;camera&quot;:&quot;&quot;,&quot;caption&quot;:&quot;&quot;,&quot;created_timestamp&quot;:&quot;0&quot;,&quot;copyright&quot;:&quot;&quot;,&quot;focal_length&quot;:&quot;0&quot;,&quot;iso&quot;:&quot;0&quot;,&quot;shutter_speed&quot;:&quot;0&quot;,&quot;title&quot;:&quot;&quot;,&quot;orientation&quot;:&quot;0&quot;}\" data-image-title=\"WhatsApp Image 2026-02-05 at 10.19.18\" data-image-description=\"\" data-image-caption=\"\" data-large-file=\"https:\/\/www.hoymercedes.com.ar\/principal\/wp-content\/uploads\/2026\/02\/WhatsApp-Image-2026-02-05-at-10.19.18.jpeg\" src=\"https:\/\/www.hoymercedes.com.ar\/principal\/wp-content\/uploads\/2026\/02\/WhatsApp-Image-2026-02-05-at-10.19.18.jpeg\" alt=\"\" class=\"wp-image-191656\" srcset=\"https:\/\/www.hoymercedes.com.ar\/principal\/wp-content\/uploads\/2026\/02\/WhatsApp-Image-2026-02-05-at-10.19.18.jpeg 960w, https:\/\/www.hoymercedes.com.ar\/principal\/wp-content\/uploads\/2026\/02\/WhatsApp-Image-2026-02-05-at-10.19.18-630x328.jpeg 630w, https:\/\/www.hoymercedes.com.ar\/principal\/wp-content\/uploads\/2026\/02\/WhatsApp-Image-2026-02-05-at-10.19.18-150x78.jpeg 150w\" sizes=\"auto, (max-width: 960px) 100vw, 960px\" \/><\/figure>\n\n\n\n<p>La presidenta de la Fundaci\u00f3n, Silvia Gonz\u00e1lez, present\u00f3 lo que denominaron un \u201cmapa de la siniestralidad\u201d, donde cada marca representa una v\u00edctima. Estos datos, exhibidos ante autoridades municipales y comunales, buscan evidenciar los puntos m\u00e1s cr\u00edticos de la ruta y generar mayor conciencia sobre los riesgos que enfrenta diariamente el tr\u00e1nsito en esa arteria.<\/p>\n\n\n\n<p>Seg\u00fan el informe, varios factores contribuyen a que la Ruta 5 sea tan peligrosa: la calzada estrecha \u2014sin separador f\u00edsico entre manos de circulaci\u00f3n\u2014 aumenta la probabilidad de choques directos, la velocidad desmedida de algunos conductores agrava las consecuencias de los siniestros y la eliminaci\u00f3n de restricciones horarias para el tr\u00e1nsito pesado increment\u00f3 la circulaci\u00f3n de camiones en horas pico.<\/p>\n\n\n\n<p>La Fundaci\u00f3n advierte que, ante la paralizaci\u00f3n de la construcci\u00f3n de la autov\u00eda que ser\u00eda la soluci\u00f3n definitiva, se necesitan medidas concretas para mitigar estas tragedias, como mejorar la infraestructura, reforzar controles de velocidad y regular la circulaci\u00f3n de transporte de cargas.<\/p>\n","protected":false},"excerpt":{"rendered":"<p>Un estudio realizado por la Fundaci\u00f3n Estrellas Amarillas pone de manifiesto la cruda realidad de la circulaci\u00f3n en la Ruta &#8230; <a title=\"Seg\u00fan Estrellas Amarillas, el 92% de los choques son frontales en Ruta 5\" class=\"read-more\" href=\"https:\/\/www.hoymercedes.com.ar\/principal\/2026\/02\/06\/segun-estrellas-amarillas-el-92-de-los-choques-son-frontales-en-ruta-5\/\" aria-label=\"Leer m\u00e1s sobre Seg\u00fan Estrellas Amarillas, el 92% de los choques son frontales en Ruta 5\">Leer m\u00e1s<\/a><\/p>\n","protected":false},"author":1,"featured_media":191656,"comment_status":"closed","ping_status":"open","sticky":false,"template":"","format":"standard","meta":{"_monsterinsights_skip_tracking":false,"_monsterinsights_sitenote_active":false,"_monsterinsights_sitenote_note":"","_monsterinsights_sitenote_category":0,"jetpack_post_was_ever_published":false,"_jetpack_newsletter_access":"","_jetpack_dont_email_post_to_subs":false,"_jetpack_newsletter_tier_id":0,"_jetpack_memberships_contains_paywalled_content":false,"_jetpack_memberships_contains_paid_content":false,"footnotes":"","jetpack_publicize_message":"","jetpack_publicize_feature_enabled":true,"jetpack_social_post_already_shared":true,"jetpack_social_options":{"image_generator_settings":{"template":"highway","default_image_id":0,"font":"","enabled":false},"version":2},"_wpas_customize_per_network":false},"categories":[8],"tags":[],"class_list":["post-191655","post","type-post","status-publish","format-standard","has-post-thumbnail","hentry","category-sociedad","generate-columns","tablet-grid-50","mobile-grid-100","grid-parent","grid-50"],"jetpack_publicize_connections":[],"jetpack_featured_media_url":"https:\/\/www.hoymercedes.com.ar\/principal\/wp-content\/uploads\/2026\/02\/WhatsApp-Image-2026-02-05-at-10.19.18.jpeg","wps_subtitle":"","jetpack_sharing_enabled":true,"_links":{"self":[{"href":"https:\/\/www.hoymercedes.com.ar\/principal\/wp-json\/wp\/v2\/posts\/191655","targetHints":{"allow":["GET"]}}],"collection":[{"href":"https:\/\/www.hoymercedes.com.ar\/principal\/wp-json\/wp\/v2\/posts"}],"about":[{"href":"https:\/\/www.hoymercedes.com.ar\/principal\/wp-json\/wp\/v2\/types\/post"}],"author":[{"embeddable":true,"href":"https:\/\/www.hoymercedes.com.ar\/principal\/wp-json\/wp\/v2\/users\/1"}],"replies":[{"embeddable":true,"href":"https:\/\/www.hoymercedes.com.ar\/principal\/wp-json\/wp\/v2\/comments?post=191655"}],"version-history":[{"count":1,"href":"https:\/\/www.hoymercedes.com.ar\/principal\/wp-json\/wp\/v2\/posts\/191655\/revisions"}],"predecessor-version":[{"id":191657,"href":"https:\/\/www.hoymercedes.com.ar\/principal\/wp-json\/wp\/v2\/posts\/191655\/revisions\/191657"}],"wp:featuredmedia":[{"embeddable":true,"href":"https:\/\/www.hoymercedes.com.ar\/principal\/wp-json\/wp\/v2\/media\/191656"}],"wp:attachment":[{"href":"https:\/\/www.hoymercedes.com.ar\/principal\/wp-json\/wp\/v2\/media?parent=191655"}],"wp:term":[{"taxonomy":"category","embeddable":true,"href":"https:\/\/www.hoymercedes.com.ar\/principal\/wp-json\/wp\/v2\/categories?post=191655"},{"taxonomy":"post_tag","embeddable":true,"href":"https:\/\/www.hoymercedes.com.ar\/principal\/wp-json\/wp\/v2\/tags?post=191655"}],"curies":[{"name":"wp","href":"https:\/\/api.w.org\/{rel}","templated":true}]}}