{"id":191658,"date":"2026-02-06T10:23:24","date_gmt":"2026-02-06T13:23:24","guid":{"rendered":"https:\/\/www.hoymercedes.com.ar\/principal\/?p=191658"},"modified":"2026-02-05T12:47:40","modified_gmt":"2026-02-05T15:47:40","slug":"el-tres-mercedes-jofre-uno-de-los-servicios-eliminados-desde-2024","status":"publish","type":"post","link":"https:\/\/www.hoymercedes.com.ar\/principal\/2026\/02\/06\/el-tres-mercedes-jofre-uno-de-los-servicios-eliminados-desde-2024\/","title":{"rendered":"El tren Mercedes &#8211; Jofr\u00e9, uno de los servicios eliminados desde 2024"},"content":{"rendered":"\n<p><strong>Trenes Argentinos Operaciones (SOFSA) elimin\u00f3 ocho servicios ferroviarios de pasajeros entre 2024 y lo que va de 2025<\/strong>. Todos ellos eran trenes regionales o de larga distancia que circulaban por fuera del \u00c1rea Metropolitana de Buenos Aires.<\/p>\n\n\n\n<figure class=\"wp-block-image size-large\"><img loading=\"lazy\" decoding=\"async\" width=\"1024\" height=\"556\" data-attachment-id=\"191659\" data-permalink=\"https:\/\/www.hoymercedes.com.ar\/principal\/2026\/02\/06\/el-tres-mercedes-jofre-uno-de-los-servicios-eliminados-desde-2024\/whatsapp-image-2026-02-05-at-10-25-36\/#main\" data-orig-file=\"https:\/\/www.hoymercedes.com.ar\/principal\/wp-content\/uploads\/2026\/02\/WhatsApp-Image-2026-02-05-at-10.25.36.jpeg\" data-orig-size=\"1200,652\" data-comments-opened=\"0\" data-image-meta=\"{&quot;aperture&quot;:&quot;0&quot;,&quot;credit&quot;:&quot;&quot;,&quot;camera&quot;:&quot;&quot;,&quot;caption&quot;:&quot;&quot;,&quot;created_timestamp&quot;:&quot;0&quot;,&quot;copyright&quot;:&quot;&quot;,&quot;focal_length&quot;:&quot;0&quot;,&quot;iso&quot;:&quot;0&quot;,&quot;shutter_speed&quot;:&quot;0&quot;,&quot;title&quot;:&quot;&quot;,&quot;orientation&quot;:&quot;0&quot;}\" data-image-title=\"WhatsApp Image 2026-02-05 at 10.25.36\" data-image-description=\"\" data-image-caption=\"\" data-large-file=\"https:\/\/www.hoymercedes.com.ar\/principal\/wp-content\/uploads\/2026\/02\/WhatsApp-Image-2026-02-05-at-10.25.36-1024x556.jpeg\" src=\"https:\/\/www.hoymercedes.com.ar\/principal\/wp-content\/uploads\/2026\/02\/WhatsApp-Image-2026-02-05-at-10.25.36-1024x556.jpeg\" alt=\"\" class=\"wp-image-191659\" srcset=\"https:\/\/www.hoymercedes.com.ar\/principal\/wp-content\/uploads\/2026\/02\/WhatsApp-Image-2026-02-05-at-10.25.36-1024x556.jpeg 1024w, https:\/\/www.hoymercedes.com.ar\/principal\/wp-content\/uploads\/2026\/02\/WhatsApp-Image-2026-02-05-at-10.25.36-630x342.jpeg 630w, https:\/\/www.hoymercedes.com.ar\/principal\/wp-content\/uploads\/2026\/02\/WhatsApp-Image-2026-02-05-at-10.25.36-150x82.jpeg 150w, https:\/\/www.hoymercedes.com.ar\/principal\/wp-content\/uploads\/2026\/02\/WhatsApp-Image-2026-02-05-at-10.25.36.jpeg 1200w\" sizes=\"auto, (max-width: 1024px) 100vw, 1024px\" \/><\/figure>\n\n\n\n<p>En lo que va del actual gobierno,&nbsp;<strong>fueron suprimidos<\/strong>&nbsp;los trenes de Buenos Aires a&nbsp;<strong>Mendoza y San Luis, el Expreso<\/strong>&nbsp;Buenos Aires \u2013&nbsp;<strong>Rosario<\/strong>, el tren tur\u00edstico&nbsp;<strong>Mercedes \u2013 Tom\u00e1s Jofr\u00e9<\/strong>, el tren Buenos Aires \u2013&nbsp;<strong>Pehuaj\u00f3,<\/strong>&nbsp;los servicios regionales&nbsp;<strong>La Banda \u2013 Fern\u00e1ndez<\/strong>&nbsp;y&nbsp;<strong>Rosario \u2013 Ca\u00f1ada de G\u00f3mez y<\/strong>&nbsp;el tren a&nbsp;<strong>Pinamar.<\/strong><\/p>\n\n\n\n<p>El tren local, que fuera recuperado para dinamizar el turismo gastron\u00f3mico, qued\u00f3 fuera de servicio tras el\u00a0da\u00f1o estructural sufrido en un puente\u00a0en su cruce elevado sobre la\u00a0<strong>Ruta Provincial 41<\/strong>.<\/p>\n\n\n\n<p><strong>Este paulatino cierre de ramales<\/strong>, sin que medien demasiadas explicaciones y con justificaciones variables,\u00a0<strong>recuerda a\u00a0la \u201cclausura por goteo\u201d ensayada durante el macrismo<\/strong>, en el marco de la que\u00a0<strong>fueron cancelados 12 servicios de pasajeros<\/strong>.<\/p>\n\n\n\n<p>La cancelaci\u00f3n de ramales\u00a0<strong>no es la \u00fanica cara visible del ajuste: los servicios que contin\u00faan circulando lo hacen en condiciones cada vez m\u00e1s deterioradas<\/strong>, con peores tiempos de viaje y prestaciones disminuidas,\u00a0producto de la postergaci\u00f3n o la falta de inversi\u00f3n, que la \u201cemergencia ferroviaria\u201d vigente concentra en el AMBA. Otra muestra de esta pol\u00edtica es el abandono de los planes para recuperar sectores inactivos de la red, como San Antonio de Areco o Tandil, o la cancelaci\u00f3n por tiempo indefinido de corredores altamente demandados, como el caso de Bah\u00eda Blanca.<\/p>\n\n\n\n<p><strong>El reciente cambio de autoridades en Trenes Argentinos<\/strong>\u00a0-tanto en SOFSA como en ADIF- dif\u00edcilmente apunte a modificar esta situaci\u00f3n: los nuevos funcionarios designados llegaron\u00a0<strong>con la instrucci\u00f3n oficial de acelerar el proceso de privatizaci\u00f3n<\/strong>\u00a0del sistema ferroviario, un esquema en el que la continuidad de aquellos servicios regionales y de larga distancia\u00a0que no puedan ser provincializados\u00a0est\u00e1 m\u00e1s que en duda.<\/p>\n\n\n\n<p><\/p>\n","protected":false},"excerpt":{"rendered":"<p>Trenes Argentinos Operaciones (SOFSA) elimin\u00f3 ocho servicios ferroviarios de pasajeros entre 2024 y lo que va de 2025. Todos ellos &#8230; <a title=\"El tren Mercedes &#8211; Jofr\u00e9, uno de los servicios eliminados desde 2024\" class=\"read-more\" href=\"https:\/\/www.hoymercedes.com.ar\/principal\/2026\/02\/06\/el-tres-mercedes-jofre-uno-de-los-servicios-eliminados-desde-2024\/\" aria-label=\"Leer m\u00e1s sobre El tren Mercedes &#8211; Jofr\u00e9, uno de los servicios eliminados desde 2024\">Leer m\u00e1s<\/a><\/p>\n","protected":false},"author":1,"featured_media":191659,"comment_status":"closed","ping_status":"open","sticky":false,"template":"","format":"standard","meta":{"_monsterinsights_skip_tracking":false,"_monsterinsights_sitenote_active":false,"_monsterinsights_sitenote_note":"","_monsterinsights_sitenote_category":0,"jetpack_post_was_ever_published":false,"_jetpack_newsletter_access":"","_jetpack_dont_email_post_to_subs":false,"_jetpack_newsletter_tier_id":0,"_jetpack_memberships_contains_paywalled_content":false,"_jetpack_memberships_contains_paid_content":false,"footnotes":"","jetpack_publicize_message":"","jetpack_publicize_feature_enabled":true,"jetpack_social_post_already_shared":true,"jetpack_social_options":{"image_generator_settings":{"template":"highway","default_image_id":0,"font":"","enabled":false},"version":2},"_wpas_customize_per_network":false},"categories":[8],"tags":[],"class_list":["post-191658","post","type-post","status-publish","format-standard","has-post-thumbnail","hentry","category-sociedad","generate-columns","tablet-grid-50","mobile-grid-100","grid-parent","grid-50"],"jetpack_publicize_connections":[],"jetpack_featured_media_url":"https:\/\/www.hoymercedes.com.ar\/principal\/wp-content\/uploads\/2026\/02\/WhatsApp-Image-2026-02-05-at-10.25.36.jpeg","wps_subtitle":"","jetpack_sharing_enabled":true,"_links":{"self":[{"href":"https:\/\/www.hoymercedes.com.ar\/principal\/wp-json\/wp\/v2\/posts\/191658","targetHints":{"allow":["GET"]}}],"collection":[{"href":"https:\/\/www.hoymercedes.com.ar\/principal\/wp-json\/wp\/v2\/posts"}],"about":[{"href":"https:\/\/www.hoymercedes.com.ar\/principal\/wp-json\/wp\/v2\/types\/post"}],"author":[{"embeddable":true,"href":"https:\/\/www.hoymercedes.com.ar\/principal\/wp-json\/wp\/v2\/users\/1"}],"replies":[{"embeddable":true,"href":"https:\/\/www.hoymercedes.com.ar\/principal\/wp-json\/wp\/v2\/comments?post=191658"}],"version-history":[{"count":2,"href":"https:\/\/www.hoymercedes.com.ar\/principal\/wp-json\/wp\/v2\/posts\/191658\/revisions"}],"predecessor-version":[{"id":191694,"href":"https:\/\/www.hoymercedes.com.ar\/principal\/wp-json\/wp\/v2\/posts\/191658\/revisions\/191694"}],"wp:featuredmedia":[{"embeddable":true,"href":"https:\/\/www.hoymercedes.com.ar\/principal\/wp-json\/wp\/v2\/media\/191659"}],"wp:attachment":[{"href":"https:\/\/www.hoymercedes.com.ar\/principal\/wp-json\/wp\/v2\/media?parent=191658"}],"wp:term":[{"taxonomy":"category","embeddable":true,"href":"https:\/\/www.hoymercedes.com.ar\/principal\/wp-json\/wp\/v2\/categories?post=191658"},{"taxonomy":"post_tag","embeddable":true,"href":"https:\/\/www.hoymercedes.com.ar\/principal\/wp-json\/wp\/v2\/tags?post=191658"}],"curies":[{"name":"wp","href":"https:\/\/api.w.org\/{rel}","templated":true}]}}