{"id":191661,"date":"2026-02-06T11:27:00","date_gmt":"2026-02-06T14:27:00","guid":{"rendered":"https:\/\/www.hoymercedes.com.ar\/principal\/?p=191661"},"modified":"2026-02-05T10:29:42","modified_gmt":"2026-02-05T13:29:42","slug":"corte-total-de-la-avenida-29-por-trabajos-en-el-nuevo-colector-cloacal","status":"publish","type":"post","link":"https:\/\/www.hoymercedes.com.ar\/principal\/2026\/02\/06\/corte-total-de-la-avenida-29-por-trabajos-en-el-nuevo-colector-cloacal\/","title":{"rendered":"Corte total de la Avenida 29 por trabajos en el nuevo colector cloacal"},"content":{"rendered":"\n<p>La Municipalidad de Mercedes inform\u00f3 que desde <strong>hoy viernes 6 de febrero<\/strong> se interrumpir\u00e1 completamente el tr\u00e1nsito en un tramo de <strong>Avenida 29<\/strong>, entre <strong>las avenidas 40 y 42<\/strong>, debido al avance de las obras para construir un nuevo colector cloacal. Esta medida se adoptar\u00e1 porque las tareas que se realizar\u00e1n cerca de las v\u00edas del Ferrocarril Belgrano requieren liberar por completo la calzada en ambos sentidos de circulaci\u00f3n.<\/p>\n\n\n\n<figure class=\"wp-block-image size-large\"><img loading=\"lazy\" decoding=\"async\" width=\"1024\" height=\"577\" data-attachment-id=\"191054\" data-permalink=\"https:\/\/www.hoymercedes.com.ar\/principal\/2026\/01\/19\/municipio-inaugura-nuevo-pozo-de-extraccion-de-agua\/dsc05749-2\/#main\" data-orig-file=\"https:\/\/www.hoymercedes.com.ar\/principal\/wp-content\/uploads\/2026\/01\/DSC05749-1.jpg\" data-orig-size=\"1561,879\" data-comments-opened=\"0\" data-image-meta=\"{&quot;aperture&quot;:&quot;0&quot;,&quot;credit&quot;:&quot;&quot;,&quot;camera&quot;:&quot;&quot;,&quot;caption&quot;:&quot;&quot;,&quot;created_timestamp&quot;:&quot;0&quot;,&quot;copyright&quot;:&quot;&quot;,&quot;focal_length&quot;:&quot;0&quot;,&quot;iso&quot;:&quot;0&quot;,&quot;shutter_speed&quot;:&quot;0&quot;,&quot;title&quot;:&quot;&quot;,&quot;orientation&quot;:&quot;0&quot;}\" data-image-title=\"DSC05749\" data-image-description=\"\" data-image-caption=\"\" data-large-file=\"https:\/\/www.hoymercedes.com.ar\/principal\/wp-content\/uploads\/2026\/01\/DSC05749-1-1024x577.jpg\" src=\"https:\/\/www.hoymercedes.com.ar\/principal\/wp-content\/uploads\/2026\/01\/DSC05749-1-1024x577.jpg\" alt=\"\" class=\"wp-image-191054\" srcset=\"https:\/\/www.hoymercedes.com.ar\/principal\/wp-content\/uploads\/2026\/01\/DSC05749-1-1024x577.jpg 1024w, https:\/\/www.hoymercedes.com.ar\/principal\/wp-content\/uploads\/2026\/01\/DSC05749-1-630x355.jpg 630w, https:\/\/www.hoymercedes.com.ar\/principal\/wp-content\/uploads\/2026\/01\/DSC05749-1-150x84.jpg 150w, https:\/\/www.hoymercedes.com.ar\/principal\/wp-content\/uploads\/2026\/01\/DSC05749-1-1536x865.jpg 1536w, https:\/\/www.hoymercedes.com.ar\/principal\/wp-content\/uploads\/2026\/01\/DSC05749-1.jpg 1561w\" sizes=\"auto, (max-width: 1024px) 100vw, 1024px\" \/><\/figure>\n\n\n\n<p>Hasta ahora ese sector ten\u00eda circulaci\u00f3n limitada en un solo sentido, pero la complejidad de los trabajos t\u00e9cnicos exige el cierre total de la arteria por <strong>aproximadamente 20 d\u00edas<\/strong>. Las autoridades locales pidieron a los automovilistas que planifiquen rutas alternativas y extremen las precauciones al circular por zonas cercanas, para minimizar dificultades durante el periodo de restricci\u00f3n.<\/p>\n\n\n\n<p>Esta intervenci\u00f3n forma parte de un proyecto de infraestructura m\u00e1s grande destinado a mejorar el saneamiento urbano, que se inici\u00f3 en 2025 bajo la gesti\u00f3n del intendente Juan Ignacio Ustarroz con financiamiento internacional a trav\u00e9s de la CAF y el apoyo del gobierno provincial.<\/p>\n","protected":false},"excerpt":{"rendered":"<p>La Municipalidad de Mercedes inform\u00f3 que desde hoy viernes 6 de febrero se interrumpir\u00e1 completamente el tr\u00e1nsito en un tramo &#8230; <a title=\"Corte total de la Avenida 29 por trabajos en el nuevo colector cloacal\" class=\"read-more\" href=\"https:\/\/www.hoymercedes.com.ar\/principal\/2026\/02\/06\/corte-total-de-la-avenida-29-por-trabajos-en-el-nuevo-colector-cloacal\/\" aria-label=\"Leer m\u00e1s sobre Corte total de la Avenida 29 por trabajos en el nuevo colector cloacal\">Leer m\u00e1s<\/a><\/p>\n","protected":false},"author":1,"featured_media":191054,"comment_status":"closed","ping_status":"open","sticky":false,"template":"","format":"standard","meta":{"_monsterinsights_skip_tracking":false,"_monsterinsights_sitenote_active":false,"_monsterinsights_sitenote_note":"","_monsterinsights_sitenote_category":0,"jetpack_post_was_ever_published":false,"_jetpack_newsletter_access":"","_jetpack_dont_email_post_to_subs":false,"_jetpack_newsletter_tier_id":0,"_jetpack_memberships_contains_paywalled_content":false,"_jetpack_memberships_contains_paid_content":false,"footnotes":"","jetpack_publicize_message":"","jetpack_publicize_feature_enabled":true,"jetpack_social_post_already_shared":true,"jetpack_social_options":{"image_generator_settings":{"template":"highway","default_image_id":0,"font":"","enabled":false},"version":2},"_wpas_customize_per_network":false},"categories":[8],"tags":[],"class_list":["post-191661","post","type-post","status-publish","format-standard","has-post-thumbnail","hentry","category-sociedad","generate-columns","tablet-grid-50","mobile-grid-100","grid-parent","grid-50"],"jetpack_publicize_connections":[],"jetpack_featured_media_url":"https:\/\/www.hoymercedes.com.ar\/principal\/wp-content\/uploads\/2026\/01\/DSC05749-1.jpg","wps_subtitle":"","jetpack_sharing_enabled":true,"_links":{"self":[{"href":"https:\/\/www.hoymercedes.com.ar\/principal\/wp-json\/wp\/v2\/posts\/191661","targetHints":{"allow":["GET"]}}],"collection":[{"href":"https:\/\/www.hoymercedes.com.ar\/principal\/wp-json\/wp\/v2\/posts"}],"about":[{"href":"https:\/\/www.hoymercedes.com.ar\/principal\/wp-json\/wp\/v2\/types\/post"}],"author":[{"embeddable":true,"href":"https:\/\/www.hoymercedes.com.ar\/principal\/wp-json\/wp\/v2\/users\/1"}],"replies":[{"embeddable":true,"href":"https:\/\/www.hoymercedes.com.ar\/principal\/wp-json\/wp\/v2\/comments?post=191661"}],"version-history":[{"count":1,"href":"https:\/\/www.hoymercedes.com.ar\/principal\/wp-json\/wp\/v2\/posts\/191661\/revisions"}],"predecessor-version":[{"id":191662,"href":"https:\/\/www.hoymercedes.com.ar\/principal\/wp-json\/wp\/v2\/posts\/191661\/revisions\/191662"}],"wp:featuredmedia":[{"embeddable":true,"href":"https:\/\/www.hoymercedes.com.ar\/principal\/wp-json\/wp\/v2\/media\/191054"}],"wp:attachment":[{"href":"https:\/\/www.hoymercedes.com.ar\/principal\/wp-json\/wp\/v2\/media?parent=191661"}],"wp:term":[{"taxonomy":"category","embeddable":true,"href":"https:\/\/www.hoymercedes.com.ar\/principal\/wp-json\/wp\/v2\/categories?post=191661"},{"taxonomy":"post_tag","embeddable":true,"href":"https:\/\/www.hoymercedes.com.ar\/principal\/wp-json\/wp\/v2\/tags?post=191661"}],"curies":[{"name":"wp","href":"https:\/\/api.w.org\/{rel}","templated":true}]}}