{"id":191672,"date":"2026-02-07T11:57:00","date_gmt":"2026-02-07T14:57:00","guid":{"rendered":"https:\/\/www.hoymercedes.com.ar\/principal\/?p=191672"},"modified":"2026-02-05T10:59:32","modified_gmt":"2026-02-05T13:59:32","slug":"juan-guinot-presenta-en-espana-su-novela-fuego-suicida","status":"publish","type":"post","link":"https:\/\/www.hoymercedes.com.ar\/principal\/2026\/02\/07\/juan-guinot-presenta-en-espana-su-novela-fuego-suicida\/","title":{"rendered":"Juan Guinot presenta en Espa\u00f1a su novela \u201cFuego Suicida\u201d"},"content":{"rendered":"\n<p>El autor mercedino <strong>Juan Guinot<\/strong> desembarca en el mercado literario espa\u00f1ol con su obra <em>Fuego Suicida<\/em>, una novela que mezcla elementos de la narrativa policial con toques de ciencia ficci\u00f3n y una reflexi\u00f3n cr\u00edtica sobre la justicia. La presentaci\u00f3n de este libro forma parte de una gira promocional que incluye actividades y lecturas en varias ciudades de Espa\u00f1a, destacando el inter\u00e9s internacional por el trabajo del escritor.<\/p>\n\n\n\n<figure class=\"wp-block-image size-large\"><img loading=\"lazy\" decoding=\"async\" width=\"1024\" height=\"640\" data-attachment-id=\"191673\" data-permalink=\"https:\/\/www.hoymercedes.com.ar\/principal\/2026\/02\/07\/juan-guinot-presenta-en-espana-su-novela-fuego-suicida\/whatsapp-image-2026-02-05-at-10-58-59\/#main\" data-orig-file=\"https:\/\/www.hoymercedes.com.ar\/principal\/wp-content\/uploads\/2026\/02\/WhatsApp-Image-2026-02-05-at-10.58.59.jpeg\" data-orig-size=\"1080,675\" data-comments-opened=\"0\" data-image-meta=\"{&quot;aperture&quot;:&quot;0&quot;,&quot;credit&quot;:&quot;&quot;,&quot;camera&quot;:&quot;&quot;,&quot;caption&quot;:&quot;&quot;,&quot;created_timestamp&quot;:&quot;0&quot;,&quot;copyright&quot;:&quot;&quot;,&quot;focal_length&quot;:&quot;0&quot;,&quot;iso&quot;:&quot;0&quot;,&quot;shutter_speed&quot;:&quot;0&quot;,&quot;title&quot;:&quot;&quot;,&quot;orientation&quot;:&quot;0&quot;}\" data-image-title=\"WhatsApp Image 2026-02-05 at 10.58.59\" data-image-description=\"\" data-image-caption=\"\" data-large-file=\"https:\/\/www.hoymercedes.com.ar\/principal\/wp-content\/uploads\/2026\/02\/WhatsApp-Image-2026-02-05-at-10.58.59-1024x640.jpeg\" src=\"https:\/\/www.hoymercedes.com.ar\/principal\/wp-content\/uploads\/2026\/02\/WhatsApp-Image-2026-02-05-at-10.58.59-1024x640.jpeg\" alt=\"\" class=\"wp-image-191673\" srcset=\"https:\/\/www.hoymercedes.com.ar\/principal\/wp-content\/uploads\/2026\/02\/WhatsApp-Image-2026-02-05-at-10.58.59-1024x640.jpeg 1024w, https:\/\/www.hoymercedes.com.ar\/principal\/wp-content\/uploads\/2026\/02\/WhatsApp-Image-2026-02-05-at-10.58.59-630x394.jpeg 630w, https:\/\/www.hoymercedes.com.ar\/principal\/wp-content\/uploads\/2026\/02\/WhatsApp-Image-2026-02-05-at-10.58.59-150x94.jpeg 150w, https:\/\/www.hoymercedes.com.ar\/principal\/wp-content\/uploads\/2026\/02\/WhatsApp-Image-2026-02-05-at-10.58.59.jpeg 1080w\" sizes=\"auto, (max-width: 1024px) 100vw, 1024px\" \/><\/figure>\n\n\n\n<p><em>Fuego Suicida<\/em> ha sido descrita como una historia que va m\u00e1s all\u00e1 de los c\u00e1nones t\u00edpicos del g\u00e9nero negro al incorporar conceptos y giros que remiten a la especulaci\u00f3n futurista, explorando tensiones entre individuo, sociedad y sistemas judiciales. Este enfoque transversal es uno de los factores que ha generado expectativa entre lectores y cr\u00edticos europeos.<\/p>\n\n\n\n<p>La novela ya ha tenido reconocimiento en el \u00e1mbito editorial espa\u00f1ol: anteriormente <em>Fuego Suicida<\/em> fue galardonada con el <strong>Premio Internacional de Novela Policial Adarve Negra<\/strong>, un certamen que valor\u00f3 su originalidad narrativa y su capacidad para fusionar g\u00e9neros de forma audaz.<\/p>\n\n\n\n<p>La presentaci\u00f3n en Espa\u00f1a se da en un contexto de mayor visibilidad para Guinot, quien tambi\u00e9n ha participado activamente en eventos literarios relevantes, consolid\u00e1ndose como una voz argentina con proyecci\u00f3n internacional dentro de la literatura contempor\u00e1nea que cruza lo policial con lo especulativo.<\/p>\n","protected":false},"excerpt":{"rendered":"<p>El autor mercedino Juan Guinot desembarca en el mercado literario espa\u00f1ol con su obra Fuego Suicida, una novela que mezcla &#8230; <a title=\"Juan Guinot presenta en Espa\u00f1a su novela \u201cFuego Suicida\u201d\" class=\"read-more\" href=\"https:\/\/www.hoymercedes.com.ar\/principal\/2026\/02\/07\/juan-guinot-presenta-en-espana-su-novela-fuego-suicida\/\" aria-label=\"Leer m\u00e1s sobre Juan Guinot presenta en Espa\u00f1a su novela \u201cFuego Suicida\u201d\">Leer m\u00e1s<\/a><\/p>\n","protected":false},"author":1,"featured_media":191673,"comment_status":"closed","ping_status":"open","sticky":false,"template":"","format":"standard","meta":{"_monsterinsights_skip_tracking":false,"_monsterinsights_sitenote_active":false,"_monsterinsights_sitenote_note":"","_monsterinsights_sitenote_category":0,"jetpack_post_was_ever_published":false,"_jetpack_newsletter_access":"","_jetpack_dont_email_post_to_subs":false,"_jetpack_newsletter_tier_id":0,"_jetpack_memberships_contains_paywalled_content":false,"_jetpack_memberships_contains_paid_content":false,"footnotes":"","jetpack_publicize_message":"","jetpack_publicize_feature_enabled":true,"jetpack_social_post_already_shared":true,"jetpack_social_options":{"image_generator_settings":{"template":"highway","default_image_id":0,"font":"","enabled":false},"version":2},"_wpas_customize_per_network":false},"categories":[104],"tags":[],"class_list":["post-191672","post","type-post","status-publish","format-standard","has-post-thumbnail","hentry","category-cultura","generate-columns","tablet-grid-50","mobile-grid-100","grid-parent","grid-50"],"jetpack_publicize_connections":[],"jetpack_featured_media_url":"https:\/\/www.hoymercedes.com.ar\/principal\/wp-content\/uploads\/2026\/02\/WhatsApp-Image-2026-02-05-at-10.58.59.jpeg","wps_subtitle":"","jetpack_sharing_enabled":true,"_links":{"self":[{"href":"https:\/\/www.hoymercedes.com.ar\/principal\/wp-json\/wp\/v2\/posts\/191672","targetHints":{"allow":["GET"]}}],"collection":[{"href":"https:\/\/www.hoymercedes.com.ar\/principal\/wp-json\/wp\/v2\/posts"}],"about":[{"href":"https:\/\/www.hoymercedes.com.ar\/principal\/wp-json\/wp\/v2\/types\/post"}],"author":[{"embeddable":true,"href":"https:\/\/www.hoymercedes.com.ar\/principal\/wp-json\/wp\/v2\/users\/1"}],"replies":[{"embeddable":true,"href":"https:\/\/www.hoymercedes.com.ar\/principal\/wp-json\/wp\/v2\/comments?post=191672"}],"version-history":[{"count":1,"href":"https:\/\/www.hoymercedes.com.ar\/principal\/wp-json\/wp\/v2\/posts\/191672\/revisions"}],"predecessor-version":[{"id":191674,"href":"https:\/\/www.hoymercedes.com.ar\/principal\/wp-json\/wp\/v2\/posts\/191672\/revisions\/191674"}],"wp:featuredmedia":[{"embeddable":true,"href":"https:\/\/www.hoymercedes.com.ar\/principal\/wp-json\/wp\/v2\/media\/191673"}],"wp:attachment":[{"href":"https:\/\/www.hoymercedes.com.ar\/principal\/wp-json\/wp\/v2\/media?parent=191672"}],"wp:term":[{"taxonomy":"category","embeddable":true,"href":"https:\/\/www.hoymercedes.com.ar\/principal\/wp-json\/wp\/v2\/categories?post=191672"},{"taxonomy":"post_tag","embeddable":true,"href":"https:\/\/www.hoymercedes.com.ar\/principal\/wp-json\/wp\/v2\/tags?post=191672"}],"curies":[{"name":"wp","href":"https:\/\/api.w.org\/{rel}","templated":true}]}}