{"id":191678,"date":"2026-02-05T11:07:24","date_gmt":"2026-02-05T14:07:24","guid":{"rendered":"https:\/\/www.hoymercedes.com.ar\/principal\/?p=191678"},"modified":"2026-02-05T11:07:27","modified_gmt":"2026-02-05T14:07:27","slug":"debut-dificil-y-avance-a-cuartos-para-los-guerreros","status":"publish","type":"post","link":"https:\/\/www.hoymercedes.com.ar\/principal\/2026\/02\/05\/debut-dificil-y-avance-a-cuartos-para-los-guerreros\/","title":{"rendered":"Debut dif\u00edcil y avance a cuartos para Los Guerreros"},"content":{"rendered":"\n<p>La participaci\u00f3n argentina en la <strong>primera edici\u00f3n de la Copa Libertadores de F\u00fatbol Amputado<\/strong> tuvo un comienzo complicado, ya que los equipos nacionales no lograron resultados positivos en la ronda inicial del torneo, mostrando un arranque con dificultades ante rivales de la regi\u00f3n.<\/p>\n\n\n\n<figure class=\"wp-block-image size-large\"><img loading=\"lazy\" decoding=\"async\" width=\"1024\" height=\"682\" data-attachment-id=\"191679\" data-permalink=\"https:\/\/www.hoymercedes.com.ar\/principal\/2026\/02\/05\/debut-dificil-y-avance-a-cuartos-para-los-guerreros\/image-201\/#main\" data-orig-file=\"https:\/\/www.hoymercedes.com.ar\/principal\/wp-content\/uploads\/2026\/02\/image-4.png\" data-orig-size=\"1280,853\" data-comments-opened=\"0\" data-image-meta=\"{&quot;aperture&quot;:&quot;0&quot;,&quot;credit&quot;:&quot;&quot;,&quot;camera&quot;:&quot;&quot;,&quot;caption&quot;:&quot;&quot;,&quot;created_timestamp&quot;:&quot;0&quot;,&quot;copyright&quot;:&quot;&quot;,&quot;focal_length&quot;:&quot;0&quot;,&quot;iso&quot;:&quot;0&quot;,&quot;shutter_speed&quot;:&quot;0&quot;,&quot;title&quot;:&quot;&quot;,&quot;orientation&quot;:&quot;0&quot;}\" data-image-title=\"image\" data-image-description=\"\" data-image-caption=\"\" data-large-file=\"https:\/\/www.hoymercedes.com.ar\/principal\/wp-content\/uploads\/2026\/02\/image-4-1024x682.png\" src=\"https:\/\/www.hoymercedes.com.ar\/principal\/wp-content\/uploads\/2026\/02\/image-4-1024x682.png\" alt=\"\" class=\"wp-image-191679\" srcset=\"https:\/\/www.hoymercedes.com.ar\/principal\/wp-content\/uploads\/2026\/02\/image-4-1024x682.png 1024w, https:\/\/www.hoymercedes.com.ar\/principal\/wp-content\/uploads\/2026\/02\/image-4-630x420.png 630w, https:\/\/www.hoymercedes.com.ar\/principal\/wp-content\/uploads\/2026\/02\/image-4-150x100.png 150w, https:\/\/www.hoymercedes.com.ar\/principal\/wp-content\/uploads\/2026\/02\/image-4.png 1280w\" sizes=\"auto, (max-width: 1024px) 100vw, 1024px\" \/><\/figure>\n\n\n\n<p>Pese a ese comienzo adverso, en la jornada siguiente los representantes argentinos consiguieron recuperarse y <strong>aseguraron su clasificaci\u00f3n a los cuartos de final<\/strong> del certamen. La jornada estuvo marcada por la intensidad de los partidos y un clima desafiante, pero permiti\u00f3 a los equipos de nuestro pa\u00eds seguir en competencia y mantener vivas sus aspiraciones en el torneo.<\/p>\n\n\n\n<p>En el\u00a0<strong>Grupo C<\/strong>, Los Guerreros de Rosario protagonizaron un encuentro mucho m\u00e1s ajustado frente al anfitri\u00f3n, el club\u00a0<strong>Esperia<\/strong>. Tras un primer tiempo desfavorable donde se fueron al descanso 3-0 abajo \u2014con goles de Felipe Valencia (uno de penal) y Diogo Da Silva\u2014, el equipo de Cristian Buschiazzo reaccion\u00f3 en el complemento. Gracias a un tiro libre de Jonathan Montans y un tanto de Facundo Bernal, los rosarinos quedaron a un paso del empate, cerrando el marcador con un\u00a0<strong>3-2<\/strong>\u00a0definitivo.<\/p>\n\n\n\n<p>Luego se impuso por 1 a 0 ante el local\u00a0<strong>Assama (Brasil)<\/strong>. El \u00fanico tanto del encuentro fue obra de\u00a0<strong>Iv\u00e1n Gonz\u00e1lez<\/strong>.<\/p>\n","protected":false},"excerpt":{"rendered":"<p>La participaci\u00f3n argentina en la primera edici\u00f3n de la Copa Libertadores de F\u00fatbol Amputado tuvo un comienzo complicado, ya que &#8230; <a title=\"Debut dif\u00edcil y avance a cuartos para Los Guerreros\" class=\"read-more\" href=\"https:\/\/www.hoymercedes.com.ar\/principal\/2026\/02\/05\/debut-dificil-y-avance-a-cuartos-para-los-guerreros\/\" aria-label=\"Leer m\u00e1s sobre Debut dif\u00edcil y avance a cuartos para Los Guerreros\">Leer m\u00e1s<\/a><\/p>\n","protected":false},"author":1,"featured_media":191679,"comment_status":"closed","ping_status":"open","sticky":false,"template":"","format":"standard","meta":{"_monsterinsights_skip_tracking":false,"_monsterinsights_sitenote_active":false,"_monsterinsights_sitenote_note":"","_monsterinsights_sitenote_category":0,"jetpack_post_was_ever_published":false,"_jetpack_newsletter_access":"","_jetpack_dont_email_post_to_subs":false,"_jetpack_newsletter_tier_id":0,"_jetpack_memberships_contains_paywalled_content":false,"_jetpack_memberships_contains_paid_content":false,"footnotes":"","jetpack_publicize_message":"","jetpack_publicize_feature_enabled":true,"jetpack_social_post_already_shared":true,"jetpack_social_options":{"image_generator_settings":{"template":"highway","default_image_id":0,"font":"","enabled":false},"version":2},"_wpas_customize_per_network":false},"categories":[21],"tags":[],"class_list":["post-191678","post","type-post","status-publish","format-standard","has-post-thumbnail","hentry","category-deportes","generate-columns","tablet-grid-50","mobile-grid-100","grid-parent","grid-50"],"jetpack_publicize_connections":[],"jetpack_featured_media_url":"https:\/\/www.hoymercedes.com.ar\/principal\/wp-content\/uploads\/2026\/02\/image-4.png","wps_subtitle":"","jetpack_sharing_enabled":true,"_links":{"self":[{"href":"https:\/\/www.hoymercedes.com.ar\/principal\/wp-json\/wp\/v2\/posts\/191678","targetHints":{"allow":["GET"]}}],"collection":[{"href":"https:\/\/www.hoymercedes.com.ar\/principal\/wp-json\/wp\/v2\/posts"}],"about":[{"href":"https:\/\/www.hoymercedes.com.ar\/principal\/wp-json\/wp\/v2\/types\/post"}],"author":[{"embeddable":true,"href":"https:\/\/www.hoymercedes.com.ar\/principal\/wp-json\/wp\/v2\/users\/1"}],"replies":[{"embeddable":true,"href":"https:\/\/www.hoymercedes.com.ar\/principal\/wp-json\/wp\/v2\/comments?post=191678"}],"version-history":[{"count":1,"href":"https:\/\/www.hoymercedes.com.ar\/principal\/wp-json\/wp\/v2\/posts\/191678\/revisions"}],"predecessor-version":[{"id":191680,"href":"https:\/\/www.hoymercedes.com.ar\/principal\/wp-json\/wp\/v2\/posts\/191678\/revisions\/191680"}],"wp:featuredmedia":[{"embeddable":true,"href":"https:\/\/www.hoymercedes.com.ar\/principal\/wp-json\/wp\/v2\/media\/191679"}],"wp:attachment":[{"href":"https:\/\/www.hoymercedes.com.ar\/principal\/wp-json\/wp\/v2\/media?parent=191678"}],"wp:term":[{"taxonomy":"category","embeddable":true,"href":"https:\/\/www.hoymercedes.com.ar\/principal\/wp-json\/wp\/v2\/categories?post=191678"},{"taxonomy":"post_tag","embeddable":true,"href":"https:\/\/www.hoymercedes.com.ar\/principal\/wp-json\/wp\/v2\/tags?post=191678"}],"curies":[{"name":"wp","href":"https:\/\/api.w.org\/{rel}","templated":true}]}}