{"id":191682,"date":"2026-02-07T11:09:05","date_gmt":"2026-02-07T14:09:05","guid":{"rendered":"https:\/\/www.hoymercedes.com.ar\/principal\/?p=191682"},"modified":"2026-02-05T11:10:43","modified_gmt":"2026-02-05T14:10:43","slug":"eden-destinara-15-millones-de-pesos-para-modernizar-la-red-electrica-en-15-barrios","status":"publish","type":"post","link":"https:\/\/www.hoymercedes.com.ar\/principal\/2026\/02\/07\/eden-destinara-15-millones-de-pesos-para-modernizar-la-red-electrica-en-15-barrios\/","title":{"rendered":"EDEN destinar\u00e1 15 millones de pesos para modernizar la red el\u00e9ctrica en 15 barrios"},"content":{"rendered":"\n<p>La empresa distribuidora de energ\u00eda <strong>EDEN<\/strong> anunci\u00f3 una inversi\u00f3n de <strong>15 millones de pesos<\/strong> destinada a mejorar la infraestructura el\u00e9ctrica en distintos sectores de la ciudad. El objetivo de estos trabajos es <strong>reforzar y actualizar la red<\/strong>, reemplazando equipos antiguos y optimizando el servicio en alrededor de <strong>15 barrios<\/strong>, donde se hab\u00edan detectado problemas de tensi\u00f3n o fallas operativas.<\/p>\n\n\n\n<figure class=\"wp-block-image size-full\"><img loading=\"lazy\" decoding=\"async\" width=\"600\" height=\"800\" data-attachment-id=\"152448\" data-permalink=\"https:\/\/www.hoymercedes.com.ar\/principal\/2022\/08\/29\/eden-informo-inversion-en-barrio-blandengues\/mercedes-obra-eden-barrio-blandengues-ct-1\/#main\" data-orig-file=\"https:\/\/www.hoymercedes.com.ar\/principal\/wp-content\/uploads\/2022\/08\/MERCEDES-Obra-EDEN-Barrio-Blandengues-CT-1.jpeg\" data-orig-size=\"600,800\" data-comments-opened=\"0\" data-image-meta=\"{&quot;aperture&quot;:&quot;0&quot;,&quot;credit&quot;:&quot;&quot;,&quot;camera&quot;:&quot;&quot;,&quot;caption&quot;:&quot;&quot;,&quot;created_timestamp&quot;:&quot;1661808868&quot;,&quot;copyright&quot;:&quot;&quot;,&quot;focal_length&quot;:&quot;0&quot;,&quot;iso&quot;:&quot;0&quot;,&quot;shutter_speed&quot;:&quot;0&quot;,&quot;title&quot;:&quot;&quot;,&quot;orientation&quot;:&quot;1&quot;}\" data-image-title=\"MERCEDES-Obra EDEN Barrio Blandengues-CT-1\" data-image-description=\"\" data-image-caption=\"\" data-large-file=\"https:\/\/www.hoymercedes.com.ar\/principal\/wp-content\/uploads\/2022\/08\/MERCEDES-Obra-EDEN-Barrio-Blandengues-CT-1.jpeg\" src=\"https:\/\/www.hoymercedes.com.ar\/principal\/wp-content\/uploads\/2022\/08\/MERCEDES-Obra-EDEN-Barrio-Blandengues-CT-1.jpeg\" alt=\"\" class=\"wp-image-152448\" srcset=\"https:\/\/www.hoymercedes.com.ar\/principal\/wp-content\/uploads\/2022\/08\/MERCEDES-Obra-EDEN-Barrio-Blandengues-CT-1.jpeg 600w, https:\/\/www.hoymercedes.com.ar\/principal\/wp-content\/uploads\/2022\/08\/MERCEDES-Obra-EDEN-Barrio-Blandengues-CT-1-465x620.jpeg 465w, https:\/\/www.hoymercedes.com.ar\/principal\/wp-content\/uploads\/2022\/08\/MERCEDES-Obra-EDEN-Barrio-Blandengues-CT-1-113x150.jpeg 113w\" sizes=\"auto, (max-width: 600px) 100vw, 600px\" \/><\/figure>\n\n\n\n<p>Seg\u00fan comunicaron desde la compa\u00f1\u00eda, las obras forman parte de un plan m\u00e1s amplio de mantenimiento y modernizaci\u00f3n que buscar atender las necesidades de los usuarios y reducir las interrupciones del suministro. Estas acciones se enfocar\u00e1n tanto en la renovaci\u00f3n de componentes como en la incorporaci\u00f3n de tecnolog\u00eda que permita una operaci\u00f3n m\u00e1s eficiente y segura de la red el\u00e9ctrica local.<\/p>\n\n\n\n<p>Desde EDEN se\u00f1alaron que la inversi\u00f3n ser\u00e1 clave para <strong>mejorar la calidad del servicio<\/strong> y reforzar la estabilidad del suministro en zonas hist\u00f3ricamente m\u00e1s afectadas por bajadas de tensi\u00f3n o cortes. Las tareas se realizar\u00e1n de manera programada para minimizar las molestias a los vecinos mientras se concretan los trabajos.<\/p>\n","protected":false},"excerpt":{"rendered":"<p>La empresa distribuidora de energ\u00eda EDEN anunci\u00f3 una inversi\u00f3n de 15 millones de pesos destinada a mejorar la infraestructura el\u00e9ctrica &#8230; <a title=\"EDEN destinar\u00e1 15 millones de pesos para modernizar la red el\u00e9ctrica en 15 barrios\" class=\"read-more\" href=\"https:\/\/www.hoymercedes.com.ar\/principal\/2026\/02\/07\/eden-destinara-15-millones-de-pesos-para-modernizar-la-red-electrica-en-15-barrios\/\" aria-label=\"Leer m\u00e1s sobre EDEN destinar\u00e1 15 millones de pesos para modernizar la red el\u00e9ctrica en 15 barrios\">Leer m\u00e1s<\/a><\/p>\n","protected":false},"author":1,"featured_media":152448,"comment_status":"closed","ping_status":"open","sticky":false,"template":"","format":"standard","meta":{"_monsterinsights_skip_tracking":false,"_monsterinsights_sitenote_active":false,"_monsterinsights_sitenote_note":"","_monsterinsights_sitenote_category":0,"jetpack_post_was_ever_published":false,"_jetpack_newsletter_access":"","_jetpack_dont_email_post_to_subs":false,"_jetpack_newsletter_tier_id":0,"_jetpack_memberships_contains_paywalled_content":false,"_jetpack_memberships_contains_paid_content":false,"footnotes":"","jetpack_publicize_message":"","jetpack_publicize_feature_enabled":true,"jetpack_social_post_already_shared":true,"jetpack_social_options":{"image_generator_settings":{"template":"highway","default_image_id":0,"font":"","enabled":false},"version":2},"_wpas_customize_per_network":false},"categories":[8],"tags":[],"class_list":["post-191682","post","type-post","status-publish","format-standard","has-post-thumbnail","hentry","category-sociedad","generate-columns","tablet-grid-50","mobile-grid-100","grid-parent","grid-50"],"jetpack_publicize_connections":[],"jetpack_featured_media_url":"https:\/\/www.hoymercedes.com.ar\/principal\/wp-content\/uploads\/2022\/08\/MERCEDES-Obra-EDEN-Barrio-Blandengues-CT-1.jpeg","wps_subtitle":"","jetpack_sharing_enabled":true,"_links":{"self":[{"href":"https:\/\/www.hoymercedes.com.ar\/principal\/wp-json\/wp\/v2\/posts\/191682","targetHints":{"allow":["GET"]}}],"collection":[{"href":"https:\/\/www.hoymercedes.com.ar\/principal\/wp-json\/wp\/v2\/posts"}],"about":[{"href":"https:\/\/www.hoymercedes.com.ar\/principal\/wp-json\/wp\/v2\/types\/post"}],"author":[{"embeddable":true,"href":"https:\/\/www.hoymercedes.com.ar\/principal\/wp-json\/wp\/v2\/users\/1"}],"replies":[{"embeddable":true,"href":"https:\/\/www.hoymercedes.com.ar\/principal\/wp-json\/wp\/v2\/comments?post=191682"}],"version-history":[{"count":1,"href":"https:\/\/www.hoymercedes.com.ar\/principal\/wp-json\/wp\/v2\/posts\/191682\/revisions"}],"predecessor-version":[{"id":191683,"href":"https:\/\/www.hoymercedes.com.ar\/principal\/wp-json\/wp\/v2\/posts\/191682\/revisions\/191683"}],"wp:featuredmedia":[{"embeddable":true,"href":"https:\/\/www.hoymercedes.com.ar\/principal\/wp-json\/wp\/v2\/media\/152448"}],"wp:attachment":[{"href":"https:\/\/www.hoymercedes.com.ar\/principal\/wp-json\/wp\/v2\/media?parent=191682"}],"wp:term":[{"taxonomy":"category","embeddable":true,"href":"https:\/\/www.hoymercedes.com.ar\/principal\/wp-json\/wp\/v2\/categories?post=191682"},{"taxonomy":"post_tag","embeddable":true,"href":"https:\/\/www.hoymercedes.com.ar\/principal\/wp-json\/wp\/v2\/tags?post=191682"}],"curies":[{"name":"wp","href":"https:\/\/api.w.org\/{rel}","templated":true}]}}