{"id":19171,"date":"2013-01-03T03:19:39","date_gmt":"2013-01-03T03:19:39","guid":{"rendered":"http:\/\/www.hoymercedes.com.ar\/principal\/?p=19171"},"modified":"2013-01-03T03:21:46","modified_gmt":"2013-01-03T03:21:46","slug":"prensa-nacional-situa-a-selva-como-apostol-y-dentro-de-las-estrategias-de-massa","status":"publish","type":"post","link":"https:\/\/www.hoymercedes.com.ar\/principal\/2013\/01\/03\/prensa-nacional-situa-a-selva-como-apostol-y-dentro-de-las-estrategias-de-massa\/","title":{"rendered":"Prensa Nacional sit\u00faa a Selva como ap\u00f3stol y dentro de las estrategias de Massa"},"content":{"rendered":"<p><a href=\"https:\/\/www.hoymercedes.com.ar\/principal\/wp-content\/uploads\/2013\/01\/Selva-Massa-LPON.jpg\"><img loading=\"lazy\" decoding=\"async\" data-attachment-id=\"19181\" data-permalink=\"https:\/\/www.hoymercedes.com.ar\/principal\/2013\/01\/03\/prensa-nacional-situa-a-selva-como-apostol-y-dentro-de-las-estrategias-de-massa\/selva-massa-lpon\/#main\" data-orig-file=\"https:\/\/www.hoymercedes.com.ar\/principal\/wp-content\/uploads\/2013\/01\/Selva-Massa-LPON.jpg\" data-orig-size=\"618,287\" data-comments-opened=\"1\" data-image-meta=\"{&quot;aperture&quot;:&quot;0&quot;,&quot;credit&quot;:&quot;&quot;,&quot;camera&quot;:&quot;&quot;,&quot;caption&quot;:&quot;&quot;,&quot;created_timestamp&quot;:&quot;0&quot;,&quot;copyright&quot;:&quot;&quot;,&quot;focal_length&quot;:&quot;0&quot;,&quot;iso&quot;:&quot;0&quot;,&quot;shutter_speed&quot;:&quot;0&quot;,&quot;title&quot;:&quot;&quot;}\" data-image-title=\"Selva-Massa-LPON\" data-image-description=\"\" data-image-caption=\"\" data-large-file=\"https:\/\/www.hoymercedes.com.ar\/principal\/wp-content\/uploads\/2013\/01\/Selva-Massa-LPON.jpg\" class=\"aligncenter size-full wp-image-19181\" alt=\"Selva-Massa-LPON\" src=\"https:\/\/www.hoymercedes.com.ar\/principal\/wp-content\/uploads\/2013\/01\/Selva-Massa-LPON.jpg\" width=\"618\" height=\"287\" \/><\/a><\/p>\n<p>&nbsp;<\/p>\n<p><em><strong>La prensa nacional, en especial la dedicada a la pol\u00edtica, desde hace un tiempo lo sit\u00faa al intendente local dentro de los pol\u00edticos que le dan plaf\u00f3n a la carrera del intendente de Massa para ir por alg\u00fan cargo distinto al actual. La situaci\u00f3n se suma a la importante reuni\u00f3n vivida hace casi una semana cuando el gobernador Daniel Scioli acompa\u00f1ado de importantes figuras de su gabinete particip\u00f3 en un campo de nuestra ciudad en una reuni\u00f3n pol\u00edtica con el mandatario local y otros referentes.<\/strong><\/em><\/p>\n<p>LaPoliticaOnline y en varias ocasiones La Tecla, espacios digitales dedicados a las noticias pol\u00edticas, dan al intendente Selva como un firme hombre de acompa\u00f1amiento a Massa y a Scioli, m\u00e1s all\u00e1 de las estructuras kirchneristas de las cuales est\u00e1 alejado en t\u00e9rminos estructurales, pero, donde sostiene el sello, pues, su bloque, es el del Frente para la Victoria en el Cuerpo Deliberativo y fue qui\u00e9n llev\u00f3 la boleta oficial en las \u00faltimas elecciones y potencialmente la llevar\u00eda en las pr\u00f3ximas, seg\u00fan algunas fuentes, que, a su vez, juegan con que Massa ir\u00eda por un lugar en Diputados y luego a la gobernaci\u00f3n con un Scioli presidente en caso de no salir la re reelecci\u00f3n para Cristina Fern\u00e1ndez. Otros, m\u00e1s osados, especulan con que Massa, en 2015, ir\u00eda derecho por la presidencia, pero, como se sabe, son todas especulaciones y en pol\u00edtica hasta en cuesti\u00f3n de horas es dif\u00edcil de apostar.<\/p>\n<p>La reuni\u00f3n en el campo de nuestra ciudad pas\u00f3 las cuatro horas de duraci\u00f3n, cosa poco frecuente en el gobernador, hombre conocido por sus fugaces apariciones m\u00e1s para los flashes que para las definiciones.<\/p>\n<p>Sobre el futuro de Selva se dicen muchas cosas, los pasillos hablan, pero, por el momento, sigue firme, en exposici\u00f3n y especulaci\u00f3n, muy cerca de Massa, a qui\u00e9n aventureros sit\u00faan acompa\u00f1\u00e1ndolo cada vez m\u00e1s en el futuro.<\/p>\n<p>&nbsp;<\/p>\n","protected":false},"excerpt":{"rendered":"<p>&nbsp; La prensa nacional, en especial la dedicada a la pol\u00edtica, desde hace un tiempo lo sit\u00faa al intendente local &#8230; <a title=\"Prensa Nacional sit\u00faa a Selva como ap\u00f3stol y dentro de las estrategias de Massa\" class=\"read-more\" href=\"https:\/\/www.hoymercedes.com.ar\/principal\/2013\/01\/03\/prensa-nacional-situa-a-selva-como-apostol-y-dentro-de-las-estrategias-de-massa\/\" aria-label=\"Leer m\u00e1s sobre Prensa Nacional sit\u00faa a Selva como ap\u00f3stol y dentro de las estrategias de Massa\">Leer m\u00e1s<\/a><\/p>\n","protected":false},"author":1,"featured_media":0,"comment_status":"open","ping_status":"open","sticky":false,"template":"","format":"standard","meta":{"_monsterinsights_skip_tracking":false,"_monsterinsights_sitenote_active":false,"_monsterinsights_sitenote_note":"","_monsterinsights_sitenote_category":0,"jetpack_post_was_ever_published":false,"_jetpack_newsletter_access":"","_jetpack_dont_email_post_to_subs":false,"_jetpack_newsletter_tier_id":0,"_jetpack_memberships_contains_paywalled_content":false,"_jetpack_memberships_contains_paid_content":false,"footnotes":"","jetpack_publicize_message":"","jetpack_publicize_feature_enabled":true,"jetpack_social_post_already_shared":false,"jetpack_social_options":{"image_generator_settings":{"template":"highway","default_image_id":0,"font":"","enabled":false},"version":2},"_wpas_customize_per_network":false},"categories":[5],"tags":[39,2684],"class_list":["post-19171","post","type-post","status-publish","format-standard","hentry","category-politica","tag-carlos-selva","tag-sergio-massa","generate-columns","tablet-grid-50","mobile-grid-100","grid-parent","grid-50"],"jetpack_publicize_connections":[],"jetpack_featured_media_url":"","wps_subtitle":"","jetpack_sharing_enabled":true,"_links":{"self":[{"href":"https:\/\/www.hoymercedes.com.ar\/principal\/wp-json\/wp\/v2\/posts\/19171","targetHints":{"allow":["GET"]}}],"collection":[{"href":"https:\/\/www.hoymercedes.com.ar\/principal\/wp-json\/wp\/v2\/posts"}],"about":[{"href":"https:\/\/www.hoymercedes.com.ar\/principal\/wp-json\/wp\/v2\/types\/post"}],"author":[{"embeddable":true,"href":"https:\/\/www.hoymercedes.com.ar\/principal\/wp-json\/wp\/v2\/users\/1"}],"replies":[{"embeddable":true,"href":"https:\/\/www.hoymercedes.com.ar\/principal\/wp-json\/wp\/v2\/comments?post=19171"}],"version-history":[{"count":0,"href":"https:\/\/www.hoymercedes.com.ar\/principal\/wp-json\/wp\/v2\/posts\/19171\/revisions"}],"wp:attachment":[{"href":"https:\/\/www.hoymercedes.com.ar\/principal\/wp-json\/wp\/v2\/media?parent=19171"}],"wp:term":[{"taxonomy":"category","embeddable":true,"href":"https:\/\/www.hoymercedes.com.ar\/principal\/wp-json\/wp\/v2\/categories?post=19171"},{"taxonomy":"post_tag","embeddable":true,"href":"https:\/\/www.hoymercedes.com.ar\/principal\/wp-json\/wp\/v2\/tags?post=19171"}],"curies":[{"name":"wp","href":"https:\/\/api.w.org\/{rel}","templated":true}]}}