{"id":191714,"date":"2026-02-06T10:55:56","date_gmt":"2026-02-06T13:55:56","guid":{"rendered":"https:\/\/www.hoymercedes.com.ar\/principal\/?p=191714"},"modified":"2026-02-06T10:55:59","modified_gmt":"2026-02-06T13:55:59","slug":"damian-defelippe-a-las-semifinales-de-la-copa-libertadores-de-amputados","status":"publish","type":"post","link":"https:\/\/www.hoymercedes.com.ar\/principal\/2026\/02\/06\/damian-defelippe-a-las-semifinales-de-la-copa-libertadores-de-amputados\/","title":{"rendered":"Damian Defelippe, a las semifinales de la Copa Libertadores de Amputados"},"content":{"rendered":"\n<p>En el marco de la <strong>Copa Libertadores de F\u00fatbol de Amputados 2026<\/strong>, el equipo argentino <strong>Los Guerreros de Rosario<\/strong> se asegur\u00f3 un lugar entre los cuatro mejores equipos del continente tras vencer con claridad a <strong>Android<\/strong> por <strong>3 a 0<\/strong> en los cuartos de final disputados este jueves en el <strong>Estadio Esperia<\/strong>, en San Pablo (Brasil). Con este triunfo, la delegaci\u00f3n rosarina se convierte en el \u00fanico representativo argentino que permanece en competencia en la fase decisiva del certamen.<\/p>\n\n\n\n<figure class=\"wp-block-image size-large\"><img loading=\"lazy\" decoding=\"async\" width=\"1024\" height=\"682\" data-attachment-id=\"191679\" data-permalink=\"https:\/\/www.hoymercedes.com.ar\/principal\/2026\/02\/05\/debut-dificil-y-avance-a-cuartos-para-los-guerreros\/image-201\/#main\" data-orig-file=\"https:\/\/www.hoymercedes.com.ar\/principal\/wp-content\/uploads\/2026\/02\/image-4.png\" data-orig-size=\"1280,853\" data-comments-opened=\"0\" data-image-meta=\"{&quot;aperture&quot;:&quot;0&quot;,&quot;credit&quot;:&quot;&quot;,&quot;camera&quot;:&quot;&quot;,&quot;caption&quot;:&quot;&quot;,&quot;created_timestamp&quot;:&quot;0&quot;,&quot;copyright&quot;:&quot;&quot;,&quot;focal_length&quot;:&quot;0&quot;,&quot;iso&quot;:&quot;0&quot;,&quot;shutter_speed&quot;:&quot;0&quot;,&quot;title&quot;:&quot;&quot;,&quot;orientation&quot;:&quot;0&quot;}\" data-image-title=\"image\" data-image-description=\"\" data-image-caption=\"\" data-large-file=\"https:\/\/www.hoymercedes.com.ar\/principal\/wp-content\/uploads\/2026\/02\/image-4-1024x682.png\" src=\"https:\/\/www.hoymercedes.com.ar\/principal\/wp-content\/uploads\/2026\/02\/image-4-1024x682.png\" alt=\"\" class=\"wp-image-191679\" srcset=\"https:\/\/www.hoymercedes.com.ar\/principal\/wp-content\/uploads\/2026\/02\/image-4-1024x682.png 1024w, https:\/\/www.hoymercedes.com.ar\/principal\/wp-content\/uploads\/2026\/02\/image-4-630x420.png 630w, https:\/\/www.hoymercedes.com.ar\/principal\/wp-content\/uploads\/2026\/02\/image-4-150x100.png 150w, https:\/\/www.hoymercedes.com.ar\/principal\/wp-content\/uploads\/2026\/02\/image-4.png 1280w\" sizes=\"auto, (max-width: 1024px) 100vw, 1024px\" \/><\/figure>\n\n\n\n<p>La victoria se construy\u00f3 sobre una actuaci\u00f3n s\u00f3lida en todas las l\u00edneas, destac\u00e1ndose la labor defensiva encabezada por el arquero <strong>Dami\u00e1n Defelippe<\/strong>, quien mantuvo su arco en cero para ayudar a su equipo a dar el golpe definitivo sobre el conjunto brasile\u00f1o.<\/p>\n\n\n\n<h3 class=\"wp-block-heading\">Resultados de los cuartos de final<\/h3>\n\n\n\n<p>La jornada en el sint\u00e9tico de Esperia tuvo varios partidos que definieron a los semifinalistas del torneo continental:<\/p>\n\n\n\n<ul class=\"wp-block-list\">\n<li><strong>Los Guerreros de Rosario 3 \u2013 0 Android<\/strong> (Argentina vs. Brasil)<\/li>\n\n\n\n<li><strong>Ourinhos 9 \u2013 1 7 Guerreros de Per\u00fa<\/strong> (Brasil vs. Per\u00fa)<\/li>\n\n\n\n<li><strong>San Benito 2 \u2013 0 ASSAMA<\/strong> (Brasil vs. Brasil)<\/li>\n\n\n\n<li><strong>Esperia 1 \u2013 0 Los Teros de C\u00f3rdoba<\/strong> (Brasil vs. Argentina)<\/li>\n<\/ul>\n\n\n\n<p>Con estos resultados, el equipo cordob\u00e9s <strong>Los Teros de C\u00f3rdoba<\/strong>, pese a su esfuerzo, qued\u00f3 eliminado tras caer ante los locales por 1 a 0, mientras que los otros elencos brasile\u00f1os avanzaron gracias a las contundentes victorias registradas.<\/p>\n\n\n\n<h3 class=\"wp-block-heading\">Qu\u00e9 viene: las semifinales<\/h3>\n\n\n\n<p>Tras su victoria, <strong>Los Guerreros de Rosario<\/strong> esperan su rival para las semifinales del torneo, que tambi\u00e9n se disputar\u00e1n en el mismo escenario. En esta instancia enfrentar\u00e1n a uno de los clubes brasile\u00f1os que contin\u00faan con vida en la competencia, en una serie que promete ser muy exigente dado el nivel ofensivo demostrado por los equipos del pa\u00eds anfitri\u00f3n.<\/p>\n\n\n\n<p>Los partidos de semifinales ser\u00e1n decisivos para definir a los finalistas que competir\u00e1n por el t\u00edtulo de la <strong>Copa Libertadores de F\u00fatbol de Amputados 2026<\/strong>, marcando un momento hist\u00f3rico para el f\u00fatbol adaptado argentino en el plano continental.<\/p>\n","protected":false},"excerpt":{"rendered":"<p>En el marco de la Copa Libertadores de F\u00fatbol de Amputados 2026, el equipo argentino Los Guerreros de Rosario se &#8230; <a title=\"Damian Defelippe, a las semifinales de la Copa Libertadores de Amputados\" class=\"read-more\" href=\"https:\/\/www.hoymercedes.com.ar\/principal\/2026\/02\/06\/damian-defelippe-a-las-semifinales-de-la-copa-libertadores-de-amputados\/\" aria-label=\"Leer m\u00e1s sobre Damian Defelippe, a las semifinales de la Copa Libertadores de Amputados\">Leer m\u00e1s<\/a><\/p>\n","protected":false},"author":1,"featured_media":191679,"comment_status":"closed","ping_status":"open","sticky":false,"template":"","format":"standard","meta":{"_monsterinsights_skip_tracking":false,"_monsterinsights_sitenote_active":false,"_monsterinsights_sitenote_note":"","_monsterinsights_sitenote_category":0,"jetpack_post_was_ever_published":false,"_jetpack_newsletter_access":"","_jetpack_dont_email_post_to_subs":false,"_jetpack_newsletter_tier_id":0,"_jetpack_memberships_contains_paywalled_content":false,"_jetpack_memberships_contains_paid_content":false,"footnotes":"","jetpack_publicize_message":"","jetpack_publicize_feature_enabled":true,"jetpack_social_post_already_shared":true,"jetpack_social_options":{"image_generator_settings":{"template":"highway","default_image_id":0,"font":"","enabled":false},"version":2},"_wpas_customize_per_network":false},"categories":[21],"tags":[],"class_list":["post-191714","post","type-post","status-publish","format-standard","has-post-thumbnail","hentry","category-deportes","generate-columns","tablet-grid-50","mobile-grid-100","grid-parent","grid-50"],"jetpack_publicize_connections":[],"jetpack_featured_media_url":"https:\/\/www.hoymercedes.com.ar\/principal\/wp-content\/uploads\/2026\/02\/image-4.png","wps_subtitle":"","jetpack_sharing_enabled":true,"_links":{"self":[{"href":"https:\/\/www.hoymercedes.com.ar\/principal\/wp-json\/wp\/v2\/posts\/191714","targetHints":{"allow":["GET"]}}],"collection":[{"href":"https:\/\/www.hoymercedes.com.ar\/principal\/wp-json\/wp\/v2\/posts"}],"about":[{"href":"https:\/\/www.hoymercedes.com.ar\/principal\/wp-json\/wp\/v2\/types\/post"}],"author":[{"embeddable":true,"href":"https:\/\/www.hoymercedes.com.ar\/principal\/wp-json\/wp\/v2\/users\/1"}],"replies":[{"embeddable":true,"href":"https:\/\/www.hoymercedes.com.ar\/principal\/wp-json\/wp\/v2\/comments?post=191714"}],"version-history":[{"count":1,"href":"https:\/\/www.hoymercedes.com.ar\/principal\/wp-json\/wp\/v2\/posts\/191714\/revisions"}],"predecessor-version":[{"id":191715,"href":"https:\/\/www.hoymercedes.com.ar\/principal\/wp-json\/wp\/v2\/posts\/191714\/revisions\/191715"}],"wp:featuredmedia":[{"embeddable":true,"href":"https:\/\/www.hoymercedes.com.ar\/principal\/wp-json\/wp\/v2\/media\/191679"}],"wp:attachment":[{"href":"https:\/\/www.hoymercedes.com.ar\/principal\/wp-json\/wp\/v2\/media?parent=191714"}],"wp:term":[{"taxonomy":"category","embeddable":true,"href":"https:\/\/www.hoymercedes.com.ar\/principal\/wp-json\/wp\/v2\/categories?post=191714"},{"taxonomy":"post_tag","embeddable":true,"href":"https:\/\/www.hoymercedes.com.ar\/principal\/wp-json\/wp\/v2\/tags?post=191714"}],"curies":[{"name":"wp","href":"https:\/\/api.w.org\/{rel}","templated":true}]}}