{"id":191725,"date":"2026-02-07T13:11:00","date_gmt":"2026-02-07T16:11:00","guid":{"rendered":"https:\/\/www.hoymercedes.com.ar\/principal\/?p=191725"},"modified":"2026-02-06T11:13:24","modified_gmt":"2026-02-06T14:13:24","slug":"atfa-abre-en-mercedes-un-curso-oficial-para-formarse-como-director-tecnico-de-futbol","status":"publish","type":"post","link":"https:\/\/www.hoymercedes.com.ar\/principal\/2026\/02\/07\/atfa-abre-en-mercedes-un-curso-oficial-para-formarse-como-director-tecnico-de-futbol\/","title":{"rendered":"ATFA abre en Mercedes un curso oficial para formarse como Director T\u00e9cnico de f\u00fatbol"},"content":{"rendered":"\n<p>Representantes de la <strong>Asociaci\u00f3n de T\u00e9cnicos del F\u00fatbol Argentino (ATFA)<\/strong> se reunieron con el presidente de la <strong>Liga Mercedina de F\u00fatbol<\/strong>, <strong>Esteban Marcelo<\/strong>, para confirmar que en Mercedes se dictar\u00e1 la <strong>escuela oficial de entrenadores de f\u00fatbol<\/strong> homologada por <strong>CONMEBOL<\/strong>. La confirmaci\u00f3n lleg\u00f3 tras el encuentro mantenido el <strong>mi\u00e9rcoles 4 de febrero<\/strong> entre dirigentes de ambas instituciones, con el apoyo de <strong>Mart\u00edn Blanco<\/strong> como nexo institucional.<\/p>\n\n\n\n<figure class=\"wp-block-image size-full\"><img loading=\"lazy\" decoding=\"async\" width=\"832\" height=\"832\" data-attachment-id=\"191727\" data-permalink=\"https:\/\/www.hoymercedes.com.ar\/principal\/whatsapp-image-2026-02-06-at-11-12-17-2\/\" data-orig-file=\"https:\/\/www.hoymercedes.com.ar\/principal\/wp-content\/uploads\/2026\/02\/WhatsApp-Image-2026-02-06-at-11.12.17-edited.jpeg\" data-orig-size=\"832,832\" data-comments-opened=\"0\" data-image-meta=\"{&quot;aperture&quot;:&quot;0&quot;,&quot;credit&quot;:&quot;&quot;,&quot;camera&quot;:&quot;&quot;,&quot;caption&quot;:&quot;&quot;,&quot;created_timestamp&quot;:&quot;0&quot;,&quot;copyright&quot;:&quot;&quot;,&quot;focal_length&quot;:&quot;0&quot;,&quot;iso&quot;:&quot;0&quot;,&quot;shutter_speed&quot;:&quot;0&quot;,&quot;title&quot;:&quot;&quot;,&quot;orientation&quot;:&quot;0&quot;}\" data-image-title=\"WhatsApp Image 2026-02-06 at 11.12.17\" data-image-description=\"\" data-image-caption=\"\" data-large-file=\"https:\/\/www.hoymercedes.com.ar\/principal\/wp-content\/uploads\/2026\/02\/WhatsApp-Image-2026-02-06-at-11.12.17-edited.jpeg\" src=\"https:\/\/www.hoymercedes.com.ar\/principal\/wp-content\/uploads\/2026\/02\/WhatsApp-Image-2026-02-06-at-11.12.17-edited.jpeg\" alt=\"\" class=\"wp-image-191727\" srcset=\"https:\/\/www.hoymercedes.com.ar\/principal\/wp-content\/uploads\/2026\/02\/WhatsApp-Image-2026-02-06-at-11.12.17-edited.jpeg 832w, https:\/\/www.hoymercedes.com.ar\/principal\/wp-content\/uploads\/2026\/02\/WhatsApp-Image-2026-02-06-at-11.12.17-edited-620x620.jpeg 620w, https:\/\/www.hoymercedes.com.ar\/principal\/wp-content\/uploads\/2026\/02\/WhatsApp-Image-2026-02-06-at-11.12.17-edited-150x150.jpeg 150w\" sizes=\"auto, (max-width: 832px) 100vw, 832px\" \/><\/figure>\n\n\n\n<p>La propuesta formativa permite a los interesados capacitarse como entrenadores con un programa reconocido a nivel nacional e internacional, sin tener que trasladarse a otras ciudades. El plan de estudios se organiza en niveles progresivos que habilitan a ejercer en distintas categor\u00edas del f\u00fatbol: la <strong>Licencia C<\/strong> permite dirigir escuelas y equipos hasta Sub 12; la <strong>Licencia B<\/strong> est\u00e1 orientada a Sub 15 y equipos de alto rendimiento; la <strong>Licencia A<\/strong> habilita para Sub 20, reservas y divisiones mayores; y la <strong>Licencia Pro<\/strong> es el nivel m\u00e1ximo, que faculta para dirigir equipos profesionales y selecciones.<\/p>\n\n\n\n<p>Quienes deseen inscribirse en la cohorte 2026 deben tener <strong>18 a\u00f1os o m\u00e1s<\/strong> y contar con el <strong>t\u00edtulo secundario completo<\/strong>. La inscripci\u00f3n ya est\u00e1 abierta y los aspirantes pueden acceder al formulario oficial para sumarse al curso.<\/p>\n\n\n\n<p>Este curso, organizado junto a la Liga Mercedina, busca fortalecer la capacitaci\u00f3n de t\u00e9cnicos en la regi\u00f3n y ofrecer una salida profesional con validez tanto en el \u00e1mbito local como en el f\u00fatbol formal de todo el pa\u00eds y el continente.<\/p>\n","protected":false},"excerpt":{"rendered":"<p>Representantes de la Asociaci\u00f3n de T\u00e9cnicos del F\u00fatbol Argentino (ATFA) se reunieron con el presidente de la Liga Mercedina de &#8230; <a title=\"ATFA abre en Mercedes un curso oficial para formarse como Director T\u00e9cnico de f\u00fatbol\" class=\"read-more\" href=\"https:\/\/www.hoymercedes.com.ar\/principal\/2026\/02\/07\/atfa-abre-en-mercedes-un-curso-oficial-para-formarse-como-director-tecnico-de-futbol\/\" aria-label=\"Leer m\u00e1s sobre ATFA abre en Mercedes un curso oficial para formarse como Director T\u00e9cnico de f\u00fatbol\">Leer m\u00e1s<\/a><\/p>\n","protected":false},"author":1,"featured_media":191727,"comment_status":"closed","ping_status":"open","sticky":false,"template":"","format":"standard","meta":{"_monsterinsights_skip_tracking":false,"_monsterinsights_sitenote_active":false,"_monsterinsights_sitenote_note":"","_monsterinsights_sitenote_category":0,"jetpack_post_was_ever_published":false,"_jetpack_newsletter_access":"","_jetpack_dont_email_post_to_subs":false,"_jetpack_newsletter_tier_id":0,"_jetpack_memberships_contains_paywalled_content":false,"_jetpack_memberships_contains_paid_content":false,"footnotes":"","jetpack_publicize_message":"","jetpack_publicize_feature_enabled":true,"jetpack_social_post_already_shared":true,"jetpack_social_options":{"image_generator_settings":{"template":"highway","default_image_id":0,"font":"","enabled":false},"version":2},"_wpas_customize_per_network":false},"categories":[21],"tags":[],"class_list":["post-191725","post","type-post","status-publish","format-standard","has-post-thumbnail","hentry","category-deportes","generate-columns","tablet-grid-50","mobile-grid-100","grid-parent","grid-50"],"jetpack_publicize_connections":[],"jetpack_featured_media_url":"https:\/\/www.hoymercedes.com.ar\/principal\/wp-content\/uploads\/2026\/02\/WhatsApp-Image-2026-02-06-at-11.12.17-edited.jpeg","wps_subtitle":"","jetpack_sharing_enabled":true,"_links":{"self":[{"href":"https:\/\/www.hoymercedes.com.ar\/principal\/wp-json\/wp\/v2\/posts\/191725","targetHints":{"allow":["GET"]}}],"collection":[{"href":"https:\/\/www.hoymercedes.com.ar\/principal\/wp-json\/wp\/v2\/posts"}],"about":[{"href":"https:\/\/www.hoymercedes.com.ar\/principal\/wp-json\/wp\/v2\/types\/post"}],"author":[{"embeddable":true,"href":"https:\/\/www.hoymercedes.com.ar\/principal\/wp-json\/wp\/v2\/users\/1"}],"replies":[{"embeddable":true,"href":"https:\/\/www.hoymercedes.com.ar\/principal\/wp-json\/wp\/v2\/comments?post=191725"}],"version-history":[{"count":1,"href":"https:\/\/www.hoymercedes.com.ar\/principal\/wp-json\/wp\/v2\/posts\/191725\/revisions"}],"predecessor-version":[{"id":191728,"href":"https:\/\/www.hoymercedes.com.ar\/principal\/wp-json\/wp\/v2\/posts\/191725\/revisions\/191728"}],"wp:featuredmedia":[{"embeddable":true,"href":"https:\/\/www.hoymercedes.com.ar\/principal\/wp-json\/wp\/v2\/media\/191727"}],"wp:attachment":[{"href":"https:\/\/www.hoymercedes.com.ar\/principal\/wp-json\/wp\/v2\/media?parent=191725"}],"wp:term":[{"taxonomy":"category","embeddable":true,"href":"https:\/\/www.hoymercedes.com.ar\/principal\/wp-json\/wp\/v2\/categories?post=191725"},{"taxonomy":"post_tag","embeddable":true,"href":"https:\/\/www.hoymercedes.com.ar\/principal\/wp-json\/wp\/v2\/tags?post=191725"}],"curies":[{"name":"wp","href":"https:\/\/api.w.org\/{rel}","templated":true}]}}