{"id":191729,"date":"2026-02-06T19:14:00","date_gmt":"2026-02-06T22:14:00","guid":{"rendered":"https:\/\/www.hoymercedes.com.ar\/principal\/?p=191729"},"modified":"2026-02-06T11:15:53","modified_gmt":"2026-02-06T14:15:53","slug":"el-abierto-clasico-de-verano-de-ajedrez-comienza-en-suipacha-con-amplia-participacion-regional","status":"publish","type":"post","link":"https:\/\/www.hoymercedes.com.ar\/principal\/2026\/02\/06\/el-abierto-clasico-de-verano-de-ajedrez-comienza-en-suipacha-con-amplia-participacion-regional\/","title":{"rendered":"El Abierto Cl\u00e1sico de Verano de ajedrez comienza en Suipacha con amplia participaci\u00f3n regional"},"content":{"rendered":"\n<p>El domingo <strong>1\u00b0 de febrero<\/strong> se puso en marcha en <strong>Suipacha<\/strong> el tradicional <strong>Torneo Abierto Cl\u00e1sico de Verano<\/strong>, una competencia que congrega a jugadores destacados de la regi\u00f3n en un ambiente competitivo y abierto para amantes del ajedrez.<\/p>\n\n\n\n<figure class=\"wp-block-image size-full\"><img loading=\"lazy\" decoding=\"async\" width=\"640\" height=\"393\" data-attachment-id=\"191730\" data-permalink=\"https:\/\/www.hoymercedes.com.ar\/principal\/2026\/02\/06\/el-abierto-clasico-de-verano-de-ajedrez-comienza-en-suipacha-con-amplia-participacion-regional\/whatsapp-image-2026-02-06-at-11-14-27\/#main\" data-orig-file=\"https:\/\/www.hoymercedes.com.ar\/principal\/wp-content\/uploads\/2026\/02\/WhatsApp-Image-2026-02-06-at-11.14.27.jpeg\" data-orig-size=\"640,393\" data-comments-opened=\"0\" data-image-meta=\"{&quot;aperture&quot;:&quot;0&quot;,&quot;credit&quot;:&quot;&quot;,&quot;camera&quot;:&quot;&quot;,&quot;caption&quot;:&quot;&quot;,&quot;created_timestamp&quot;:&quot;0&quot;,&quot;copyright&quot;:&quot;&quot;,&quot;focal_length&quot;:&quot;0&quot;,&quot;iso&quot;:&quot;0&quot;,&quot;shutter_speed&quot;:&quot;0&quot;,&quot;title&quot;:&quot;&quot;,&quot;orientation&quot;:&quot;0&quot;}\" data-image-title=\"WhatsApp Image 2026-02-06 at 11.14.27\" data-image-description=\"\" data-image-caption=\"\" data-large-file=\"https:\/\/www.hoymercedes.com.ar\/principal\/wp-content\/uploads\/2026\/02\/WhatsApp-Image-2026-02-06-at-11.14.27.jpeg\" src=\"https:\/\/www.hoymercedes.com.ar\/principal\/wp-content\/uploads\/2026\/02\/WhatsApp-Image-2026-02-06-at-11.14.27.jpeg\" alt=\"\" class=\"wp-image-191730\" srcset=\"https:\/\/www.hoymercedes.com.ar\/principal\/wp-content\/uploads\/2026\/02\/WhatsApp-Image-2026-02-06-at-11.14.27.jpeg 640w, https:\/\/www.hoymercedes.com.ar\/principal\/wp-content\/uploads\/2026\/02\/WhatsApp-Image-2026-02-06-at-11.14.27-630x387.jpeg 630w, https:\/\/www.hoymercedes.com.ar\/principal\/wp-content\/uploads\/2026\/02\/WhatsApp-Image-2026-02-06-at-11.14.27-150x92.jpeg 150w\" sizes=\"auto, (max-width: 640px) 100vw, 640px\" \/><\/figure>\n\n\n\n<p>La disputa tiene lugar en la <strong>Biblioteca Museo Jos\u00e9 Manuel Estrada<\/strong>, donde desde primeras horas de la jornada competidores de diferentes edades y niveles se presentaron para disputar partidas bajo el sistema de puntuaci\u00f3n que caracteriza a este certamen.<\/p>\n\n\n\n<p>Este certamen, que es parte del calendario ajedrec\u00edstico regional, <strong>acepta inscripciones a\u00fan abiertas<\/strong>, lo que permite que nuevos participantes se sumen durante los pr\u00f3ximos d\u00edas de juego y acumulen puntos.<\/p>\n\n\n\n<p>Adem\u00e1s de la competencia en s\u00ed, el evento fomenta el encuentro entre jugadores de distintos clubes y escuelas del interior, enriqueciendo la escena del ajedrez local y ofreciendo una oportunidad para medir fuerzas y estilos de juego.<\/p>\n\n\n\n<p>La organizaci\u00f3n no s\u00f3lo busca consolidar la tradici\u00f3n de este torneo en la regi\u00f3n, sino tambi\u00e9n promover el desarrollo del ajedrez como disciplina deportiva y cultural en Suipacha y zonas aleda\u00f1as.<\/p>\n","protected":false},"excerpt":{"rendered":"<p>El domingo 1\u00b0 de febrero se puso en marcha en Suipacha el tradicional Torneo Abierto Cl\u00e1sico de Verano, una competencia &#8230; <a title=\"El Abierto Cl\u00e1sico de Verano de ajedrez comienza en Suipacha con amplia participaci\u00f3n regional\" class=\"read-more\" href=\"https:\/\/www.hoymercedes.com.ar\/principal\/2026\/02\/06\/el-abierto-clasico-de-verano-de-ajedrez-comienza-en-suipacha-con-amplia-participacion-regional\/\" aria-label=\"Leer m\u00e1s sobre El Abierto Cl\u00e1sico de Verano de ajedrez comienza en Suipacha con amplia participaci\u00f3n regional\">Leer m\u00e1s<\/a><\/p>\n","protected":false},"author":1,"featured_media":191730,"comment_status":"closed","ping_status":"open","sticky":false,"template":"","format":"standard","meta":{"_monsterinsights_skip_tracking":false,"_monsterinsights_sitenote_active":false,"_monsterinsights_sitenote_note":"","_monsterinsights_sitenote_category":0,"jetpack_post_was_ever_published":false,"_jetpack_newsletter_access":"","_jetpack_dont_email_post_to_subs":false,"_jetpack_newsletter_tier_id":0,"_jetpack_memberships_contains_paywalled_content":false,"_jetpack_memberships_contains_paid_content":false,"footnotes":"","jetpack_publicize_message":"","jetpack_publicize_feature_enabled":true,"jetpack_social_post_already_shared":true,"jetpack_social_options":{"image_generator_settings":{"template":"highway","default_image_id":0,"font":"","enabled":false},"version":2},"_wpas_customize_per_network":false},"categories":[21],"tags":[],"class_list":["post-191729","post","type-post","status-publish","format-standard","has-post-thumbnail","hentry","category-deportes","generate-columns","tablet-grid-50","mobile-grid-100","grid-parent","grid-50"],"jetpack_publicize_connections":[],"jetpack_featured_media_url":"https:\/\/www.hoymercedes.com.ar\/principal\/wp-content\/uploads\/2026\/02\/WhatsApp-Image-2026-02-06-at-11.14.27.jpeg","wps_subtitle":"","jetpack_sharing_enabled":true,"_links":{"self":[{"href":"https:\/\/www.hoymercedes.com.ar\/principal\/wp-json\/wp\/v2\/posts\/191729","targetHints":{"allow":["GET"]}}],"collection":[{"href":"https:\/\/www.hoymercedes.com.ar\/principal\/wp-json\/wp\/v2\/posts"}],"about":[{"href":"https:\/\/www.hoymercedes.com.ar\/principal\/wp-json\/wp\/v2\/types\/post"}],"author":[{"embeddable":true,"href":"https:\/\/www.hoymercedes.com.ar\/principal\/wp-json\/wp\/v2\/users\/1"}],"replies":[{"embeddable":true,"href":"https:\/\/www.hoymercedes.com.ar\/principal\/wp-json\/wp\/v2\/comments?post=191729"}],"version-history":[{"count":1,"href":"https:\/\/www.hoymercedes.com.ar\/principal\/wp-json\/wp\/v2\/posts\/191729\/revisions"}],"predecessor-version":[{"id":191731,"href":"https:\/\/www.hoymercedes.com.ar\/principal\/wp-json\/wp\/v2\/posts\/191729\/revisions\/191731"}],"wp:featuredmedia":[{"embeddable":true,"href":"https:\/\/www.hoymercedes.com.ar\/principal\/wp-json\/wp\/v2\/media\/191730"}],"wp:attachment":[{"href":"https:\/\/www.hoymercedes.com.ar\/principal\/wp-json\/wp\/v2\/media?parent=191729"}],"wp:term":[{"taxonomy":"category","embeddable":true,"href":"https:\/\/www.hoymercedes.com.ar\/principal\/wp-json\/wp\/v2\/categories?post=191729"},{"taxonomy":"post_tag","embeddable":true,"href":"https:\/\/www.hoymercedes.com.ar\/principal\/wp-json\/wp\/v2\/tags?post=191729"}],"curies":[{"name":"wp","href":"https:\/\/api.w.org\/{rel}","templated":true}]}}