{"id":191732,"date":"2026-02-08T11:18:11","date_gmt":"2026-02-08T14:18:11","guid":{"rendered":"https:\/\/www.hoymercedes.com.ar\/principal\/?p=191732"},"modified":"2026-02-06T11:18:51","modified_gmt":"2026-02-06T14:18:51","slug":"el-hockey-social-de-mercedes-define-su-calendario-2026-con-novedades-en-formato-y-categorias","status":"publish","type":"post","link":"https:\/\/www.hoymercedes.com.ar\/principal\/2026\/02\/08\/el-hockey-social-de-mercedes-define-su-calendario-2026-con-novedades-en-formato-y-categorias\/","title":{"rendered":"El hockey social de Mercedes define su calendario 2026 con novedades en formato y categor\u00edas"},"content":{"rendered":"\n<p>La <strong>Liga de Hockey Social Mercedino<\/strong>, bajo la direcci\u00f3n de <strong>Jorge Arzani<\/strong>, est\u00e1 ultimando los detalles del calendario para la temporada <strong>2026<\/strong>, definiendo cambios importantes con el objetivo de fortalecer la organizaci\u00f3n y la competitividad del deporte en la regi\u00f3n.<\/p>\n\n\n\n<figure class=\"wp-block-image size-full\"><img loading=\"lazy\" decoding=\"async\" width=\"485\" height=\"382\" data-attachment-id=\"191733\" data-permalink=\"https:\/\/www.hoymercedes.com.ar\/principal\/2026\/02\/08\/el-hockey-social-de-mercedes-define-su-calendario-2026-con-novedades-en-formato-y-categorias\/whatsapp-image-2026-02-06-at-11-17-55\/#main\" data-orig-file=\"https:\/\/www.hoymercedes.com.ar\/principal\/wp-content\/uploads\/2026\/02\/WhatsApp-Image-2026-02-06-at-11.17.55.jpeg\" data-orig-size=\"485,382\" data-comments-opened=\"0\" data-image-meta=\"{&quot;aperture&quot;:&quot;0&quot;,&quot;credit&quot;:&quot;&quot;,&quot;camera&quot;:&quot;&quot;,&quot;caption&quot;:&quot;&quot;,&quot;created_timestamp&quot;:&quot;0&quot;,&quot;copyright&quot;:&quot;&quot;,&quot;focal_length&quot;:&quot;0&quot;,&quot;iso&quot;:&quot;0&quot;,&quot;shutter_speed&quot;:&quot;0&quot;,&quot;title&quot;:&quot;&quot;,&quot;orientation&quot;:&quot;0&quot;}\" data-image-title=\"WhatsApp Image 2026-02-06 at 11.17.55\" data-image-description=\"\" data-image-caption=\"\" data-large-file=\"https:\/\/www.hoymercedes.com.ar\/principal\/wp-content\/uploads\/2026\/02\/WhatsApp-Image-2026-02-06-at-11.17.55.jpeg\" src=\"https:\/\/www.hoymercedes.com.ar\/principal\/wp-content\/uploads\/2026\/02\/WhatsApp-Image-2026-02-06-at-11.17.55.jpeg\" alt=\"\" class=\"wp-image-191733\" srcset=\"https:\/\/www.hoymercedes.com.ar\/principal\/wp-content\/uploads\/2026\/02\/WhatsApp-Image-2026-02-06-at-11.17.55.jpeg 485w, https:\/\/www.hoymercedes.com.ar\/principal\/wp-content\/uploads\/2026\/02\/WhatsApp-Image-2026-02-06-at-11.17.55-150x118.jpeg 150w\" sizes=\"auto, (max-width: 485px) 100vw, 485px\" \/><\/figure>\n\n\n\n<p>Una de las novedades principales radica en la forma de competencia del <strong>Torneo de Once<\/strong>, que a diferencia de formatos semanales tradicionales se jugar\u00e1 <strong>una sola vez al mes, los s\u00e1bados<\/strong>. Este dise\u00f1o fue pensado para facilitar la participaci\u00f3n de las jugadoras y mejorar la log\u00edstica de los clubes.<\/p>\n\n\n\n<p>Adem\u00e1s, la liga adapt\u00f3 la estructura de las divisiones <strong>M\u00e1ster<\/strong> para responder al aumento de participantes en los \u00faltimos a\u00f1os: en lugar de una \u00fanica categor\u00eda para veteranas, se implementar\u00e1n <strong>cuatro subdivisiones distintas<\/strong> (A, B, C y D). Esta segmentaci\u00f3n permitir\u00e1 que las jugadoras compitan en niveles m\u00e1s homog\u00e9neos seg\u00fan su experiencia y edad.<\/p>\n\n\n\n<p>Si bien todav\u00eda resta la publicaci\u00f3n oficial del <strong>cronograma completo de fechas y reglamentos<\/strong>, prevista para <strong>finales de febrero<\/strong>, desde la organizaci\u00f3n anticipan que incluir\u00e1 todas las reglas espec\u00edficas para cada subdivisi\u00f3n y las jornadas del certamen, consolidando as\u00ed una propuesta m\u00e1s ordenada para el hockey social mercedino.<\/p>\n\n\n\n<p>Con estas modificaciones, la liga busca potenciar la disciplina local y posicionarse como uno de los espacios deportivos m\u00e1s organizados del interior de la provincia.<\/p>\n","protected":false},"excerpt":{"rendered":"<p>La Liga de Hockey Social Mercedino, bajo la direcci\u00f3n de Jorge Arzani, est\u00e1 ultimando los detalles del calendario para la &#8230; <a title=\"El hockey social de Mercedes define su calendario 2026 con novedades en formato y categor\u00edas\" class=\"read-more\" href=\"https:\/\/www.hoymercedes.com.ar\/principal\/2026\/02\/08\/el-hockey-social-de-mercedes-define-su-calendario-2026-con-novedades-en-formato-y-categorias\/\" aria-label=\"Leer m\u00e1s sobre El hockey social de Mercedes define su calendario 2026 con novedades en formato y categor\u00edas\">Leer m\u00e1s<\/a><\/p>\n","protected":false},"author":1,"featured_media":191733,"comment_status":"closed","ping_status":"open","sticky":false,"template":"","format":"standard","meta":{"_monsterinsights_skip_tracking":false,"_monsterinsights_sitenote_active":false,"_monsterinsights_sitenote_note":"","_monsterinsights_sitenote_category":0,"jetpack_post_was_ever_published":false,"_jetpack_newsletter_access":"","_jetpack_dont_email_post_to_subs":false,"_jetpack_newsletter_tier_id":0,"_jetpack_memberships_contains_paywalled_content":false,"_jetpack_memberships_contains_paid_content":false,"footnotes":"","jetpack_publicize_message":"","jetpack_publicize_feature_enabled":true,"jetpack_social_post_already_shared":true,"jetpack_social_options":{"image_generator_settings":{"template":"highway","default_image_id":0,"font":"","enabled":false},"version":2},"_wpas_customize_per_network":false},"categories":[21],"tags":[],"class_list":["post-191732","post","type-post","status-publish","format-standard","has-post-thumbnail","hentry","category-deportes","generate-columns","tablet-grid-50","mobile-grid-100","grid-parent","grid-50"],"jetpack_publicize_connections":[],"jetpack_featured_media_url":"https:\/\/www.hoymercedes.com.ar\/principal\/wp-content\/uploads\/2026\/02\/WhatsApp-Image-2026-02-06-at-11.17.55.jpeg","wps_subtitle":"","jetpack_sharing_enabled":true,"_links":{"self":[{"href":"https:\/\/www.hoymercedes.com.ar\/principal\/wp-json\/wp\/v2\/posts\/191732","targetHints":{"allow":["GET"]}}],"collection":[{"href":"https:\/\/www.hoymercedes.com.ar\/principal\/wp-json\/wp\/v2\/posts"}],"about":[{"href":"https:\/\/www.hoymercedes.com.ar\/principal\/wp-json\/wp\/v2\/types\/post"}],"author":[{"embeddable":true,"href":"https:\/\/www.hoymercedes.com.ar\/principal\/wp-json\/wp\/v2\/users\/1"}],"replies":[{"embeddable":true,"href":"https:\/\/www.hoymercedes.com.ar\/principal\/wp-json\/wp\/v2\/comments?post=191732"}],"version-history":[{"count":1,"href":"https:\/\/www.hoymercedes.com.ar\/principal\/wp-json\/wp\/v2\/posts\/191732\/revisions"}],"predecessor-version":[{"id":191734,"href":"https:\/\/www.hoymercedes.com.ar\/principal\/wp-json\/wp\/v2\/posts\/191732\/revisions\/191734"}],"wp:featuredmedia":[{"embeddable":true,"href":"https:\/\/www.hoymercedes.com.ar\/principal\/wp-json\/wp\/v2\/media\/191733"}],"wp:attachment":[{"href":"https:\/\/www.hoymercedes.com.ar\/principal\/wp-json\/wp\/v2\/media?parent=191732"}],"wp:term":[{"taxonomy":"category","embeddable":true,"href":"https:\/\/www.hoymercedes.com.ar\/principal\/wp-json\/wp\/v2\/categories?post=191732"},{"taxonomy":"post_tag","embeddable":true,"href":"https:\/\/www.hoymercedes.com.ar\/principal\/wp-json\/wp\/v2\/tags?post=191732"}],"curies":[{"name":"wp","href":"https:\/\/api.w.org\/{rel}","templated":true}]}}