{"id":191735,"date":"2026-02-08T12:19:00","date_gmt":"2026-02-08T15:19:00","guid":{"rendered":"https:\/\/www.hoymercedes.com.ar\/principal\/?p=191735"},"modified":"2026-02-06T11:20:37","modified_gmt":"2026-02-06T14:20:37","slug":"el-futbol-femenino-local-empieza-a-trazar-su-temporada-2026-con-novedades-en-categorias-y-clubes","status":"publish","type":"post","link":"https:\/\/www.hoymercedes.com.ar\/principal\/2026\/02\/08\/el-futbol-femenino-local-empieza-a-trazar-su-temporada-2026-con-novedades-en-categorias-y-clubes\/","title":{"rendered":"El f\u00fatbol femenino local empieza a trazar su temporada 2026 con novedades en categor\u00edas y clubes"},"content":{"rendered":"\n<p>El lunes <strong>2 de febrero<\/strong> se realiz\u00f3 en la sede del <strong>Club Defensores Juniors<\/strong> una reuni\u00f3n de planificaci\u00f3n de cara a la temporada 2026 del <strong>f\u00fatbol femenino<\/strong> organizada por la <strong>Liga Mercedina de F\u00fatbol<\/strong>. En el encuentro participaron dirigentes de clubes de la ciudad y la regi\u00f3n, y se definieron aspectos clave para la competencia que se avecina.<\/p>\n\n\n\n<figure class=\"wp-block-image size-large\"><img loading=\"lazy\" decoding=\"async\" width=\"1024\" height=\"682\" data-attachment-id=\"191736\" data-permalink=\"https:\/\/www.hoymercedes.com.ar\/principal\/2026\/02\/08\/el-futbol-femenino-local-empieza-a-trazar-su-temporada-2026-con-novedades-en-categorias-y-clubes\/futbol-femenino-liga-mercedina\/#main\" data-orig-file=\"https:\/\/www.hoymercedes.com.ar\/principal\/wp-content\/uploads\/2026\/02\/Futbol-Femenino-LIga-Mercedina.jpg\" data-orig-size=\"1280,853\" data-comments-opened=\"0\" data-image-meta=\"{&quot;aperture&quot;:&quot;0&quot;,&quot;credit&quot;:&quot;&quot;,&quot;camera&quot;:&quot;&quot;,&quot;caption&quot;:&quot;&quot;,&quot;created_timestamp&quot;:&quot;0&quot;,&quot;copyright&quot;:&quot;&quot;,&quot;focal_length&quot;:&quot;0&quot;,&quot;iso&quot;:&quot;0&quot;,&quot;shutter_speed&quot;:&quot;0&quot;,&quot;title&quot;:&quot;&quot;,&quot;orientation&quot;:&quot;0&quot;}\" data-image-title=\"Futbol Femenino LIga Mercedina\" data-image-description=\"\" data-image-caption=\"\" data-large-file=\"https:\/\/www.hoymercedes.com.ar\/principal\/wp-content\/uploads\/2026\/02\/Futbol-Femenino-LIga-Mercedina-1024x682.jpg\" src=\"https:\/\/www.hoymercedes.com.ar\/principal\/wp-content\/uploads\/2026\/02\/Futbol-Femenino-LIga-Mercedina-1024x682.jpg\" alt=\"\" class=\"wp-image-191736\" srcset=\"https:\/\/www.hoymercedes.com.ar\/principal\/wp-content\/uploads\/2026\/02\/Futbol-Femenino-LIga-Mercedina-1024x682.jpg 1024w, https:\/\/www.hoymercedes.com.ar\/principal\/wp-content\/uploads\/2026\/02\/Futbol-Femenino-LIga-Mercedina-630x420.jpg 630w, https:\/\/www.hoymercedes.com.ar\/principal\/wp-content\/uploads\/2026\/02\/Futbol-Femenino-LIga-Mercedina-150x100.jpg 150w, https:\/\/www.hoymercedes.com.ar\/principal\/wp-content\/uploads\/2026\/02\/Futbol-Femenino-LIga-Mercedina.jpg 1280w\" sizes=\"auto, (max-width: 1024px) 100vw, 1024px\" \/><\/figure>\n\n\n\n<p>Una de las principales decisiones fue ampliar la cantidad de <strong>categor\u00edas formativas<\/strong>: mientras el a\u00f1o pasado hab\u00eda tres divisiones menores, para 2026 se estableci\u00f3 un esquema de <strong>cuatro niveles juveniles<\/strong>. Las divisiones <strong>Sub-11<\/strong> y <strong>Sub-13<\/strong> comenzar\u00e1n jugando en <strong>cancha de 9<\/strong>, con la particularidad de que la Sub-13 pasar\u00e1 a <strong>cancha de 11<\/strong> en la segunda mitad de la temporada. Por su parte, <strong>Sub-15<\/strong>, <strong>Sub-17<\/strong> y <strong>Primera Divisi\u00f3n<\/strong> mantendr\u00e1n el formato est\u00e1ndar de 11 jugadoras por equipo.<\/p>\n\n\n\n<p>En cuanto a la composici\u00f3n de los equipos, varios clubes confirmaron su participaci\u00f3n: <strong>Trocha<\/strong> ser\u00e1 uno de los equipos que competir\u00e1 en la <strong>Primera Divisi\u00f3n<\/strong>, mientras que <strong>Cer\u00e1mica de Chivilcoy<\/strong> continuar\u00e1 presente con todas sus divisiones. <strong>El Front\u00f3n<\/strong>, de <strong>San Andr\u00e9s de Giles<\/strong>, tambi\u00e9n inform\u00f3 que volver\u00e1 a alinearse tanto en juveniles como en la principal. En cambio, <strong>Defensores Juniors<\/strong>, que fue sede de la reuni\u00f3n, comunic\u00f3 que <strong>no presentar\u00e1 equipo en la m\u00e1xima categor\u00eda<\/strong> este a\u00f1o.<\/p>\n\n\n\n<p>El resto de los clubes que participaron en los torneos de 2025 ya anunciaron que seguir\u00e1n en carrera para la temporada 2026, aunque la <strong>conformaci\u00f3n definitiva de cada divisi\u00f3n<\/strong> depender\u00e1 de los entrenamientos y de cu\u00e1ntas jugadoras cada instituci\u00f3n pueda inscribir en las semanas previas a la competencia.<\/p>\n\n\n\n<p>Finalmente, la <strong>presentaci\u00f3n de afiliaciones<\/strong> ser\u00e1 un paso administrativo que la Liga Mercedina llevar\u00e1 a cabo en forma conjunta con el f\u00fatbol masculino, unificando as\u00ed los calendarios institucionales de la temporada.<\/p>\n","protected":false},"excerpt":{"rendered":"<p>El lunes 2 de febrero se realiz\u00f3 en la sede del Club Defensores Juniors una reuni\u00f3n de planificaci\u00f3n de cara &#8230; <a title=\"El f\u00fatbol femenino local empieza a trazar su temporada 2026 con novedades en categor\u00edas y clubes\" class=\"read-more\" href=\"https:\/\/www.hoymercedes.com.ar\/principal\/2026\/02\/08\/el-futbol-femenino-local-empieza-a-trazar-su-temporada-2026-con-novedades-en-categorias-y-clubes\/\" aria-label=\"Leer m\u00e1s sobre El f\u00fatbol femenino local empieza a trazar su temporada 2026 con novedades en categor\u00edas y clubes\">Leer m\u00e1s<\/a><\/p>\n","protected":false},"author":1,"featured_media":191736,"comment_status":"closed","ping_status":"open","sticky":false,"template":"","format":"standard","meta":{"_monsterinsights_skip_tracking":false,"_monsterinsights_sitenote_active":false,"_monsterinsights_sitenote_note":"","_monsterinsights_sitenote_category":0,"jetpack_post_was_ever_published":false,"_jetpack_newsletter_access":"","_jetpack_dont_email_post_to_subs":false,"_jetpack_newsletter_tier_id":0,"_jetpack_memberships_contains_paywalled_content":false,"_jetpack_memberships_contains_paid_content":false,"footnotes":"","jetpack_publicize_message":"","jetpack_publicize_feature_enabled":true,"jetpack_social_post_already_shared":true,"jetpack_social_options":{"image_generator_settings":{"template":"highway","default_image_id":0,"font":"","enabled":false},"version":2},"_wpas_customize_per_network":false},"categories":[21],"tags":[],"class_list":["post-191735","post","type-post","status-publish","format-standard","has-post-thumbnail","hentry","category-deportes","generate-columns","tablet-grid-50","mobile-grid-100","grid-parent","grid-50"],"jetpack_publicize_connections":[],"jetpack_featured_media_url":"https:\/\/www.hoymercedes.com.ar\/principal\/wp-content\/uploads\/2026\/02\/Futbol-Femenino-LIga-Mercedina.jpg","wps_subtitle":"","jetpack_sharing_enabled":true,"_links":{"self":[{"href":"https:\/\/www.hoymercedes.com.ar\/principal\/wp-json\/wp\/v2\/posts\/191735","targetHints":{"allow":["GET"]}}],"collection":[{"href":"https:\/\/www.hoymercedes.com.ar\/principal\/wp-json\/wp\/v2\/posts"}],"about":[{"href":"https:\/\/www.hoymercedes.com.ar\/principal\/wp-json\/wp\/v2\/types\/post"}],"author":[{"embeddable":true,"href":"https:\/\/www.hoymercedes.com.ar\/principal\/wp-json\/wp\/v2\/users\/1"}],"replies":[{"embeddable":true,"href":"https:\/\/www.hoymercedes.com.ar\/principal\/wp-json\/wp\/v2\/comments?post=191735"}],"version-history":[{"count":1,"href":"https:\/\/www.hoymercedes.com.ar\/principal\/wp-json\/wp\/v2\/posts\/191735\/revisions"}],"predecessor-version":[{"id":191737,"href":"https:\/\/www.hoymercedes.com.ar\/principal\/wp-json\/wp\/v2\/posts\/191735\/revisions\/191737"}],"wp:featuredmedia":[{"embeddable":true,"href":"https:\/\/www.hoymercedes.com.ar\/principal\/wp-json\/wp\/v2\/media\/191736"}],"wp:attachment":[{"href":"https:\/\/www.hoymercedes.com.ar\/principal\/wp-json\/wp\/v2\/media?parent=191735"}],"wp:term":[{"taxonomy":"category","embeddable":true,"href":"https:\/\/www.hoymercedes.com.ar\/principal\/wp-json\/wp\/v2\/categories?post=191735"},{"taxonomy":"post_tag","embeddable":true,"href":"https:\/\/www.hoymercedes.com.ar\/principal\/wp-json\/wp\/v2\/tags?post=191735"}],"curies":[{"name":"wp","href":"https:\/\/api.w.org\/{rel}","templated":true}]}}