{"id":191738,"date":"2026-02-06T13:44:43","date_gmt":"2026-02-06T16:44:43","guid":{"rendered":"https:\/\/www.hoymercedes.com.ar\/principal\/?p=191738"},"modified":"2026-02-06T13:44:47","modified_gmt":"2026-02-06T16:44:47","slug":"realizaran-una-charla-sobre-alquileres-en-mercedes","status":"publish","type":"post","link":"https:\/\/www.hoymercedes.com.ar\/principal\/2026\/02\/06\/realizaran-una-charla-sobre-alquileres-en-mercedes\/","title":{"rendered":"Realizar\u00e1n una charla sobre alquileres en Mercedes"},"content":{"rendered":"\n<p>Desde la agrupaci\u00f3n Epika Mercedes, ubicada en calle 16 esquina 9, el dia martes 10 de febrero a las 18:30 hs se realizar\u00e1 una charla sobre alquileres, a cargo de la martillera Mariana Fern\u00e1ndez.<\/p>\n\n\n\n<figure class=\"wp-block-image size-large\"><img loading=\"lazy\" decoding=\"async\" width=\"1024\" height=\"1024\" data-attachment-id=\"191739\" data-permalink=\"https:\/\/www.hoymercedes.com.ar\/principal\/2026\/02\/06\/realizaran-una-charla-sobre-alquileres-en-mercedes\/whatsapp-image-2026-02-06-at-13-42-14\/#main\" data-orig-file=\"https:\/\/www.hoymercedes.com.ar\/principal\/wp-content\/uploads\/2026\/02\/WhatsApp-Image-2026-02-06-at-13.42.14.jpeg\" data-orig-size=\"1599,1599\" data-comments-opened=\"0\" data-image-meta=\"{&quot;aperture&quot;:&quot;0&quot;,&quot;credit&quot;:&quot;&quot;,&quot;camera&quot;:&quot;&quot;,&quot;caption&quot;:&quot;&quot;,&quot;created_timestamp&quot;:&quot;0&quot;,&quot;copyright&quot;:&quot;&quot;,&quot;focal_length&quot;:&quot;0&quot;,&quot;iso&quot;:&quot;0&quot;,&quot;shutter_speed&quot;:&quot;0&quot;,&quot;title&quot;:&quot;&quot;,&quot;orientation&quot;:&quot;0&quot;}\" data-image-title=\"WhatsApp Image 2026-02-06 at 13.42.14\" data-image-description=\"\" data-image-caption=\"\" data-large-file=\"https:\/\/www.hoymercedes.com.ar\/principal\/wp-content\/uploads\/2026\/02\/WhatsApp-Image-2026-02-06-at-13.42.14-1024x1024.jpeg\" src=\"https:\/\/www.hoymercedes.com.ar\/principal\/wp-content\/uploads\/2026\/02\/WhatsApp-Image-2026-02-06-at-13.42.14-1024x1024.jpeg\" alt=\"\" class=\"wp-image-191739\" srcset=\"https:\/\/www.hoymercedes.com.ar\/principal\/wp-content\/uploads\/2026\/02\/WhatsApp-Image-2026-02-06-at-13.42.14-1024x1024.jpeg 1024w, https:\/\/www.hoymercedes.com.ar\/principal\/wp-content\/uploads\/2026\/02\/WhatsApp-Image-2026-02-06-at-13.42.14-620x620.jpeg 620w, https:\/\/www.hoymercedes.com.ar\/principal\/wp-content\/uploads\/2026\/02\/WhatsApp-Image-2026-02-06-at-13.42.14-150x150.jpeg 150w, https:\/\/www.hoymercedes.com.ar\/principal\/wp-content\/uploads\/2026\/02\/WhatsApp-Image-2026-02-06-at-13.42.14-1536x1536.jpeg 1536w, https:\/\/www.hoymercedes.com.ar\/principal\/wp-content\/uploads\/2026\/02\/WhatsApp-Image-2026-02-06-at-13.42.14.jpeg 1599w\" sizes=\"auto, (max-width: 1024px) 100vw, 1024px\" \/><\/figure>\n\n\n\n<p>Invitamos a todos los que est\u00e9n interesados y necesiten informarse a la hora de firmar un contrato de alquiler y de las condiciones contractuales tanto del locatario como del locador.<\/p>\n\n\n\n<p>Esta iniciativa surge a partir de que muchas familias que alquilan no se detienden en las cl\u00e1usulas del contrato o son confusas, lo cual tiene como consecuencia que se interprete mal y en la vor\u00e1gine muchas veces se firma casi sin leer.<\/p>\n\n\n\n<p>\u00daltimamente, desde la derogaci\u00f3n de la Ley de alquileres a trav\u00e9s del DNU 70\/23 cambiaron varias cosas: b\u00e1sicamente con su implementaci\u00f3n, las subas de los mismas son a trav\u00e9s de distintos \u00edndices; los plazos de contrato y aumento se achicaron, y pr\u00e1cticamente las condiciones del mismo est\u00e1n a cargo del due\u00f1o de la vivienda, dejando desprotegido al inquilino o a la buena voluntad del propietario.<\/p>\n\n\n\n<p>La idea de esta agrupaci\u00f3n Epika Mercedes que representan al actual gobernador Axel Kicillof y tambi\u00e9n al actual Secretario de Desarrollo de la Comunidad de PBA, Andres \u201ccuervo\u201d Larroque, es poder agrupar a vecinos de Mercedes y visibilizar la odisea de los que alquilan actualmente y el impacto que caus\u00f3 la derogaci\u00f3n de la Ley de alquileres, donde en la actualidad el valor de los alquileres representa m\u00e1s de un tercio del salario de los trabajadores, el 36,1 % y, la suba de los mismos no condice con la inflaci\u00f3n que marca el Indec y las condiciones pasaron a ser m\u00e1s desiguales.<\/p>\n\n\n\n<p>Los esperamos a todos con sus dudas, para poder pensar colectivamente en una nueva y necesaria ley de alquileres.<\/p>\n","protected":false},"excerpt":{"rendered":"<p>Desde la agrupaci\u00f3n Epika Mercedes, ubicada en calle 16 esquina 9, el dia martes 10 de febrero a las 18:30 &#8230; <a title=\"Realizar\u00e1n una charla sobre alquileres en Mercedes\" class=\"read-more\" href=\"https:\/\/www.hoymercedes.com.ar\/principal\/2026\/02\/06\/realizaran-una-charla-sobre-alquileres-en-mercedes\/\" aria-label=\"Leer m\u00e1s sobre Realizar\u00e1n una charla sobre alquileres en Mercedes\">Leer m\u00e1s<\/a><\/p>\n","protected":false},"author":1,"featured_media":191739,"comment_status":"closed","ping_status":"open","sticky":false,"template":"","format":"standard","meta":{"_monsterinsights_skip_tracking":false,"_monsterinsights_sitenote_active":false,"_monsterinsights_sitenote_note":"","_monsterinsights_sitenote_category":0,"jetpack_post_was_ever_published":false,"_jetpack_newsletter_access":"","_jetpack_dont_email_post_to_subs":false,"_jetpack_newsletter_tier_id":0,"_jetpack_memberships_contains_paywalled_content":false,"_jetpack_memberships_contains_paid_content":false,"footnotes":"","jetpack_publicize_message":"","jetpack_publicize_feature_enabled":true,"jetpack_social_post_already_shared":true,"jetpack_social_options":{"image_generator_settings":{"template":"highway","default_image_id":0,"font":"","enabled":false},"version":2},"_wpas_customize_per_network":false},"categories":[8],"tags":[],"class_list":["post-191738","post","type-post","status-publish","format-standard","has-post-thumbnail","hentry","category-sociedad","generate-columns","tablet-grid-50","mobile-grid-100","grid-parent","grid-50"],"jetpack_publicize_connections":[],"jetpack_featured_media_url":"https:\/\/www.hoymercedes.com.ar\/principal\/wp-content\/uploads\/2026\/02\/WhatsApp-Image-2026-02-06-at-13.42.14.jpeg","wps_subtitle":"","jetpack_sharing_enabled":true,"_links":{"self":[{"href":"https:\/\/www.hoymercedes.com.ar\/principal\/wp-json\/wp\/v2\/posts\/191738","targetHints":{"allow":["GET"]}}],"collection":[{"href":"https:\/\/www.hoymercedes.com.ar\/principal\/wp-json\/wp\/v2\/posts"}],"about":[{"href":"https:\/\/www.hoymercedes.com.ar\/principal\/wp-json\/wp\/v2\/types\/post"}],"author":[{"embeddable":true,"href":"https:\/\/www.hoymercedes.com.ar\/principal\/wp-json\/wp\/v2\/users\/1"}],"replies":[{"embeddable":true,"href":"https:\/\/www.hoymercedes.com.ar\/principal\/wp-json\/wp\/v2\/comments?post=191738"}],"version-history":[{"count":1,"href":"https:\/\/www.hoymercedes.com.ar\/principal\/wp-json\/wp\/v2\/posts\/191738\/revisions"}],"predecessor-version":[{"id":191740,"href":"https:\/\/www.hoymercedes.com.ar\/principal\/wp-json\/wp\/v2\/posts\/191738\/revisions\/191740"}],"wp:featuredmedia":[{"embeddable":true,"href":"https:\/\/www.hoymercedes.com.ar\/principal\/wp-json\/wp\/v2\/media\/191739"}],"wp:attachment":[{"href":"https:\/\/www.hoymercedes.com.ar\/principal\/wp-json\/wp\/v2\/media?parent=191738"}],"wp:term":[{"taxonomy":"category","embeddable":true,"href":"https:\/\/www.hoymercedes.com.ar\/principal\/wp-json\/wp\/v2\/categories?post=191738"},{"taxonomy":"post_tag","embeddable":true,"href":"https:\/\/www.hoymercedes.com.ar\/principal\/wp-json\/wp\/v2\/tags?post=191738"}],"curies":[{"name":"wp","href":"https:\/\/api.w.org\/{rel}","templated":true}]}}