{"id":191745,"date":"2026-02-07T16:52:00","date_gmt":"2026-02-07T19:52:00","guid":{"rendered":"https:\/\/www.hoymercedes.com.ar\/principal\/?p=191745"},"modified":"2026-02-06T13:55:18","modified_gmt":"2026-02-06T16:55:18","slug":"la-ajb-denuncia-el-mal-estado-de-las-instalaciones-de-la-fiscalia-de-mercedes","status":"publish","type":"post","link":"https:\/\/www.hoymercedes.com.ar\/principal\/2026\/02\/07\/la-ajb-denuncia-el-mal-estado-de-las-instalaciones-de-la-fiscalia-de-mercedes\/","title":{"rendered":"La AJB denuncia el mal estado de las instalaciones de la Fiscal\u00eda de Mercedes"},"content":{"rendered":"\n<p>La Asociaci\u00f3n Judicial Bonaerense (AJB) arranc\u00f3 el a\u00f1o 2026 con una fuerte advertencia sobre las deficientes condiciones edilicias que afectan a varias dependencias del Poder Judicial de la provincia de Buenos Aires, haciendo hincapi\u00e9 en el edificio donde funciona la Fiscal\u00eda de Mercedes, en la intersecci\u00f3n de las calles 26 y 37.<\/p>\n\n\n\n<figure class=\"wp-block-image size-full\"><img loading=\"lazy\" decoding=\"async\" width=\"850\" height=\"480\" data-attachment-id=\"191746\" data-permalink=\"https:\/\/www.hoymercedes.com.ar\/principal\/2026\/02\/07\/la-ajb-denuncia-el-mal-estado-de-las-instalaciones-de-la-fiscalia-de-mercedes\/image-207\/#main\" data-orig-file=\"https:\/\/www.hoymercedes.com.ar\/principal\/wp-content\/uploads\/2026\/02\/image-10.png\" data-orig-size=\"850,480\" data-comments-opened=\"0\" data-image-meta=\"{&quot;aperture&quot;:&quot;0&quot;,&quot;credit&quot;:&quot;&quot;,&quot;camera&quot;:&quot;&quot;,&quot;caption&quot;:&quot;&quot;,&quot;created_timestamp&quot;:&quot;0&quot;,&quot;copyright&quot;:&quot;&quot;,&quot;focal_length&quot;:&quot;0&quot;,&quot;iso&quot;:&quot;0&quot;,&quot;shutter_speed&quot;:&quot;0&quot;,&quot;title&quot;:&quot;&quot;,&quot;orientation&quot;:&quot;0&quot;}\" data-image-title=\"image\" data-image-description=\"\" data-image-caption=\"\" data-large-file=\"https:\/\/www.hoymercedes.com.ar\/principal\/wp-content\/uploads\/2026\/02\/image-10.png\" src=\"https:\/\/www.hoymercedes.com.ar\/principal\/wp-content\/uploads\/2026\/02\/image-10.png\" alt=\"\" class=\"wp-image-191746\" srcset=\"https:\/\/www.hoymercedes.com.ar\/principal\/wp-content\/uploads\/2026\/02\/image-10.png 850w, https:\/\/www.hoymercedes.com.ar\/principal\/wp-content\/uploads\/2026\/02\/image-10-630x356.png 630w, https:\/\/www.hoymercedes.com.ar\/principal\/wp-content\/uploads\/2026\/02\/image-10-150x85.png 150w\" sizes=\"auto, (max-width: 850px) 100vw, 850px\" \/><\/figure>\n\n\n\n<p>Seg\u00fan el relevamiento realizado por el gremio, la sede mercedina presenta una <strong>falta reiterada de sistemas efectivos de calefacci\u00f3n y aire acondicionado<\/strong>, lo que se traduce en ambientes laborales que no alcanzan condiciones b\u00e1sicas de confort ni seguridad para quienes trabajan all\u00ed ni para quienes acuden a hacer tr\u00e1mites.<\/p>\n\n\n\n<p>Desde la AJB local, su secretario general, <strong>Ignacio Cassiani<\/strong>, explic\u00f3 que pese a que los equipos de climatizaci\u00f3n existentes \u201cfuncionan\u201d, problemas como persianas rotas impiden que el espacio pueda calentarse o refrescarse adecuadamente, especialmente en \u00e9pocas de temperaturas extremas. Tambi\u00e9n se\u00f1al\u00f3 que estos inconvenientes no son exclusivos de la Fiscal\u00eda, ya que otras dependencias judiciales sufren deficiencias similares que dependen de la Corte para su resoluci\u00f3n.<\/p>\n\n\n\n<p>El sindicato, bajo la conducci\u00f3n de <strong>Hugo Russo<\/strong>, calific\u00f3 la situaci\u00f3n como un \u201cdeterioro sostenido\u201d y advirti\u00f3 que las malas condiciones edilicias no s\u00f3lo representan incomodidad, sino que <strong>pueden afectar la salud de los trabajadores y la calidad del servicio judicial<\/strong> que se presta a la comunidad.<\/p>\n\n\n\n<p>Ante esto, la AJB reclam\u00f3 la creaci\u00f3n urgente de una <strong>Mesa de Trabajo<\/strong> que incluya a la Suprema Corte, a la Procuraci\u00f3n y al Poder Ejecutivo provincial para dise\u00f1ar y ejecutar un plan de obras prioritario que atienda las sedes m\u00e1s afectadas, no solo en Mercedes sino tambi\u00e9n en otras ciudades como Mar del Plata y Lomas de Zamora.<\/p>\n\n\n\n<p>Por ahora, los empleados y usuarios de la Fiscal\u00eda de Mercedes contin\u00faan haciendo su trabajo en un edificio considerado por el gremio como \u201clejos de cumplir con est\u00e1ndares aceptables de infraestructura\u201d.<\/p>\n","protected":false},"excerpt":{"rendered":"<p>La Asociaci\u00f3n Judicial Bonaerense (AJB) arranc\u00f3 el a\u00f1o 2026 con una fuerte advertencia sobre las deficientes condiciones edilicias que afectan &#8230; <a title=\"La AJB denuncia el mal estado de las instalaciones de la Fiscal\u00eda de Mercedes\" class=\"read-more\" href=\"https:\/\/www.hoymercedes.com.ar\/principal\/2026\/02\/07\/la-ajb-denuncia-el-mal-estado-de-las-instalaciones-de-la-fiscalia-de-mercedes\/\" aria-label=\"Leer m\u00e1s sobre La AJB denuncia el mal estado de las instalaciones de la Fiscal\u00eda de Mercedes\">Leer m\u00e1s<\/a><\/p>\n","protected":false},"author":1,"featured_media":191746,"comment_status":"closed","ping_status":"open","sticky":false,"template":"","format":"standard","meta":{"_monsterinsights_skip_tracking":false,"_monsterinsights_sitenote_active":false,"_monsterinsights_sitenote_note":"","_monsterinsights_sitenote_category":0,"jetpack_post_was_ever_published":false,"_jetpack_newsletter_access":"","_jetpack_dont_email_post_to_subs":false,"_jetpack_newsletter_tier_id":0,"_jetpack_memberships_contains_paywalled_content":false,"_jetpack_memberships_contains_paid_content":false,"footnotes":"","jetpack_publicize_message":"","jetpack_publicize_feature_enabled":true,"jetpack_social_post_already_shared":true,"jetpack_social_options":{"image_generator_settings":{"template":"highway","default_image_id":0,"font":"","enabled":false},"version":2},"_wpas_customize_per_network":false},"categories":[8],"tags":[],"class_list":["post-191745","post","type-post","status-publish","format-standard","has-post-thumbnail","hentry","category-sociedad","generate-columns","tablet-grid-50","mobile-grid-100","grid-parent","grid-50"],"jetpack_publicize_connections":[],"jetpack_featured_media_url":"https:\/\/www.hoymercedes.com.ar\/principal\/wp-content\/uploads\/2026\/02\/image-10.png","wps_subtitle":"","jetpack_sharing_enabled":true,"_links":{"self":[{"href":"https:\/\/www.hoymercedes.com.ar\/principal\/wp-json\/wp\/v2\/posts\/191745","targetHints":{"allow":["GET"]}}],"collection":[{"href":"https:\/\/www.hoymercedes.com.ar\/principal\/wp-json\/wp\/v2\/posts"}],"about":[{"href":"https:\/\/www.hoymercedes.com.ar\/principal\/wp-json\/wp\/v2\/types\/post"}],"author":[{"embeddable":true,"href":"https:\/\/www.hoymercedes.com.ar\/principal\/wp-json\/wp\/v2\/users\/1"}],"replies":[{"embeddable":true,"href":"https:\/\/www.hoymercedes.com.ar\/principal\/wp-json\/wp\/v2\/comments?post=191745"}],"version-history":[{"count":1,"href":"https:\/\/www.hoymercedes.com.ar\/principal\/wp-json\/wp\/v2\/posts\/191745\/revisions"}],"predecessor-version":[{"id":191747,"href":"https:\/\/www.hoymercedes.com.ar\/principal\/wp-json\/wp\/v2\/posts\/191745\/revisions\/191747"}],"wp:featuredmedia":[{"embeddable":true,"href":"https:\/\/www.hoymercedes.com.ar\/principal\/wp-json\/wp\/v2\/media\/191746"}],"wp:attachment":[{"href":"https:\/\/www.hoymercedes.com.ar\/principal\/wp-json\/wp\/v2\/media?parent=191745"}],"wp:term":[{"taxonomy":"category","embeddable":true,"href":"https:\/\/www.hoymercedes.com.ar\/principal\/wp-json\/wp\/v2\/categories?post=191745"},{"taxonomy":"post_tag","embeddable":true,"href":"https:\/\/www.hoymercedes.com.ar\/principal\/wp-json\/wp\/v2\/tags?post=191745"}],"curies":[{"name":"wp","href":"https:\/\/api.w.org\/{rel}","templated":true}]}}