{"id":191751,"date":"2026-02-08T17:57:00","date_gmt":"2026-02-08T20:57:00","guid":{"rendered":"https:\/\/www.hoymercedes.com.ar\/principal\/?p=191751"},"modified":"2026-02-06T14:00:05","modified_gmt":"2026-02-06T17:00:05","slug":"uom-mercedes-participo-de-una-gran-movilizacion-en-cordoba","status":"publish","type":"post","link":"https:\/\/www.hoymercedes.com.ar\/principal\/2026\/02\/08\/uom-mercedes-participo-de-una-gran-movilizacion-en-cordoba\/","title":{"rendered":"UOM Mercedes particip\u00f3 de una gran movilizaci\u00f3n en C\u00f3rdoba"},"content":{"rendered":"\n<p>Una delegaci\u00f3n de la <strong>Uni\u00f3n Obrera Metal\u00fargica (UOM) de Mercedes<\/strong> viaj\u00f3 a la ciudad de <strong>C\u00f3rdoba<\/strong> para sumarse a una jornada de protesta organizada por m\u00e1s de 50 sindicatos en rechazo al proyecto de reforma laboral impulsado por el Gobierno nacional y ante la situaci\u00f3n cr\u00edtica que vive el sector metal\u00fargico.<\/p>\n\n\n\n<figure class=\"wp-block-image size-large\"><img loading=\"lazy\" decoding=\"async\" width=\"1024\" height=\"722\" data-attachment-id=\"191752\" data-permalink=\"https:\/\/www.hoymercedes.com.ar\/principal\/2026\/02\/08\/uom-mercedes-participo-de-una-gran-movilizacion-en-cordoba\/image-209\/#main\" data-orig-file=\"https:\/\/www.hoymercedes.com.ar\/principal\/wp-content\/uploads\/2026\/02\/image-12.png\" data-orig-size=\"1198,845\" data-comments-opened=\"0\" data-image-meta=\"{&quot;aperture&quot;:&quot;0&quot;,&quot;credit&quot;:&quot;&quot;,&quot;camera&quot;:&quot;&quot;,&quot;caption&quot;:&quot;&quot;,&quot;created_timestamp&quot;:&quot;0&quot;,&quot;copyright&quot;:&quot;&quot;,&quot;focal_length&quot;:&quot;0&quot;,&quot;iso&quot;:&quot;0&quot;,&quot;shutter_speed&quot;:&quot;0&quot;,&quot;title&quot;:&quot;&quot;,&quot;orientation&quot;:&quot;0&quot;}\" data-image-title=\"image\" data-image-description=\"\" data-image-caption=\"\" data-large-file=\"https:\/\/www.hoymercedes.com.ar\/principal\/wp-content\/uploads\/2026\/02\/image-12-1024x722.png\" src=\"https:\/\/www.hoymercedes.com.ar\/principal\/wp-content\/uploads\/2026\/02\/image-12-1024x722.png\" alt=\"\" class=\"wp-image-191752\" srcset=\"https:\/\/www.hoymercedes.com.ar\/principal\/wp-content\/uploads\/2026\/02\/image-12-1024x722.png 1024w, https:\/\/www.hoymercedes.com.ar\/principal\/wp-content\/uploads\/2026\/02\/image-12-630x444.png 630w, https:\/\/www.hoymercedes.com.ar\/principal\/wp-content\/uploads\/2026\/02\/image-12-150x106.png 150w, https:\/\/www.hoymercedes.com.ar\/principal\/wp-content\/uploads\/2026\/02\/image-12.png 1198w\" sizes=\"auto, (max-width: 1024px) 100vw, 1024px\" \/><\/figure>\n\n\n\n<p>La columna de trabajadores mercedinos estuvo encabezada por el secretario general <strong>Humberto Perdiguero<\/strong> y se uni\u00f3 a la movilizaci\u00f3n programada para este <strong>5 de febrero<\/strong>, que congreg\u00f3 a distintas organizaciones sindicales con el objetivo de expresar su oposici\u00f3n a los cambios legislativos que, seg\u00fan los gremios, podr\u00edan debilitar los derechos laborales y facilitar despidos.<\/p>\n\n\n\n<p>Los participantes de la marcha tambi\u00e9n enfatizaron que los salarios est\u00e1n perdiendo poder de compra frente a la inflaci\u00f3n y reclamaron <strong>aumento de urgencia en las remuneraciones<\/strong> para compensar el deterioro del empleo y la reducci\u00f3n de ingresos en el sector.<\/p>\n\n\n\n<p>La protesta se enmarca en un plan de lucha m\u00e1s amplio que incluye actividades similares en Rosario y otras ciudades, mientras los gremios buscan frenar el avance de la reforma laboral y hacer visibles las dificultades que enfrentan los trabajadores en medio de un contexto econ\u00f3mico complicado.<\/p>\n\n\n\n<figure class=\"wp-block-image size-large\"><img loading=\"lazy\" decoding=\"async\" width=\"768\" height=\"1024\" data-attachment-id=\"191753\" data-permalink=\"https:\/\/www.hoymercedes.com.ar\/principal\/2026\/02\/08\/uom-mercedes-participo-de-una-gran-movilizacion-en-cordoba\/image-210\/#main\" data-orig-file=\"https:\/\/www.hoymercedes.com.ar\/principal\/wp-content\/uploads\/2026\/02\/image-13.png\" data-orig-size=\"1200,1600\" data-comments-opened=\"0\" data-image-meta=\"{&quot;aperture&quot;:&quot;0&quot;,&quot;credit&quot;:&quot;&quot;,&quot;camera&quot;:&quot;&quot;,&quot;caption&quot;:&quot;&quot;,&quot;created_timestamp&quot;:&quot;0&quot;,&quot;copyright&quot;:&quot;&quot;,&quot;focal_length&quot;:&quot;0&quot;,&quot;iso&quot;:&quot;0&quot;,&quot;shutter_speed&quot;:&quot;0&quot;,&quot;title&quot;:&quot;&quot;,&quot;orientation&quot;:&quot;0&quot;}\" data-image-title=\"image\" data-image-description=\"\" data-image-caption=\"\" data-large-file=\"https:\/\/www.hoymercedes.com.ar\/principal\/wp-content\/uploads\/2026\/02\/image-13-768x1024.png\" src=\"https:\/\/www.hoymercedes.com.ar\/principal\/wp-content\/uploads\/2026\/02\/image-13-768x1024.png\" alt=\"\" class=\"wp-image-191753\" srcset=\"https:\/\/www.hoymercedes.com.ar\/principal\/wp-content\/uploads\/2026\/02\/image-13-768x1024.png 768w, https:\/\/www.hoymercedes.com.ar\/principal\/wp-content\/uploads\/2026\/02\/image-13-465x620.png 465w, https:\/\/www.hoymercedes.com.ar\/principal\/wp-content\/uploads\/2026\/02\/image-13-113x150.png 113w, https:\/\/www.hoymercedes.com.ar\/principal\/wp-content\/uploads\/2026\/02\/image-13-1152x1536.png 1152w, https:\/\/www.hoymercedes.com.ar\/principal\/wp-content\/uploads\/2026\/02\/image-13.png 1200w\" sizes=\"auto, (max-width: 768px) 100vw, 768px\" \/><\/figure>\n","protected":false},"excerpt":{"rendered":"<p>Una delegaci\u00f3n de la Uni\u00f3n Obrera Metal\u00fargica (UOM) de Mercedes viaj\u00f3 a la ciudad de C\u00f3rdoba para sumarse a una &#8230; <a title=\"UOM Mercedes particip\u00f3 de una gran movilizaci\u00f3n en C\u00f3rdoba\" class=\"read-more\" href=\"https:\/\/www.hoymercedes.com.ar\/principal\/2026\/02\/08\/uom-mercedes-participo-de-una-gran-movilizacion-en-cordoba\/\" aria-label=\"Leer m\u00e1s sobre UOM Mercedes particip\u00f3 de una gran movilizaci\u00f3n en C\u00f3rdoba\">Leer m\u00e1s<\/a><\/p>\n","protected":false},"author":1,"featured_media":191752,"comment_status":"closed","ping_status":"open","sticky":false,"template":"","format":"standard","meta":{"_monsterinsights_skip_tracking":false,"_monsterinsights_sitenote_active":false,"_monsterinsights_sitenote_note":"","_monsterinsights_sitenote_category":0,"jetpack_post_was_ever_published":false,"_jetpack_newsletter_access":"","_jetpack_dont_email_post_to_subs":false,"_jetpack_newsletter_tier_id":0,"_jetpack_memberships_contains_paywalled_content":false,"_jetpack_memberships_contains_paid_content":false,"footnotes":"","jetpack_publicize_message":"","jetpack_publicize_feature_enabled":true,"jetpack_social_post_already_shared":true,"jetpack_social_options":{"image_generator_settings":{"template":"highway","default_image_id":0,"font":"","enabled":false},"version":2},"_wpas_customize_per_network":false},"categories":[8],"tags":[],"class_list":["post-191751","post","type-post","status-publish","format-standard","has-post-thumbnail","hentry","category-sociedad","generate-columns","tablet-grid-50","mobile-grid-100","grid-parent","grid-50"],"jetpack_publicize_connections":[],"jetpack_featured_media_url":"https:\/\/www.hoymercedes.com.ar\/principal\/wp-content\/uploads\/2026\/02\/image-12.png","wps_subtitle":"","jetpack_sharing_enabled":true,"_links":{"self":[{"href":"https:\/\/www.hoymercedes.com.ar\/principal\/wp-json\/wp\/v2\/posts\/191751","targetHints":{"allow":["GET"]}}],"collection":[{"href":"https:\/\/www.hoymercedes.com.ar\/principal\/wp-json\/wp\/v2\/posts"}],"about":[{"href":"https:\/\/www.hoymercedes.com.ar\/principal\/wp-json\/wp\/v2\/types\/post"}],"author":[{"embeddable":true,"href":"https:\/\/www.hoymercedes.com.ar\/principal\/wp-json\/wp\/v2\/users\/1"}],"replies":[{"embeddable":true,"href":"https:\/\/www.hoymercedes.com.ar\/principal\/wp-json\/wp\/v2\/comments?post=191751"}],"version-history":[{"count":1,"href":"https:\/\/www.hoymercedes.com.ar\/principal\/wp-json\/wp\/v2\/posts\/191751\/revisions"}],"predecessor-version":[{"id":191754,"href":"https:\/\/www.hoymercedes.com.ar\/principal\/wp-json\/wp\/v2\/posts\/191751\/revisions\/191754"}],"wp:featuredmedia":[{"embeddable":true,"href":"https:\/\/www.hoymercedes.com.ar\/principal\/wp-json\/wp\/v2\/media\/191752"}],"wp:attachment":[{"href":"https:\/\/www.hoymercedes.com.ar\/principal\/wp-json\/wp\/v2\/media?parent=191751"}],"wp:term":[{"taxonomy":"category","embeddable":true,"href":"https:\/\/www.hoymercedes.com.ar\/principal\/wp-json\/wp\/v2\/categories?post=191751"},{"taxonomy":"post_tag","embeddable":true,"href":"https:\/\/www.hoymercedes.com.ar\/principal\/wp-json\/wp\/v2\/tags?post=191751"}],"curies":[{"name":"wp","href":"https:\/\/api.w.org\/{rel}","templated":true}]}}