{"id":191785,"date":"2026-02-07T14:51:50","date_gmt":"2026-02-07T17:51:50","guid":{"rendered":"https:\/\/www.hoymercedes.com.ar\/principal\/?p=191785"},"modified":"2026-02-07T14:51:54","modified_gmt":"2026-02-07T17:51:54","slug":"axel-kicillof-asumiria-la-presidencia-del-pj-bonaerense","status":"publish","type":"post","link":"https:\/\/www.hoymercedes.com.ar\/principal\/2026\/02\/07\/axel-kicillof-asumiria-la-presidencia-del-pj-bonaerense\/","title":{"rendered":"Axel Kicillof asumir\u00eda la presidencia del PJ bonaerense"},"content":{"rendered":"\n<p>En un movimiento clave para la reorganizaci\u00f3n del peronismo, se confirm\u00f3 que el gobernador de la provincia de Buenos Aires, <strong>Axel Kicillof<\/strong>, ser\u00e1 el pr\u00f3ximo presidente del <strong>Partido Justicialista (PJ) bonaerense<\/strong>. El anuncio llega tras intensas negociaciones que culminaron en un consenso con el sector liderado por M\u00e1ximo Kirchner, evitando as\u00ed una confrontaci\u00f3n interna en el distrito electoral m\u00e1s importante del pa\u00eds.<\/p>\n\n\n\n<h3 class=\"wp-block-heading\">Los puntos clave del acuerdo:<\/h3>\n\n\n\n<ul class=\"wp-block-list\">\n<li><strong>Unidad estrat\u00e9gica:<\/strong> La designaci\u00f3n busca blindar la gesti\u00f3n provincial y consolidar un frente unido ante las pol\u00edticas del gobierno nacional.<\/li>\n\n\n\n<li><strong>Equilibrio de fuerzas:<\/strong> Si bien Kicillof encabezar\u00e1 el partido, la estructura mantendr\u00e1 una fuerte representaci\u00f3n de <strong>La C\u00e1mpora<\/strong> y de los intendentes del conurbano, garantizando la participaci\u00f3n de todos los sectores del movimiento.<\/li>\n\n\n\n<li><strong>Calendario electoral:<\/strong> Este pacto despeja el camino para las pr\u00f3ximas elecciones legislativas, permitiendo que el peronismo concentre sus esfuerzos en la oposici\u00f3n legislativa y territorial.<\/li>\n<\/ul>\n\n\n\n<blockquote class=\"wp-block-quote is-layout-flow wp-block-quote-is-layout-flow\">\n<p>\u00abEl acuerdo representa un gesto de pragmatismo pol\u00edtico en un momento donde la cohesi\u00f3n interna es vital para enfrentar los desaf\u00edos econ\u00f3micos y sociales de la provincia\u00bb, se\u00f1alaron fuentes cercanas al armado partidario.<\/p>\n<\/blockquote>\n\n\n\n<p>Con este paso, el gobernador no solo reafirma su liderazgo administrativo, sino que suma un <strong>m\u00fasculo pol\u00edtico institucional<\/strong> que ser\u00e1 determinante para el futuro del peronismo a nivel nacional.<\/p>\n\n\n\n<p>Todo qued\u00f3 con Kicillof en la presidencia, Ver\u00f3nica Magario qued\u00f3 como vice primera y Federico Oterm\u00edn (cercano al kirchnerismo) como vicepresidente segundo.<\/p>\n","protected":false},"excerpt":{"rendered":"<p>En un movimiento clave para la reorganizaci\u00f3n del peronismo, se confirm\u00f3 que el gobernador de la provincia de Buenos Aires, &#8230; <a title=\"Axel Kicillof asumir\u00eda la presidencia del PJ bonaerense\" class=\"read-more\" href=\"https:\/\/www.hoymercedes.com.ar\/principal\/2026\/02\/07\/axel-kicillof-asumiria-la-presidencia-del-pj-bonaerense\/\" aria-label=\"Leer m\u00e1s sobre Axel Kicillof asumir\u00eda la presidencia del PJ bonaerense\">Leer m\u00e1s<\/a><\/p>\n","protected":false},"author":1,"featured_media":182967,"comment_status":"closed","ping_status":"open","sticky":false,"template":"","format":"standard","meta":{"_monsterinsights_skip_tracking":false,"_monsterinsights_sitenote_active":false,"_monsterinsights_sitenote_note":"","_monsterinsights_sitenote_category":0,"jetpack_post_was_ever_published":false,"_jetpack_newsletter_access":"","_jetpack_dont_email_post_to_subs":false,"_jetpack_newsletter_tier_id":0,"_jetpack_memberships_contains_paywalled_content":false,"_jetpack_memberships_contains_paid_content":false,"footnotes":"","jetpack_publicize_message":"","jetpack_publicize_feature_enabled":true,"jetpack_social_post_already_shared":true,"jetpack_social_options":{"image_generator_settings":{"template":"highway","default_image_id":0,"font":"","enabled":false},"version":2},"_wpas_customize_per_network":false},"categories":[5210],"tags":[20961,13293],"class_list":["post-191785","post","type-post","status-publish","format-standard","has-post-thumbnail","hentry","category-politica-nacional","tag-axel-kicillof-presidente-del-pj","tag-pj-provincia","generate-columns","tablet-grid-50","mobile-grid-100","grid-parent","grid-50"],"jetpack_publicize_connections":[],"jetpack_featured_media_url":"https:\/\/www.hoymercedes.com.ar\/principal\/wp-content\/uploads\/2025\/03\/Kicillof-scaled.jpg","wps_subtitle":"","jetpack_sharing_enabled":true,"_links":{"self":[{"href":"https:\/\/www.hoymercedes.com.ar\/principal\/wp-json\/wp\/v2\/posts\/191785","targetHints":{"allow":["GET"]}}],"collection":[{"href":"https:\/\/www.hoymercedes.com.ar\/principal\/wp-json\/wp\/v2\/posts"}],"about":[{"href":"https:\/\/www.hoymercedes.com.ar\/principal\/wp-json\/wp\/v2\/types\/post"}],"author":[{"embeddable":true,"href":"https:\/\/www.hoymercedes.com.ar\/principal\/wp-json\/wp\/v2\/users\/1"}],"replies":[{"embeddable":true,"href":"https:\/\/www.hoymercedes.com.ar\/principal\/wp-json\/wp\/v2\/comments?post=191785"}],"version-history":[{"count":1,"href":"https:\/\/www.hoymercedes.com.ar\/principal\/wp-json\/wp\/v2\/posts\/191785\/revisions"}],"predecessor-version":[{"id":191786,"href":"https:\/\/www.hoymercedes.com.ar\/principal\/wp-json\/wp\/v2\/posts\/191785\/revisions\/191786"}],"wp:featuredmedia":[{"embeddable":true,"href":"https:\/\/www.hoymercedes.com.ar\/principal\/wp-json\/wp\/v2\/media\/182967"}],"wp:attachment":[{"href":"https:\/\/www.hoymercedes.com.ar\/principal\/wp-json\/wp\/v2\/media?parent=191785"}],"wp:term":[{"taxonomy":"category","embeddable":true,"href":"https:\/\/www.hoymercedes.com.ar\/principal\/wp-json\/wp\/v2\/categories?post=191785"},{"taxonomy":"post_tag","embeddable":true,"href":"https:\/\/www.hoymercedes.com.ar\/principal\/wp-json\/wp\/v2\/tags?post=191785"}],"curies":[{"name":"wp","href":"https:\/\/api.w.org\/{rel}","templated":true}]}}