{"id":191787,"date":"2026-02-07T15:57:48","date_gmt":"2026-02-07T18:57:48","guid":{"rendered":"https:\/\/www.hoymercedes.com.ar\/principal\/?p=191787"},"modified":"2026-02-07T15:58:09","modified_gmt":"2026-02-07T18:58:09","slug":"conoce-lo-que-podes-disfrutr","status":"publish","type":"post","link":"https:\/\/www.hoymercedes.com.ar\/principal\/2026\/02\/07\/conoce-lo-que-podes-disfrutr\/","title":{"rendered":"Conoc\u00e9 lo que pod\u00e9s disfrutar este finde en la ciudad"},"content":{"rendered":"\n<p>Conoc\u00e9 las actividades que ten\u00e9s para disfrutar este fin de semana en Mercedes. \u00bfTen\u00e9s algo que te gustar\u00eda sumar? envianos tu actividad a hoymercedes@gmail.com    <\/p>\n\n\n\n<style>\n  .agenda-container {\n    font-family: -apple-system, BlinkMacSystemFont, \"Segoe UI\", Roboto, Helvetica, Arial, sans-serif;\n    color: #333;\n    max-width: 800px;\n    margin: 0 auto;\n    line-height: 1.5;\n  }\n  .agenda-day {\n    background-color: #01A0C6; \/* Azul HoyMercedes *\/\n    color: white;\n    padding: 12px 20px;\n    font-size: 1.4rem;\n    font-weight: bold;\n    text-transform: uppercase;\n    letter-spacing: 1px;\n    margin: 30px 0 15px 0;\n    border-radius: 4px;\n  }\n  .event-card {\n    border-left: 4px solid ##01A0C6;\n    background: #f9f9f9;\n    padding: 15px 20px;\n    margin-bottom: 12px;\n    transition: background 0.3s ease;\n  }\n  .event-card:hover {\n    background: #f0f4f8;\n  }\n  .event-title {\n    font-weight: 800;\n    font-size: 1.15rem;\n    color: #111;\n    margin-bottom: 4px;\n    display: block;\n    text-transform: uppercase;\n  }\n  .event-info {\n    font-size: 0.95rem;\n    color: #555;\n    margin: 2px 0;\n  }\n  .event-location {\n    font-weight: 600;\n    color: #444;\n  }\n  .event-time {\n    color: #004a87;\n    font-weight: bold;\n    font-size: 0.9rem;\n  }\n  .event-desc {\n    font-style: italic;\n    color: #666;\n    margin-top: 5px;\n  }\n\n  \/* Responsivo para m\u00f3viles *\/\n  @media (max-width: 600px) {\n    .agenda-day { font-size: 1.2rem; padding: 10px 15px; }\n    .event-card { padding: 12px 15px; }\n    .event-title { font-size: 1.05rem; }\n  }\n<\/style>\n\n<div class=\"agenda-container\">\n  \n  <div class=\"agenda-day\">S\u00e1bado 7 de Febrero<\/div>\n\n  <div class=\"event-card\">\n    <span class=\"event-title\">Piletas Unzu\u00e9<\/span>\n    <p class=\"event-info event-location\">Ex Instituto Unzu\u00e9, 26 y 49<\/p>\n    <p class=\"event-info event-time\">Horario: 14 a 19 hs<\/p>\n  <\/div>\n\n  <div class=\"event-card\">\n    <span class=\"event-title\">Pileta Holanda<\/span>\n    <p class=\"event-info event-location\">Calle 14 y 107<\/p>\n    <p class=\"event-info event-time\">Horario: 14 a 19 hs<\/p>\n  <\/div>\n\n  <div class=\"event-card\">\n    <span class=\"event-title\">Paseo de La Trocha<\/span>\n    <p class=\"event-info event-location\">Avda 42 y 29<\/p>\n    <p class=\"event-info event-desc\">Feria de emprendedores, gastronom\u00eda<\/p>\n    <p class=\"event-info event-time\">Horario: 18 a 00 hs<\/p>\n  <\/div>\n\n  <div class=\"event-card\">\n    <span class=\"event-title\">Calesita<\/span>\n    <p class=\"event-info event-location\">Plaza Belgrano, 12 y 35<\/p>\n    <p class=\"event-info event-time\">Horario: 18 a 22 hs<\/p>\n  <\/div>\n\n  <div class=\"event-card\">\n    <span class=\"event-title\">Pinta Verano<\/span>\n    <p class=\"event-info event-desc\">Cerveceros y m\u00fasica en vivo<\/p>\n    <p class=\"event-info event-location\">Anfiteatro Municipal, 29 y 42<\/p>\n    <p class=\"event-info event-time\">A partir de las 19 hs<\/p>\n  <\/div>\n\n  <div class=\"event-card\">\n    <span class=\"event-title\">Noche en los Museos<\/span>\n    <p class=\"event-info event-location\">MAMM, Dr. V\u00edctor M\u00edguez, Carlos Ameghino<\/p>\n    <p class=\"event-info event-desc\">Recorrida y visitas guiadas<\/p>\n    <p class=\"event-info event-time\">Horario: 20 a 00 hs<\/p>\n  <\/div>\n\n  <div class=\"event-card\">\n    <span class=\"event-title\">Fiesta en Altamira<\/span>\n    <p class=\"event-info event-location\">Estaci\u00f3n de Tren &#8211; 626 y 623<\/p>\n    <p class=\"event-info event-desc\">Organizaci\u00f3n de vecinos y vecinas<\/p>\n    <p class=\"event-info event-time\">Desde las 18 hs (Visitas de 20 a 00 hs)<\/p>\n  <\/div>\n\n  <div class=\"event-card\">\n    <span class=\"event-title\">Bistro Rest\u00f3 Bar<\/span>\n    <p class=\"event-info event-desc\">Noche a puro Deep House con La Torre de Babel<\/p>\n  <\/div>\n\n  <div class=\"event-card\">\n    <span class=\"event-title\">Lo de Hunchi &#8211; Bodeg\u00f3n<\/span>\n    <p class=\"event-info event-desc\">Tributo a Ricardo Arjona<\/p>\n  <\/div>\n\n  <div class=\"agenda-day\">Domingo 8 de Febrero<\/div>\n\n  <div class=\"event-card\">\n    <span class=\"event-title\">Paseo Trocha<\/span>\n    <p class=\"event-info event-time\">Horario: 20 a 00 hs<\/p>\n  <\/div>\n\n  <div class=\"event-card\">\n    <span class=\"event-title\">Noche en los Museos<\/span>\n    <p class=\"event-info event-location\">Miguez &#8211; Ameghino &#8211; MAMM<\/p>\n    <p class=\"event-info event-desc\">Visitas guiadas<\/p>\n    <p class=\"event-info event-time\">Horario: 20 a 00 hs<\/p>\n  <\/div>\n\n  <div class=\"event-card\">\n    <span class=\"event-title\">Verano en las Plazas<\/span>\n    <p class=\"event-info event-location\">Plaza Santa Teresita (26bis y 105)<\/p>\n    <p class=\"event-info event-time\">Horario: 21 hs<\/p>\n  <\/div>\n\n<\/div>\n","protected":false},"excerpt":{"rendered":"<p>Conoc\u00e9 las actividades que ten\u00e9s para disfrutar este fin de semana en Mercedes. \u00bfTen\u00e9s algo que te gustar\u00eda sumar? envianos &#8230; <a title=\"Conoc\u00e9 lo que pod\u00e9s disfrutar este finde en la ciudad\" class=\"read-more\" href=\"https:\/\/www.hoymercedes.com.ar\/principal\/2026\/02\/07\/conoce-lo-que-podes-disfrutr\/\" aria-label=\"Leer m\u00e1s sobre Conoc\u00e9 lo que pod\u00e9s disfrutar este finde en la ciudad\">Leer m\u00e1s<\/a><\/p>\n","protected":false},"author":1,"featured_media":191627,"comment_status":"closed","ping_status":"open","sticky":false,"template":"","format":"standard","meta":{"_monsterinsights_skip_tracking":false,"_monsterinsights_sitenote_active":false,"_monsterinsights_sitenote_note":"","_monsterinsights_sitenote_category":0,"jetpack_post_was_ever_published":false,"_jetpack_newsletter_access":"","_jetpack_dont_email_post_to_subs":false,"_jetpack_newsletter_tier_id":0,"_jetpack_memberships_contains_paywalled_content":false,"_jetpack_memberships_contains_paid_content":false,"footnotes":"","jetpack_publicize_message":"","jetpack_publicize_feature_enabled":true,"jetpack_social_post_already_shared":true,"jetpack_social_options":{"image_generator_settings":{"template":"highway","default_image_id":0,"font":"","enabled":false},"version":2},"_wpas_customize_per_network":false},"categories":[8],"tags":[],"class_list":["post-191787","post","type-post","status-publish","format-standard","has-post-thumbnail","hentry","category-sociedad","generate-columns","tablet-grid-50","mobile-grid-100","grid-parent","grid-50"],"jetpack_publicize_connections":[],"jetpack_featured_media_url":"https:\/\/www.hoymercedes.com.ar\/principal\/wp-content\/uploads\/2026\/02\/Cerveceros.jpg","wps_subtitle":"","jetpack_sharing_enabled":true,"_links":{"self":[{"href":"https:\/\/www.hoymercedes.com.ar\/principal\/wp-json\/wp\/v2\/posts\/191787","targetHints":{"allow":["GET"]}}],"collection":[{"href":"https:\/\/www.hoymercedes.com.ar\/principal\/wp-json\/wp\/v2\/posts"}],"about":[{"href":"https:\/\/www.hoymercedes.com.ar\/principal\/wp-json\/wp\/v2\/types\/post"}],"author":[{"embeddable":true,"href":"https:\/\/www.hoymercedes.com.ar\/principal\/wp-json\/wp\/v2\/users\/1"}],"replies":[{"embeddable":true,"href":"https:\/\/www.hoymercedes.com.ar\/principal\/wp-json\/wp\/v2\/comments?post=191787"}],"version-history":[{"count":2,"href":"https:\/\/www.hoymercedes.com.ar\/principal\/wp-json\/wp\/v2\/posts\/191787\/revisions"}],"predecessor-version":[{"id":191789,"href":"https:\/\/www.hoymercedes.com.ar\/principal\/wp-json\/wp\/v2\/posts\/191787\/revisions\/191789"}],"wp:featuredmedia":[{"embeddable":true,"href":"https:\/\/www.hoymercedes.com.ar\/principal\/wp-json\/wp\/v2\/media\/191627"}],"wp:attachment":[{"href":"https:\/\/www.hoymercedes.com.ar\/principal\/wp-json\/wp\/v2\/media?parent=191787"}],"wp:term":[{"taxonomy":"category","embeddable":true,"href":"https:\/\/www.hoymercedes.com.ar\/principal\/wp-json\/wp\/v2\/categories?post=191787"},{"taxonomy":"post_tag","embeddable":true,"href":"https:\/\/www.hoymercedes.com.ar\/principal\/wp-json\/wp\/v2\/tags?post=191787"}],"curies":[{"name":"wp","href":"https:\/\/api.w.org\/{rel}","templated":true}]}}