{"id":191806,"date":"2026-02-08T16:54:35","date_gmt":"2026-02-08T19:54:35","guid":{"rendered":"https:\/\/www.hoymercedes.com.ar\/principal\/?p=191806"},"modified":"2026-02-08T16:54:37","modified_gmt":"2026-02-08T19:54:37","slug":"laureano-rosa-impone-un-nuevo-record-y-se-consagra-campeon-en-la-doble-san-antonio-2026-video","status":"publish","type":"post","link":"https:\/\/www.hoymercedes.com.ar\/principal\/2026\/02\/08\/laureano-rosa-impone-un-nuevo-record-y-se-consagra-campeon-en-la-doble-san-antonio-2026-video\/","title":{"rendered":"Laureano Rosa impone un nuevo r\u00e9cord y se consagra campe\u00f3n en la Doble San Antonio 2026 (video)"},"content":{"rendered":"\n<p>El atleta mercedino <strong>Laureano Rosa<\/strong> se qued\u00f3 con la victoria en la <strong>81\u00aa edici\u00f3n de la tradicional carrera Doble San Antonio<\/strong>, celebrada el s\u00e1bado 7 de febrero en <strong>Piri\u00e1polis, Uruguay<\/strong>. En la exigente prueba de <strong>8 km<\/strong>, Rosa complet\u00f3 el recorrido en <strong>24 minutos y 17 segundos<\/strong>, marcando un <strong>nuevo r\u00e9cord del circuito<\/strong> y llev\u00e1ndose el triunfo en la principal competencia atl\u00e9tica del verano uruguayo.<\/p>\n\n\n\n<figure class=\"wp-block-image size-full\"><img loading=\"lazy\" decoding=\"async\" width=\"518\" height=\"606\" data-attachment-id=\"191807\" data-permalink=\"https:\/\/www.hoymercedes.com.ar\/principal\/2026\/02\/08\/laureano-rosa-impone-un-nuevo-record-y-se-consagra-campeon-en-la-doble-san-antonio-2026-video\/whatsapp-image-2026-02-08-at-16-39-28\/#main\" data-orig-file=\"https:\/\/www.hoymercedes.com.ar\/principal\/wp-content\/uploads\/2026\/02\/WhatsApp-Image-2026-02-08-at-16.39.28.jpeg\" data-orig-size=\"518,606\" data-comments-opened=\"0\" data-image-meta=\"{&quot;aperture&quot;:&quot;0&quot;,&quot;credit&quot;:&quot;&quot;,&quot;camera&quot;:&quot;&quot;,&quot;caption&quot;:&quot;&quot;,&quot;created_timestamp&quot;:&quot;0&quot;,&quot;copyright&quot;:&quot;&quot;,&quot;focal_length&quot;:&quot;0&quot;,&quot;iso&quot;:&quot;0&quot;,&quot;shutter_speed&quot;:&quot;0&quot;,&quot;title&quot;:&quot;&quot;,&quot;orientation&quot;:&quot;0&quot;}\" data-image-title=\"WhatsApp Image 2026-02-08 at 16.39.28\" data-image-description=\"\" data-image-caption=\"\" data-large-file=\"https:\/\/www.hoymercedes.com.ar\/principal\/wp-content\/uploads\/2026\/02\/WhatsApp-Image-2026-02-08-at-16.39.28.jpeg\" src=\"https:\/\/www.hoymercedes.com.ar\/principal\/wp-content\/uploads\/2026\/02\/WhatsApp-Image-2026-02-08-at-16.39.28.jpeg\" alt=\"\" class=\"wp-image-191807\" srcset=\"https:\/\/www.hoymercedes.com.ar\/principal\/wp-content\/uploads\/2026\/02\/WhatsApp-Image-2026-02-08-at-16.39.28.jpeg 518w, https:\/\/www.hoymercedes.com.ar\/principal\/wp-content\/uploads\/2026\/02\/WhatsApp-Image-2026-02-08-at-16.39.28-128x150.jpeg 128w\" sizes=\"auto, (max-width: 518px) 100vw, 518px\" \/><\/figure>\n\n\n\n<p>La carrera, considerada la m\u00e1s antigua de Uruguay y organizada sobre la <strong>Rambla de los Argentinos<\/strong>, cont\u00f3 con una participaci\u00f3n masiva de corredores y cupos completamente agotados antes de la fecha de la prueba.<\/p>\n\n\n\n<p>El podio masculino lo completaron el atleta uruguayo <strong>Mart\u00edn Cuestas<\/strong>, quien cruz\u00f3 la meta apenas segundos despu\u00e9s del ganador, y el tambi\u00e9n argentino <strong>Manuel C\u00f3rsico<\/strong>, que asegur\u00f3 el tercer lugar con un tiempo cercano a los 24:40 minutos.<\/p>\n\n\n\n<p>La competencia, que incluye la desafiante subida y bajada del <strong>Cerro San Antonio<\/strong>, reuni\u00f3 a corredores de alto nivel y volvi\u00f3 a demostrar su prestigio dentro del calendario deportivo de la regi\u00f3n.<\/p>\n\n\n\n<p>Con esta destacada actuaci\u00f3n, Rosa contin\u00faa sumando importantes resultados a su trayectoria internacional, reforzando su posici\u00f3n como uno de los fondistas m\u00e1s destacados de la zona.<\/p>\n\n\n\n<p>Foto: Juanjo Torena Fotograf\u00eda<\/p>\n\n\n\n<figure class=\"wp-block-video\"><video height=\"720\" style=\"aspect-ratio: 1280 \/ 720;\" width=\"1280\" controls src=\"https:\/\/www.hoymercedes.com.ar\/principal\/wp-content\/uploads\/2026\/02\/WhatsApp-Video-2026-02-08-at-16.50.12.mp4\"><\/video><\/figure>\n","protected":false},"excerpt":{"rendered":"<p>El atleta mercedino Laureano Rosa se qued\u00f3 con la victoria en la 81\u00aa edici\u00f3n de la tradicional carrera Doble San &#8230; <a title=\"Laureano Rosa impone un nuevo r\u00e9cord y se consagra campe\u00f3n en la Doble San Antonio 2026 (video)\" class=\"read-more\" href=\"https:\/\/www.hoymercedes.com.ar\/principal\/2026\/02\/08\/laureano-rosa-impone-un-nuevo-record-y-se-consagra-campeon-en-la-doble-san-antonio-2026-video\/\" aria-label=\"Leer m\u00e1s sobre Laureano Rosa impone un nuevo r\u00e9cord y se consagra campe\u00f3n en la Doble San Antonio 2026 (video)\">Leer m\u00e1s<\/a><\/p>\n","protected":false},"author":1,"featured_media":191807,"comment_status":"closed","ping_status":"open","sticky":false,"template":"","format":"standard","meta":{"_monsterinsights_skip_tracking":false,"_monsterinsights_sitenote_active":false,"_monsterinsights_sitenote_note":"","_monsterinsights_sitenote_category":0,"jetpack_post_was_ever_published":false,"_jetpack_newsletter_access":"","_jetpack_dont_email_post_to_subs":false,"_jetpack_newsletter_tier_id":0,"_jetpack_memberships_contains_paywalled_content":false,"_jetpack_memberships_contains_paid_content":false,"footnotes":"","jetpack_publicize_message":"","jetpack_publicize_feature_enabled":true,"jetpack_social_post_already_shared":true,"jetpack_social_options":{"image_generator_settings":{"template":"highway","default_image_id":0,"font":"","enabled":false},"version":2},"_wpas_customize_per_network":false},"categories":[21],"tags":[],"class_list":["post-191806","post","type-post","status-publish","format-standard","has-post-thumbnail","hentry","category-deportes","generate-columns","tablet-grid-50","mobile-grid-100","grid-parent","grid-50"],"jetpack_publicize_connections":[],"jetpack_featured_media_url":"https:\/\/www.hoymercedes.com.ar\/principal\/wp-content\/uploads\/2026\/02\/WhatsApp-Image-2026-02-08-at-16.39.28.jpeg","wps_subtitle":"","jetpack_sharing_enabled":true,"_links":{"self":[{"href":"https:\/\/www.hoymercedes.com.ar\/principal\/wp-json\/wp\/v2\/posts\/191806","targetHints":{"allow":["GET"]}}],"collection":[{"href":"https:\/\/www.hoymercedes.com.ar\/principal\/wp-json\/wp\/v2\/posts"}],"about":[{"href":"https:\/\/www.hoymercedes.com.ar\/principal\/wp-json\/wp\/v2\/types\/post"}],"author":[{"embeddable":true,"href":"https:\/\/www.hoymercedes.com.ar\/principal\/wp-json\/wp\/v2\/users\/1"}],"replies":[{"embeddable":true,"href":"https:\/\/www.hoymercedes.com.ar\/principal\/wp-json\/wp\/v2\/comments?post=191806"}],"version-history":[{"count":1,"href":"https:\/\/www.hoymercedes.com.ar\/principal\/wp-json\/wp\/v2\/posts\/191806\/revisions"}],"predecessor-version":[{"id":191809,"href":"https:\/\/www.hoymercedes.com.ar\/principal\/wp-json\/wp\/v2\/posts\/191806\/revisions\/191809"}],"wp:featuredmedia":[{"embeddable":true,"href":"https:\/\/www.hoymercedes.com.ar\/principal\/wp-json\/wp\/v2\/media\/191807"}],"wp:attachment":[{"href":"https:\/\/www.hoymercedes.com.ar\/principal\/wp-json\/wp\/v2\/media?parent=191806"}],"wp:term":[{"taxonomy":"category","embeddable":true,"href":"https:\/\/www.hoymercedes.com.ar\/principal\/wp-json\/wp\/v2\/categories?post=191806"},{"taxonomy":"post_tag","embeddable":true,"href":"https:\/\/www.hoymercedes.com.ar\/principal\/wp-json\/wp\/v2\/tags?post=191806"}],"curies":[{"name":"wp","href":"https:\/\/api.w.org\/{rel}","templated":true}]}}