{"id":191810,"date":"2026-02-08T17:05:39","date_gmt":"2026-02-08T20:05:39","guid":{"rendered":"https:\/\/www.hoymercedes.com.ar\/principal\/?p=191810"},"modified":"2026-02-08T17:05:43","modified_gmt":"2026-02-08T20:05:43","slug":"argentina-sub-20-femenina-triunfo-clave-en-asuncion-con-gran-actuacion-de-juana-cangaro","status":"publish","type":"post","link":"https:\/\/www.hoymercedes.com.ar\/principal\/2026\/02\/08\/argentina-sub-20-femenina-triunfo-clave-en-asuncion-con-gran-actuacion-de-juana-cangaro\/","title":{"rendered":"Argentina Sub-20 femenina: triunfo clave en Asunci\u00f3n con gran actuaci\u00f3n de Juana C\u00e1ngaro"},"content":{"rendered":"\n<p>La <strong>Selecci\u00f3n Argentina femenina Sub-20<\/strong> consigui\u00f3 un <strong>importante triunfo ante Ecuador por 2-1<\/strong> este s\u00e1bado 7 de febrero en el <strong>Estadio Emiliano Ghezzi de Asunci\u00f3n, Paraguay<\/strong>, en el marco del <strong>Campeonato Sudamericano de la categor\u00eda<\/strong> que entrega plazas para la <strong>Copa Mundial Femenina Sub-20 de la FIFA 2026<\/strong>.<\/p>\n\n\n\n<figure class=\"wp-block-image size-full\"><img loading=\"lazy\" decoding=\"async\" width=\"640\" height=\"427\" data-attachment-id=\"191811\" data-permalink=\"https:\/\/www.hoymercedes.com.ar\/principal\/2026\/02\/08\/argentina-sub-20-femenina-triunfo-clave-en-asuncion-con-gran-actuacion-de-juana-cangaro\/image-212\/#main\" data-orig-file=\"https:\/\/www.hoymercedes.com.ar\/principal\/wp-content\/uploads\/2026\/02\/image-15.png\" data-orig-size=\"640,427\" data-comments-opened=\"0\" data-image-meta=\"{&quot;aperture&quot;:&quot;0&quot;,&quot;credit&quot;:&quot;&quot;,&quot;camera&quot;:&quot;&quot;,&quot;caption&quot;:&quot;&quot;,&quot;created_timestamp&quot;:&quot;0&quot;,&quot;copyright&quot;:&quot;&quot;,&quot;focal_length&quot;:&quot;0&quot;,&quot;iso&quot;:&quot;0&quot;,&quot;shutter_speed&quot;:&quot;0&quot;,&quot;title&quot;:&quot;&quot;,&quot;orientation&quot;:&quot;0&quot;}\" data-image-title=\"image\" data-image-description=\"\" data-image-caption=\"\" data-large-file=\"https:\/\/www.hoymercedes.com.ar\/principal\/wp-content\/uploads\/2026\/02\/image-15.png\" src=\"https:\/\/www.hoymercedes.com.ar\/principal\/wp-content\/uploads\/2026\/02\/image-15.png\" alt=\"\" class=\"wp-image-191811\" srcset=\"https:\/\/www.hoymercedes.com.ar\/principal\/wp-content\/uploads\/2026\/02\/image-15.png 640w, https:\/\/www.hoymercedes.com.ar\/principal\/wp-content\/uploads\/2026\/02\/image-15-630x420.png 630w, https:\/\/www.hoymercedes.com.ar\/principal\/wp-content\/uploads\/2026\/02\/image-15-150x100.png 150w\" sizes=\"auto, (max-width: 640px) 100vw, 640px\" \/><\/figure>\n\n\n\n<p>El equipo dirigido por <strong>Christian Meloni<\/strong> abri\u00f3 el marcador temprano en el partido con un gol de <strong>Kishi N\u00fa\u00f1ez<\/strong> a los 8 minutos. Ecuador igual\u00f3 poco despu\u00e9s con un tanto de <strong>Rosa Flores<\/strong>, pero en el segundo tiempo <strong>Annika Paz<\/strong> anot\u00f3 el gol que le dio la victoria a Argentina y asegur\u00f3 los primeros <strong>tres puntos<\/strong> en el Grupo B del certamen.<\/p>\n\n\n\n<p>En el encuentro, la defensa argentina cont\u00f3 con una s\u00f3lida actuaci\u00f3n de <strong>Juana C\u00e1ngaro<\/strong>, quien fue titular con la camiseta n\u00famero 4 y se mantuvo firme hasta que el cuerpo t\u00e9cnico decidi\u00f3 su cambio por <strong>Luisiana Araya<\/strong> para reforzar la \u00faltima l\u00ednea y sostener el resultado.<\/p>\n\n\n\n<p>Este resultado coloca a Argentina en una posici\u00f3n favorable dentro de una zona que tambi\u00e9n integra Brasil, Per\u00fa y Bolivia, con el equipo albiceleste sumando sus primeros puntos y con el desaf\u00edo de continuar por este camino para clasificar a la siguiente fase.<\/p>\n\n\n\n<p>El pr\u00f3ximo compromiso de las j\u00f3venes argentinas ser\u00e1 <strong>este lunes 9 de febrero a las 18:00<\/strong>, cuando enfrenten a <strong>Per\u00fa<\/strong> en el <strong>Estadio Alfonso Giagni<\/strong> en otra jornada clave de la fase de grupos<\/p>\n","protected":false},"excerpt":{"rendered":"<p>La Selecci\u00f3n Argentina femenina Sub-20 consigui\u00f3 un importante triunfo ante Ecuador por 2-1 este s\u00e1bado 7 de febrero en el &#8230; <a title=\"Argentina Sub-20 femenina: triunfo clave en Asunci\u00f3n con gran actuaci\u00f3n de Juana C\u00e1ngaro\" class=\"read-more\" href=\"https:\/\/www.hoymercedes.com.ar\/principal\/2026\/02\/08\/argentina-sub-20-femenina-triunfo-clave-en-asuncion-con-gran-actuacion-de-juana-cangaro\/\" aria-label=\"Leer m\u00e1s sobre Argentina Sub-20 femenina: triunfo clave en Asunci\u00f3n con gran actuaci\u00f3n de Juana C\u00e1ngaro\">Leer m\u00e1s<\/a><\/p>\n","protected":false},"author":1,"featured_media":191811,"comment_status":"closed","ping_status":"open","sticky":false,"template":"","format":"standard","meta":{"_monsterinsights_skip_tracking":false,"_monsterinsights_sitenote_active":false,"_monsterinsights_sitenote_note":"","_monsterinsights_sitenote_category":0,"jetpack_post_was_ever_published":false,"_jetpack_newsletter_access":"","_jetpack_dont_email_post_to_subs":false,"_jetpack_newsletter_tier_id":0,"_jetpack_memberships_contains_paywalled_content":false,"_jetpack_memberships_contains_paid_content":false,"footnotes":"","jetpack_publicize_message":"","jetpack_publicize_feature_enabled":true,"jetpack_social_post_already_shared":true,"jetpack_social_options":{"image_generator_settings":{"template":"highway","default_image_id":0,"font":"","enabled":false},"version":2},"_wpas_customize_per_network":false},"categories":[21],"tags":[],"class_list":["post-191810","post","type-post","status-publish","format-standard","has-post-thumbnail","hentry","category-deportes","generate-columns","tablet-grid-50","mobile-grid-100","grid-parent","grid-50"],"jetpack_publicize_connections":[],"jetpack_featured_media_url":"https:\/\/www.hoymercedes.com.ar\/principal\/wp-content\/uploads\/2026\/02\/image-15.png","wps_subtitle":"","jetpack_sharing_enabled":true,"_links":{"self":[{"href":"https:\/\/www.hoymercedes.com.ar\/principal\/wp-json\/wp\/v2\/posts\/191810","targetHints":{"allow":["GET"]}}],"collection":[{"href":"https:\/\/www.hoymercedes.com.ar\/principal\/wp-json\/wp\/v2\/posts"}],"about":[{"href":"https:\/\/www.hoymercedes.com.ar\/principal\/wp-json\/wp\/v2\/types\/post"}],"author":[{"embeddable":true,"href":"https:\/\/www.hoymercedes.com.ar\/principal\/wp-json\/wp\/v2\/users\/1"}],"replies":[{"embeddable":true,"href":"https:\/\/www.hoymercedes.com.ar\/principal\/wp-json\/wp\/v2\/comments?post=191810"}],"version-history":[{"count":1,"href":"https:\/\/www.hoymercedes.com.ar\/principal\/wp-json\/wp\/v2\/posts\/191810\/revisions"}],"predecessor-version":[{"id":191812,"href":"https:\/\/www.hoymercedes.com.ar\/principal\/wp-json\/wp\/v2\/posts\/191810\/revisions\/191812"}],"wp:featuredmedia":[{"embeddable":true,"href":"https:\/\/www.hoymercedes.com.ar\/principal\/wp-json\/wp\/v2\/media\/191811"}],"wp:attachment":[{"href":"https:\/\/www.hoymercedes.com.ar\/principal\/wp-json\/wp\/v2\/media?parent=191810"}],"wp:term":[{"taxonomy":"category","embeddable":true,"href":"https:\/\/www.hoymercedes.com.ar\/principal\/wp-json\/wp\/v2\/categories?post=191810"},{"taxonomy":"post_tag","embeddable":true,"href":"https:\/\/www.hoymercedes.com.ar\/principal\/wp-json\/wp\/v2\/tags?post=191810"}],"curies":[{"name":"wp","href":"https:\/\/api.w.org\/{rel}","templated":true}]}}