{"id":191923,"date":"2026-02-13T17:55:14","date_gmt":"2026-02-13T20:55:14","guid":{"rendered":"https:\/\/www.hoymercedes.com.ar\/principal\/?p=191923"},"modified":"2026-02-13T17:55:18","modified_gmt":"2026-02-13T20:55:18","slug":"seguridad-retuvo-y-traslado-a-resguardo-7-caballos-sueltos-que-generaban-peligro","status":"publish","type":"post","link":"https:\/\/www.hoymercedes.com.ar\/principal\/2026\/02\/13\/seguridad-retuvo-y-traslado-a-resguardo-7-caballos-sueltos-que-generaban-peligro\/","title":{"rendered":"Seguridad retuvo y traslad\u00f3 a resguardo 7 caballos sueltos que generaban peligro"},"content":{"rendered":"\n<p>En el marco de las medidas de prevenci\u00f3n y cumpliendo las normativas existentes la Secretar\u00eda de Seguridad llev\u00f3 adelante un operativo donde se retuvieron 7 caballas que andaban sueltos en la v\u00eda p\u00fablica, generando un riesgo para las familias. Fue en el barrio \u201cCalabria\u00bb.<\/p>\n\n\n\n<figure class=\"wp-block-image size-large\"><img loading=\"lazy\" decoding=\"async\" width=\"1024\" height=\"768\" data-attachment-id=\"191924\" data-permalink=\"https:\/\/www.hoymercedes.com.ar\/principal\/2026\/02\/13\/seguridad-retuvo-y-traslado-a-resguardo-7-caballos-sueltos-que-generaban-peligro\/whatsapp-image-2026-02-13-at-15-30-00-1\/#main\" data-orig-file=\"https:\/\/www.hoymercedes.com.ar\/principal\/wp-content\/uploads\/2026\/02\/WhatsApp-Image-2026-02-13-at-15.30.00-1.jpeg\" data-orig-size=\"1600,1200\" data-comments-opened=\"0\" data-image-meta=\"{&quot;aperture&quot;:&quot;0&quot;,&quot;credit&quot;:&quot;&quot;,&quot;camera&quot;:&quot;&quot;,&quot;caption&quot;:&quot;&quot;,&quot;created_timestamp&quot;:&quot;0&quot;,&quot;copyright&quot;:&quot;&quot;,&quot;focal_length&quot;:&quot;0&quot;,&quot;iso&quot;:&quot;0&quot;,&quot;shutter_speed&quot;:&quot;0&quot;,&quot;title&quot;:&quot;&quot;,&quot;orientation&quot;:&quot;0&quot;}\" data-image-title=\"WhatsApp Image 2026-02-13 at 15.30.00 (1)\" data-image-description=\"\" data-image-caption=\"\" data-large-file=\"https:\/\/www.hoymercedes.com.ar\/principal\/wp-content\/uploads\/2026\/02\/WhatsApp-Image-2026-02-13-at-15.30.00-1-1024x768.jpeg\" src=\"https:\/\/www.hoymercedes.com.ar\/principal\/wp-content\/uploads\/2026\/02\/WhatsApp-Image-2026-02-13-at-15.30.00-1-1024x768.jpeg\" alt=\"\" class=\"wp-image-191924\" srcset=\"https:\/\/www.hoymercedes.com.ar\/principal\/wp-content\/uploads\/2026\/02\/WhatsApp-Image-2026-02-13-at-15.30.00-1-1024x768.jpeg 1024w, https:\/\/www.hoymercedes.com.ar\/principal\/wp-content\/uploads\/2026\/02\/WhatsApp-Image-2026-02-13-at-15.30.00-1-630x473.jpeg 630w, https:\/\/www.hoymercedes.com.ar\/principal\/wp-content\/uploads\/2026\/02\/WhatsApp-Image-2026-02-13-at-15.30.00-1-150x113.jpeg 150w, https:\/\/www.hoymercedes.com.ar\/principal\/wp-content\/uploads\/2026\/02\/WhatsApp-Image-2026-02-13-at-15.30.00-1-1536x1152.jpeg 1536w, https:\/\/www.hoymercedes.com.ar\/principal\/wp-content\/uploads\/2026\/02\/WhatsApp-Image-2026-02-13-at-15.30.00-1.jpeg 1600w\" sizes=\"auto, (max-width: 1024px) 100vw, 1024px\" \/><\/figure>\n\n\n\n<p>\u201cLa intervenci\u00f3n se realiz\u00f3 en estricto cumplimiento de la Ordenanza 9597, que proh\u00edbe expresamente la presencia y el dep\u00f3sito de animales sueltos en calles, caminos y espacios p\u00fablicos, y faculta al municipio a proceder a su secuestro preventivo ante la constataci\u00f3n de la infracci\u00f3n\u201d narr\u00f3 el Dr. Mat\u00edas Maresca, secretario del \u00e1rea, quien estuvo en el lugar acompa\u00f1ando el reclamo de las y los vecinos.<\/p>\n\n\n\n<p>Se inform\u00f3 desde la cartera de seguridad que \u201clos animales fueron trasladados al predio habilitado a tal efecto y paralelamente, se labraron las actas de infracci\u00f3n pertinentes, quedando las actuaciones a disposici\u00f3n del Juzgado de Faltas para la continuidad del procedimiento\u201d<\/p>\n\n\n\n<figure class=\"wp-block-image size-large\"><img loading=\"lazy\" decoding=\"async\" width=\"1024\" height=\"628\" data-attachment-id=\"191925\" data-permalink=\"https:\/\/www.hoymercedes.com.ar\/principal\/2026\/02\/13\/seguridad-retuvo-y-traslado-a-resguardo-7-caballos-sueltos-que-generaban-peligro\/whatsapp-image-2026-02-13-at-15-30-00\/#main\" data-orig-file=\"https:\/\/www.hoymercedes.com.ar\/principal\/wp-content\/uploads\/2026\/02\/WhatsApp-Image-2026-02-13-at-15.30.00.jpeg\" data-orig-size=\"1364,836\" data-comments-opened=\"0\" data-image-meta=\"{&quot;aperture&quot;:&quot;0&quot;,&quot;credit&quot;:&quot;&quot;,&quot;camera&quot;:&quot;&quot;,&quot;caption&quot;:&quot;&quot;,&quot;created_timestamp&quot;:&quot;0&quot;,&quot;copyright&quot;:&quot;&quot;,&quot;focal_length&quot;:&quot;0&quot;,&quot;iso&quot;:&quot;0&quot;,&quot;shutter_speed&quot;:&quot;0&quot;,&quot;title&quot;:&quot;&quot;,&quot;orientation&quot;:&quot;0&quot;}\" data-image-title=\"WhatsApp Image 2026-02-13 at 15.30.00\" data-image-description=\"\" data-image-caption=\"\" data-large-file=\"https:\/\/www.hoymercedes.com.ar\/principal\/wp-content\/uploads\/2026\/02\/WhatsApp-Image-2026-02-13-at-15.30.00-1024x628.jpeg\" src=\"https:\/\/www.hoymercedes.com.ar\/principal\/wp-content\/uploads\/2026\/02\/WhatsApp-Image-2026-02-13-at-15.30.00-1024x628.jpeg\" alt=\"\" class=\"wp-image-191925\" srcset=\"https:\/\/www.hoymercedes.com.ar\/principal\/wp-content\/uploads\/2026\/02\/WhatsApp-Image-2026-02-13-at-15.30.00-1024x628.jpeg 1024w, https:\/\/www.hoymercedes.com.ar\/principal\/wp-content\/uploads\/2026\/02\/WhatsApp-Image-2026-02-13-at-15.30.00-630x386.jpeg 630w, https:\/\/www.hoymercedes.com.ar\/principal\/wp-content\/uploads\/2026\/02\/WhatsApp-Image-2026-02-13-at-15.30.00-150x92.jpeg 150w, https:\/\/www.hoymercedes.com.ar\/principal\/wp-content\/uploads\/2026\/02\/WhatsApp-Image-2026-02-13-at-15.30.00.jpeg 1364w\" sizes=\"auto, (max-width: 1024px) 100vw, 1024px\" \/><\/figure>\n\n\n\n<p>Vale recordar que no es la primera vez que intervienen en este tipo de actuaciones, ya que han debido actuar hace poco tiempo en algo parecido, dando cuanta de la importancia de quien tenga animales lleve adelante los procesos de cuidado y salubridad correspondientes sobre los mismos.<\/p>\n\n\n\n<p>Los animales sueltos, adem\u00e1s, son un factor de peligro para la seguridad vial, como la mayor\u00eda de las personas reconocen cuando \u00e9stos se salen de sus cercos de contenci\u00f3n.<br>Se destac\u00f3 que los operativos continuar\u00e1n siendo realizados a trav\u00e9s del tiempo, cumpliendo normas y dando respuestas a la ciudadan\u00eda.<\/p>\n","protected":false},"excerpt":{"rendered":"<p>En el marco de las medidas de prevenci\u00f3n y cumpliendo las normativas existentes la Secretar\u00eda de Seguridad llev\u00f3 adelante un &#8230; <a title=\"Seguridad retuvo y traslad\u00f3 a resguardo 7 caballos sueltos que generaban peligro\" class=\"read-more\" href=\"https:\/\/www.hoymercedes.com.ar\/principal\/2026\/02\/13\/seguridad-retuvo-y-traslado-a-resguardo-7-caballos-sueltos-que-generaban-peligro\/\" aria-label=\"Leer m\u00e1s sobre Seguridad retuvo y traslad\u00f3 a resguardo 7 caballos sueltos que generaban peligro\">Leer m\u00e1s<\/a><\/p>\n","protected":false},"author":1,"featured_media":191924,"comment_status":"closed","ping_status":"open","sticky":false,"template":"","format":"standard","meta":{"_monsterinsights_skip_tracking":false,"_monsterinsights_sitenote_active":false,"_monsterinsights_sitenote_note":"","_monsterinsights_sitenote_category":0,"jetpack_post_was_ever_published":false,"_jetpack_newsletter_access":"","_jetpack_dont_email_post_to_subs":false,"_jetpack_newsletter_tier_id":0,"_jetpack_memberships_contains_paywalled_content":false,"_jetpack_memberships_contains_paid_content":false,"footnotes":"","jetpack_publicize_message":"","jetpack_publicize_feature_enabled":true,"jetpack_social_post_already_shared":true,"jetpack_social_options":{"image_generator_settings":{"template":"highway","default_image_id":0,"font":"","enabled":false},"version":2},"_wpas_customize_per_network":false},"categories":[8],"tags":[],"class_list":["post-191923","post","type-post","status-publish","format-standard","has-post-thumbnail","hentry","category-sociedad","generate-columns","tablet-grid-50","mobile-grid-100","grid-parent","grid-50"],"jetpack_publicize_connections":[],"jetpack_featured_media_url":"https:\/\/www.hoymercedes.com.ar\/principal\/wp-content\/uploads\/2026\/02\/WhatsApp-Image-2026-02-13-at-15.30.00-1.jpeg","wps_subtitle":"","jetpack_sharing_enabled":true,"_links":{"self":[{"href":"https:\/\/www.hoymercedes.com.ar\/principal\/wp-json\/wp\/v2\/posts\/191923","targetHints":{"allow":["GET"]}}],"collection":[{"href":"https:\/\/www.hoymercedes.com.ar\/principal\/wp-json\/wp\/v2\/posts"}],"about":[{"href":"https:\/\/www.hoymercedes.com.ar\/principal\/wp-json\/wp\/v2\/types\/post"}],"author":[{"embeddable":true,"href":"https:\/\/www.hoymercedes.com.ar\/principal\/wp-json\/wp\/v2\/users\/1"}],"replies":[{"embeddable":true,"href":"https:\/\/www.hoymercedes.com.ar\/principal\/wp-json\/wp\/v2\/comments?post=191923"}],"version-history":[{"count":1,"href":"https:\/\/www.hoymercedes.com.ar\/principal\/wp-json\/wp\/v2\/posts\/191923\/revisions"}],"predecessor-version":[{"id":191926,"href":"https:\/\/www.hoymercedes.com.ar\/principal\/wp-json\/wp\/v2\/posts\/191923\/revisions\/191926"}],"wp:featuredmedia":[{"embeddable":true,"href":"https:\/\/www.hoymercedes.com.ar\/principal\/wp-json\/wp\/v2\/media\/191924"}],"wp:attachment":[{"href":"https:\/\/www.hoymercedes.com.ar\/principal\/wp-json\/wp\/v2\/media?parent=191923"}],"wp:term":[{"taxonomy":"category","embeddable":true,"href":"https:\/\/www.hoymercedes.com.ar\/principal\/wp-json\/wp\/v2\/categories?post=191923"},{"taxonomy":"post_tag","embeddable":true,"href":"https:\/\/www.hoymercedes.com.ar\/principal\/wp-json\/wp\/v2\/tags?post=191923"}],"curies":[{"name":"wp","href":"https:\/\/api.w.org\/{rel}","templated":true}]}}