{"id":191927,"date":"2026-02-13T18:08:57","date_gmt":"2026-02-13T21:08:57","guid":{"rendered":"https:\/\/www.hoymercedes.com.ar\/principal\/?p=191927"},"modified":"2026-02-13T18:09:00","modified_gmt":"2026-02-13T21:09:00","slug":"municipio-dio-a-conocer-los-cortes-que-habra-el-fin-de-semana-de-carnaval","status":"publish","type":"post","link":"https:\/\/www.hoymercedes.com.ar\/principal\/2026\/02\/13\/municipio-dio-a-conocer-los-cortes-que-habra-el-fin-de-semana-de-carnaval\/","title":{"rendered":"Municipio dio a conocer los cortes que habr\u00e1 el fin de semana de carnaval"},"content":{"rendered":"\n<p>Como habitualmente ocurre, la ciudad se viste de fiesta en el feriado de carnaval y el epicentro hist\u00f3rico es la avenida 29, siguiendo los pasos de una ciudad que desde hace cerca de un siglo festeja este acontecimiento todos los a\u00f1os en el mismo lugar, d\u00e1ndole la entidad que merece esta fiesta cuyo nombre proviene del lat\u00edn y significa \u00a0<em>carne levare<\/em>\u00a0o\u00a0<em>carne-vale<\/em>, que significa \u00abquitar la carne\u00bb o \u00abadi\u00f3s a la carne\u00bb, indicando el tiempo previo al ayuno cuaresmal.<\/p>\n\n\n\n<figure class=\"wp-block-image size-large\"><img loading=\"lazy\" decoding=\"async\" width=\"1024\" height=\"684\" data-attachment-id=\"183112\" data-permalink=\"https:\/\/www.hoymercedes.com.ar\/principal\/2025\/03\/10\/el-carnaval-se-despidio-ante-una-multitud-en-avenida-29\/mhm_6473\/#main\" data-orig-file=\"https:\/\/www.hoymercedes.com.ar\/principal\/wp-content\/uploads\/2025\/03\/MHM_6473.jpg\" data-orig-size=\"1316,879\" data-comments-opened=\"0\" data-image-meta=\"{&quot;aperture&quot;:&quot;0&quot;,&quot;credit&quot;:&quot;&quot;,&quot;camera&quot;:&quot;&quot;,&quot;caption&quot;:&quot;&quot;,&quot;created_timestamp&quot;:&quot;0&quot;,&quot;copyright&quot;:&quot;&quot;,&quot;focal_length&quot;:&quot;0&quot;,&quot;iso&quot;:&quot;0&quot;,&quot;shutter_speed&quot;:&quot;0&quot;,&quot;title&quot;:&quot;&quot;,&quot;orientation&quot;:&quot;0&quot;}\" data-image-title=\"El carnaval se despidi\u00f3 ante una multitud en avenida 29\" data-image-description=\"&lt;p&gt;El carnaval se despidi\u00f3 ante una multitud en avenida 29&lt;\/p&gt;\n\" data-image-caption=\"&lt;p&gt;El carnaval se despidi\u00f3 ante una multitud en avenida 29&lt;\/p&gt;\n\" data-large-file=\"https:\/\/www.hoymercedes.com.ar\/principal\/wp-content\/uploads\/2025\/03\/MHM_6473-1024x684.jpg\" src=\"https:\/\/www.hoymercedes.com.ar\/principal\/wp-content\/uploads\/2025\/03\/MHM_6473-1024x684.jpg\" alt=\"El carnaval se despidi\u00f3 ante una multitud en avenida 29\" class=\"wp-image-183112\" srcset=\"https:\/\/www.hoymercedes.com.ar\/principal\/wp-content\/uploads\/2025\/03\/MHM_6473-1024x684.jpg 1024w, https:\/\/www.hoymercedes.com.ar\/principal\/wp-content\/uploads\/2025\/03\/MHM_6473-630x421.jpg 630w, https:\/\/www.hoymercedes.com.ar\/principal\/wp-content\/uploads\/2025\/03\/MHM_6473-150x100.jpg 150w, https:\/\/www.hoymercedes.com.ar\/principal\/wp-content\/uploads\/2025\/03\/MHM_6473.jpg 1316w\" sizes=\"auto, (max-width: 1024px) 100vw, 1024px\" \/><figcaption class=\"wp-element-caption\">El carnaval se despidi\u00f3 ante una multitud en avenida 29<\/figcaption><\/figure>\n\n\n\n<p>La Municipalidad de Mercedes anunci\u00f3 que la Avenida 29 estar\u00e1 cortada este viernes 13 desde las 18 en forma total desde calle 30 a 20, mientras que s\u00e1bado, domingo y lunes el mismo sector estar\u00e1 interrumpido desde la misma hora y hasta el final del carnaval y se termine la limpieza de la zona. <\/p>\n\n\n\n<p>Adem\u00e1s, el frente de la Municipalidad, donde est\u00e1 el escenario principal, 29 entre 24 y 26 estar\u00e1 totalmente interrumpido al tr\u00e1nsito desde el viernes 13 al lunes 16.<\/p>\n","protected":false},"excerpt":{"rendered":"<p>Como habitualmente ocurre, la ciudad se viste de fiesta en el feriado de carnaval y el epicentro hist\u00f3rico es la &#8230; <a title=\"Municipio dio a conocer los cortes que habr\u00e1 el fin de semana de carnaval\" class=\"read-more\" href=\"https:\/\/www.hoymercedes.com.ar\/principal\/2026\/02\/13\/municipio-dio-a-conocer-los-cortes-que-habra-el-fin-de-semana-de-carnaval\/\" aria-label=\"Leer m\u00e1s sobre Municipio dio a conocer los cortes que habr\u00e1 el fin de semana de carnaval\">Leer m\u00e1s<\/a><\/p>\n","protected":false},"author":1,"featured_media":183112,"comment_status":"closed","ping_status":"open","sticky":false,"template":"","format":"standard","meta":{"_monsterinsights_skip_tracking":false,"_monsterinsights_sitenote_active":false,"_monsterinsights_sitenote_note":"","_monsterinsights_sitenote_category":0,"jetpack_post_was_ever_published":false,"_jetpack_newsletter_access":"","_jetpack_dont_email_post_to_subs":false,"_jetpack_newsletter_tier_id":0,"_jetpack_memberships_contains_paywalled_content":false,"_jetpack_memberships_contains_paid_content":false,"footnotes":"","jetpack_publicize_message":"","jetpack_publicize_feature_enabled":true,"jetpack_social_post_already_shared":true,"jetpack_social_options":{"image_generator_settings":{"template":"highway","default_image_id":0,"font":"","enabled":false},"version":2},"_wpas_customize_per_network":false},"categories":[8],"tags":[],"class_list":["post-191927","post","type-post","status-publish","format-standard","has-post-thumbnail","hentry","category-sociedad","generate-columns","tablet-grid-50","mobile-grid-100","grid-parent","grid-50"],"jetpack_publicize_connections":[],"jetpack_featured_media_url":"https:\/\/www.hoymercedes.com.ar\/principal\/wp-content\/uploads\/2025\/03\/MHM_6473.jpg","wps_subtitle":"","jetpack_sharing_enabled":true,"_links":{"self":[{"href":"https:\/\/www.hoymercedes.com.ar\/principal\/wp-json\/wp\/v2\/posts\/191927","targetHints":{"allow":["GET"]}}],"collection":[{"href":"https:\/\/www.hoymercedes.com.ar\/principal\/wp-json\/wp\/v2\/posts"}],"about":[{"href":"https:\/\/www.hoymercedes.com.ar\/principal\/wp-json\/wp\/v2\/types\/post"}],"author":[{"embeddable":true,"href":"https:\/\/www.hoymercedes.com.ar\/principal\/wp-json\/wp\/v2\/users\/1"}],"replies":[{"embeddable":true,"href":"https:\/\/www.hoymercedes.com.ar\/principal\/wp-json\/wp\/v2\/comments?post=191927"}],"version-history":[{"count":1,"href":"https:\/\/www.hoymercedes.com.ar\/principal\/wp-json\/wp\/v2\/posts\/191927\/revisions"}],"predecessor-version":[{"id":191928,"href":"https:\/\/www.hoymercedes.com.ar\/principal\/wp-json\/wp\/v2\/posts\/191927\/revisions\/191928"}],"wp:featuredmedia":[{"embeddable":true,"href":"https:\/\/www.hoymercedes.com.ar\/principal\/wp-json\/wp\/v2\/media\/183112"}],"wp:attachment":[{"href":"https:\/\/www.hoymercedes.com.ar\/principal\/wp-json\/wp\/v2\/media?parent=191927"}],"wp:term":[{"taxonomy":"category","embeddable":true,"href":"https:\/\/www.hoymercedes.com.ar\/principal\/wp-json\/wp\/v2\/categories?post=191927"},{"taxonomy":"post_tag","embeddable":true,"href":"https:\/\/www.hoymercedes.com.ar\/principal\/wp-json\/wp\/v2\/tags?post=191927"}],"curies":[{"name":"wp","href":"https:\/\/api.w.org\/{rel}","templated":true}]}}