{"id":191941,"date":"2026-02-14T10:43:00","date_gmt":"2026-02-14T13:43:00","guid":{"rendered":"https:\/\/www.hoymercedes.com.ar\/principal\/?p=191941"},"modified":"2026-02-13T22:45:16","modified_gmt":"2026-02-14T01:45:16","slug":"reforma-laboral-el-colegio-de-medicos-bonaerense-advierte-sobre-los-riesgos-de-la-desregulacion-profesional","status":"publish","type":"post","link":"https:\/\/www.hoymercedes.com.ar\/principal\/2026\/02\/14\/reforma-laboral-el-colegio-de-medicos-bonaerense-advierte-sobre-los-riesgos-de-la-desregulacion-profesional\/","title":{"rendered":"Reforma laboral: el Colegio de M\u00e9dicos bonaerense advierte sobre los riesgos de la desregulaci\u00f3n profesional"},"content":{"rendered":"\n<p>Ante la posibilidad de que avance una reforma laboral que contemple la denominada \u201clibertad de matr\u00edcula\u201d o un sistema de empadronamiento voluntario para los profesionales, el Colegio de M\u00e9dicos de la Provincia de Buenos Aires expres\u00f3 su preocupaci\u00f3n por las consecuencias que esa medida podr\u00eda tener en el sistema sanitario.<\/p>\n\n\n\n<figure class=\"wp-block-image size-full\"><img loading=\"lazy\" decoding=\"async\" width=\"640\" height=\"262\" data-attachment-id=\"191087\" data-permalink=\"https:\/\/www.hoymercedes.com.ar\/principal\/2026\/01\/21\/la-asociacion-medica-de-mercedes-abre-las-inscripciones-para-el-instituto-superior-femeba\/asociacion-medica-mercedes\/#main\" data-orig-file=\"https:\/\/www.hoymercedes.com.ar\/principal\/wp-content\/uploads\/2026\/01\/Asociacion-Medica-Mercedes.jpg\" data-orig-size=\"640,262\" data-comments-opened=\"0\" data-image-meta=\"{&quot;aperture&quot;:&quot;0&quot;,&quot;credit&quot;:&quot;&quot;,&quot;camera&quot;:&quot;&quot;,&quot;caption&quot;:&quot;&quot;,&quot;created_timestamp&quot;:&quot;0&quot;,&quot;copyright&quot;:&quot;&quot;,&quot;focal_length&quot;:&quot;0&quot;,&quot;iso&quot;:&quot;0&quot;,&quot;shutter_speed&quot;:&quot;0&quot;,&quot;title&quot;:&quot;&quot;,&quot;orientation&quot;:&quot;0&quot;}\" data-image-title=\"Asociacion Medica Mercedes\" data-image-description=\"\" data-image-caption=\"\" data-large-file=\"https:\/\/www.hoymercedes.com.ar\/principal\/wp-content\/uploads\/2026\/01\/Asociacion-Medica-Mercedes.jpg\" src=\"https:\/\/www.hoymercedes.com.ar\/principal\/wp-content\/uploads\/2026\/01\/Asociacion-Medica-Mercedes.jpg\" alt=\"\" class=\"wp-image-191087\" srcset=\"https:\/\/www.hoymercedes.com.ar\/principal\/wp-content\/uploads\/2026\/01\/Asociacion-Medica-Mercedes.jpg 640w, https:\/\/www.hoymercedes.com.ar\/principal\/wp-content\/uploads\/2026\/01\/Asociacion-Medica-Mercedes-630x258.jpg 630w, https:\/\/www.hoymercedes.com.ar\/principal\/wp-content\/uploads\/2026\/01\/Asociacion-Medica-Mercedes-150x61.jpg 150w\" sizes=\"auto, (max-width: 640px) 100vw, 640px\" \/><\/figure>\n\n\n\n<p>Desde la entidad se\u00f1alaron que una eventual desregulaci\u00f3n del ejercicio m\u00e9dico impactar\u00eda no solo en las condiciones laborales del sector, sino tambi\u00e9n en la calidad de la atenci\u00f3n y en los mecanismos de control que hoy garantizan est\u00e1ndares \u00e9ticos y profesionales. En ese sentido, reafirmaron la importancia de la colegiaci\u00f3n como instrumento fundamental para supervisar la matr\u00edcula, velar por la \u00e9tica y asegurar una pr\u00e1ctica m\u00e9dica de excelencia.<\/p>\n\n\n\n<p>En el plano legal, advirtieron que la eliminaci\u00f3n de los Colegios podr\u00eda generar un vac\u00edo normativo que facilite el intrusismo profesional y complique la sanci\u00f3n del ejercicio ilegal de la medicina. Tambi\u00e9n alertaron sobre la posible desaparici\u00f3n de tribunales de \u00e9tica especializados y la falta de regulaci\u00f3n en \u00e1reas sensibles como la telemedicina.<\/p>\n\n\n\n<p>Respecto a la calidad asistencial y la salud p\u00fablica, destacaron que sin la estructura colegiada podr\u00edan perderse herramientas clave como la formaci\u00f3n m\u00e9dica continua y los procesos de recertificaci\u00f3n. Seg\u00fan indicaron, esto aumentar\u00eda el riesgo de mala praxis y errores diagn\u00f3sticos, adem\u00e1s de debilitar el aporte t\u00e9cnico de los profesionales en la definici\u00f3n de pol\u00edticas sanitarias.<\/p>\n\n\n\n<p>Desde la perspectiva laboral, sostuvieron que una desregulaci\u00f3n plena implicar\u00eda la p\u00e9rdida de representaci\u00f3n institucional y una mayor vulnerabilidad frente a las reglas del mercado, con honorarios sin referencias orientativas ni organismos que respalden condiciones de trabajo dignas.<\/p>\n\n\n\n<p>El Consejo Superior del organismo consider\u00f3 que la eliminaci\u00f3n de los Colegios M\u00e9dicos derivar\u00eda en un escenario de desorden regulatorio y vac\u00edo \u00e9tico, afectando tanto a los profesionales como a la comunidad que recibe atenci\u00f3n.<\/p>\n\n\n\n<p>Finalmente, el Colegio de M\u00e9dicos bonaerense ratific\u00f3 su compromiso con una salud p\u00fablica segura, \u00e9tica y de calidad, y manifest\u00f3 su rechazo a cualquier iniciativa que, a su entender, ponga en riesgo la protecci\u00f3n de la poblaci\u00f3n y la integridad del ejercicio profesional.<\/p>\n","protected":false},"excerpt":{"rendered":"<p>Ante la posibilidad de que avance una reforma laboral que contemple la denominada \u201clibertad de matr\u00edcula\u201d o un sistema de &#8230; <a title=\"Reforma laboral: el Colegio de M\u00e9dicos bonaerense advierte sobre los riesgos de la desregulaci\u00f3n profesional\" class=\"read-more\" href=\"https:\/\/www.hoymercedes.com.ar\/principal\/2026\/02\/14\/reforma-laboral-el-colegio-de-medicos-bonaerense-advierte-sobre-los-riesgos-de-la-desregulacion-profesional\/\" aria-label=\"Leer m\u00e1s sobre Reforma laboral: el Colegio de M\u00e9dicos bonaerense advierte sobre los riesgos de la desregulaci\u00f3n profesional\">Leer m\u00e1s<\/a><\/p>\n","protected":false},"author":1,"featured_media":191087,"comment_status":"closed","ping_status":"open","sticky":false,"template":"","format":"standard","meta":{"_monsterinsights_skip_tracking":false,"_monsterinsights_sitenote_active":false,"_monsterinsights_sitenote_note":"","_monsterinsights_sitenote_category":0,"jetpack_post_was_ever_published":false,"_jetpack_newsletter_access":"","_jetpack_dont_email_post_to_subs":false,"_jetpack_newsletter_tier_id":0,"_jetpack_memberships_contains_paywalled_content":false,"_jetpack_memberships_contains_paid_content":false,"footnotes":"","jetpack_publicize_message":"","jetpack_publicize_feature_enabled":true,"jetpack_social_post_already_shared":true,"jetpack_social_options":{"image_generator_settings":{"template":"highway","default_image_id":0,"font":"","enabled":false},"version":2},"_wpas_customize_per_network":false},"categories":[9791],"tags":[],"class_list":["post-191941","post","type-post","status-publish","format-standard","has-post-thumbnail","hentry","category-salud","generate-columns","tablet-grid-50","mobile-grid-100","grid-parent","grid-50"],"jetpack_publicize_connections":[],"jetpack_featured_media_url":"https:\/\/www.hoymercedes.com.ar\/principal\/wp-content\/uploads\/2026\/01\/Asociacion-Medica-Mercedes.jpg","wps_subtitle":"","jetpack_sharing_enabled":true,"_links":{"self":[{"href":"https:\/\/www.hoymercedes.com.ar\/principal\/wp-json\/wp\/v2\/posts\/191941","targetHints":{"allow":["GET"]}}],"collection":[{"href":"https:\/\/www.hoymercedes.com.ar\/principal\/wp-json\/wp\/v2\/posts"}],"about":[{"href":"https:\/\/www.hoymercedes.com.ar\/principal\/wp-json\/wp\/v2\/types\/post"}],"author":[{"embeddable":true,"href":"https:\/\/www.hoymercedes.com.ar\/principal\/wp-json\/wp\/v2\/users\/1"}],"replies":[{"embeddable":true,"href":"https:\/\/www.hoymercedes.com.ar\/principal\/wp-json\/wp\/v2\/comments?post=191941"}],"version-history":[{"count":1,"href":"https:\/\/www.hoymercedes.com.ar\/principal\/wp-json\/wp\/v2\/posts\/191941\/revisions"}],"predecessor-version":[{"id":191942,"href":"https:\/\/www.hoymercedes.com.ar\/principal\/wp-json\/wp\/v2\/posts\/191941\/revisions\/191942"}],"wp:featuredmedia":[{"embeddable":true,"href":"https:\/\/www.hoymercedes.com.ar\/principal\/wp-json\/wp\/v2\/media\/191087"}],"wp:attachment":[{"href":"https:\/\/www.hoymercedes.com.ar\/principal\/wp-json\/wp\/v2\/media?parent=191941"}],"wp:term":[{"taxonomy":"category","embeddable":true,"href":"https:\/\/www.hoymercedes.com.ar\/principal\/wp-json\/wp\/v2\/categories?post=191941"},{"taxonomy":"post_tag","embeddable":true,"href":"https:\/\/www.hoymercedes.com.ar\/principal\/wp-json\/wp\/v2\/tags?post=191941"}],"curies":[{"name":"wp","href":"https:\/\/api.w.org\/{rel}","templated":true}]}}