{"id":191943,"date":"2026-02-15T09:48:00","date_gmt":"2026-02-15T12:48:00","guid":{"rendered":"https:\/\/www.hoymercedes.com.ar\/principal\/?p=191943"},"modified":"2026-02-13T22:49:57","modified_gmt":"2026-02-14T01:49:57","slug":"la-comunidad-se-movilizo-y-logro-reunir-los-fondos-para-la-operacion-de-franco","status":"publish","type":"post","link":"https:\/\/www.hoymercedes.com.ar\/principal\/2026\/02\/15\/la-comunidad-se-movilizo-y-logro-reunir-los-fondos-para-la-operacion-de-franco\/","title":{"rendered":"La comunidad se moviliz\u00f3 y logr\u00f3 reunir los fondos para la operaci\u00f3n de Franco"},"content":{"rendered":"\n<p>Una ola de <strong>solidaridad local permiti\u00f3 que se alcance la suma necesaria para que Franco, un ni\u00f1o de Mercedes, pueda avanzar con la intervenci\u00f3n quir\u00fargica que necesita<\/strong>, confirm\u00f3 su familia, tras una intensa campa\u00f1a de donaci\u00f3n y difusi\u00f3n.<\/p>\n\n\n\n<figure class=\"wp-block-image size-large\"><img loading=\"lazy\" decoding=\"async\" width=\"1024\" height=\"635\" data-attachment-id=\"191944\" data-permalink=\"https:\/\/www.hoymercedes.com.ar\/principal\/2026\/02\/15\/la-comunidad-se-movilizo-y-logro-reunir-los-fondos-para-la-operacion-de-franco\/image-221\/#main\" data-orig-file=\"https:\/\/www.hoymercedes.com.ar\/principal\/wp-content\/uploads\/2026\/02\/image-23.png\" data-orig-size=\"1277,792\" data-comments-opened=\"0\" data-image-meta=\"{&quot;aperture&quot;:&quot;0&quot;,&quot;credit&quot;:&quot;&quot;,&quot;camera&quot;:&quot;&quot;,&quot;caption&quot;:&quot;&quot;,&quot;created_timestamp&quot;:&quot;0&quot;,&quot;copyright&quot;:&quot;&quot;,&quot;focal_length&quot;:&quot;0&quot;,&quot;iso&quot;:&quot;0&quot;,&quot;shutter_speed&quot;:&quot;0&quot;,&quot;title&quot;:&quot;&quot;,&quot;orientation&quot;:&quot;0&quot;}\" data-image-title=\"image\" data-image-description=\"\" data-image-caption=\"\" data-large-file=\"https:\/\/www.hoymercedes.com.ar\/principal\/wp-content\/uploads\/2026\/02\/image-23-1024x635.png\" src=\"https:\/\/www.hoymercedes.com.ar\/principal\/wp-content\/uploads\/2026\/02\/image-23-1024x635.png\" alt=\"\" class=\"wp-image-191944\" srcset=\"https:\/\/www.hoymercedes.com.ar\/principal\/wp-content\/uploads\/2026\/02\/image-23-1024x635.png 1024w, https:\/\/www.hoymercedes.com.ar\/principal\/wp-content\/uploads\/2026\/02\/image-23-630x391.png 630w, https:\/\/www.hoymercedes.com.ar\/principal\/wp-content\/uploads\/2026\/02\/image-23-150x93.png 150w, https:\/\/www.hoymercedes.com.ar\/principal\/wp-content\/uploads\/2026\/02\/image-23.png 1277w\" sizes=\"auto, (max-width: 1024px) 100vw, 1024px\" \/><\/figure>\n\n\n\n<p>Los organizadores comunicaron que finalmente se reunieron <strong>$1.052.184,25<\/strong>, monto que ser\u00e1 utilizado para cubrir los estudios previos y los pasos m\u00e9dicos que permitan concretar la operaci\u00f3n en tiempo inmediato.<\/p>\n\n\n\n<p>En un emotivo mensaje de agradecimiento, los familiares destacaron el compromiso de todos los que colaboraron, remarcando que \u201cel aporte de cada persona permiti\u00f3 construir algo mucho m\u00e1s grande\u201d. Tambi\u00e9n hicieron una menci\u00f3n especial al medio que ayud\u00f3 a visibilizar la campa\u00f1a, consider\u00e1ndolo clave para alcanzar el objetivo.<\/p>\n\n\n\n<h3 class=\"wp-block-heading\">\u00bfQu\u00e9 se har\u00e1 con lo recaudado?<\/h3>\n\n\n\n<p>La familia garantiz\u00f3 que la transparencia ha sido un principio fundamental durante todo el proceso. Parte de los fondos, <strong>$60.000<\/strong>, ya fueron utilizados para adquirir medicaci\u00f3n urgente que Franco recibi\u00f3 este jueves.<\/p>\n\n\n\n<p>El cronograma de actividades m\u00e9dicas previas a la cirug\u00eda qued\u00f3 establecido de la siguiente manera:<\/p>\n\n\n\n<ul class=\"wp-block-list\">\n<li>El <strong>26 de febrero<\/strong>, Franco asistir\u00e1 a una consulta de kinesiolog\u00eda en el <strong>Hospital Garrahan<\/strong>.<\/li>\n\n\n\n<li>Ese mismo d\u00eda se gestionar\u00e1n los estudios prequir\u00fargicos y se mantendr\u00e1 un encuentro con el equipo de <strong>Neurocirug\u00eda<\/strong> para definir la fecha exacta del procedimiento.<\/li>\n\n\n\n<li>La familia tambi\u00e9n se comprometi\u00f3 a <strong>hacer p\u00fablicos los comprobantes de cada gasto<\/strong> una vez que se efect\u00fae el pago de los ex\u00e1menes y procedimientos correspondientes.<\/li>\n<\/ul>\n\n\n\n<h3 class=\"wp-block-heading\">Acompa\u00f1amiento profesional y contexto familiar<\/h3>\n\n\n\n<p>En su comunicado, los padres resaltaron el apoyo del <strong>Dr. Santi Rolfo<\/strong>, cuyo enfoque tanto profesional como humano fue destacado como un acompa\u00f1amiento fundamental en el recorrido hasta este momento.<\/p>\n\n\n\n<p>Franco forma parte de una familia numerosa y muy vinculada a la comunidad: sus hermanos son <em>Bautista<\/em> (16), <em>Delfina<\/em> (13) y <em>Anita<\/em> (9), esta \u00faltima tambi\u00e9n con un cuadro de mielomeningocele e hidrocefalia, lo que hace a\u00fan m\u00e1s sentido el respaldo recibido por sus allegados y vecinos.<\/p>\n\n\n\n<p>A pesar de haber alcanzado la meta econ\u00f3mica, sus padres recordaron que <strong>el camino no termina con la cirug\u00eda<\/strong> y que a\u00fan resta definir aspectos del postoperatorio, como medicaci\u00f3n adicional, insumos y la log\u00edstica de estad\u00eda en Buenos Aires durante el per\u00edodo de internaci\u00f3n.<\/p>\n\n\n\n<p>La familia cerr\u00f3 su mensaje agradeciendo no solo la ayuda econ\u00f3mica, sino tambi\u00e9n el acompa\u00f1amiento emocional que recibieron de la comunidad: \u201c<strong>Acompa\u00f1ar tambi\u00e9n es comprender los procesos, los tiempos y las emociones. Gracias por cuidar y por estar<\/strong>\u201d, expresaron.<\/p>\n","protected":false},"excerpt":{"rendered":"<p>Una ola de solidaridad local permiti\u00f3 que se alcance la suma necesaria para que Franco, un ni\u00f1o de Mercedes, pueda &#8230; <a title=\"La comunidad se moviliz\u00f3 y logr\u00f3 reunir los fondos para la operaci\u00f3n de Franco\" class=\"read-more\" href=\"https:\/\/www.hoymercedes.com.ar\/principal\/2026\/02\/15\/la-comunidad-se-movilizo-y-logro-reunir-los-fondos-para-la-operacion-de-franco\/\" aria-label=\"Leer m\u00e1s sobre La comunidad se moviliz\u00f3 y logr\u00f3 reunir los fondos para la operaci\u00f3n de Franco\">Leer m\u00e1s<\/a><\/p>\n","protected":false},"author":1,"featured_media":191944,"comment_status":"closed","ping_status":"open","sticky":false,"template":"","format":"standard","meta":{"_monsterinsights_skip_tracking":false,"_monsterinsights_sitenote_active":false,"_monsterinsights_sitenote_note":"","_monsterinsights_sitenote_category":0,"jetpack_post_was_ever_published":false,"_jetpack_newsletter_access":"","_jetpack_dont_email_post_to_subs":false,"_jetpack_newsletter_tier_id":0,"_jetpack_memberships_contains_paywalled_content":false,"_jetpack_memberships_contains_paid_content":false,"footnotes":"","jetpack_publicize_message":"","jetpack_publicize_feature_enabled":true,"jetpack_social_post_already_shared":true,"jetpack_social_options":{"image_generator_settings":{"template":"highway","default_image_id":0,"font":"","enabled":false},"version":2},"_wpas_customize_per_network":false},"categories":[8],"tags":[],"class_list":["post-191943","post","type-post","status-publish","format-standard","has-post-thumbnail","hentry","category-sociedad","generate-columns","tablet-grid-50","mobile-grid-100","grid-parent","grid-50"],"jetpack_publicize_connections":[],"jetpack_featured_media_url":"https:\/\/www.hoymercedes.com.ar\/principal\/wp-content\/uploads\/2026\/02\/image-23.png","wps_subtitle":"","jetpack_sharing_enabled":true,"_links":{"self":[{"href":"https:\/\/www.hoymercedes.com.ar\/principal\/wp-json\/wp\/v2\/posts\/191943","targetHints":{"allow":["GET"]}}],"collection":[{"href":"https:\/\/www.hoymercedes.com.ar\/principal\/wp-json\/wp\/v2\/posts"}],"about":[{"href":"https:\/\/www.hoymercedes.com.ar\/principal\/wp-json\/wp\/v2\/types\/post"}],"author":[{"embeddable":true,"href":"https:\/\/www.hoymercedes.com.ar\/principal\/wp-json\/wp\/v2\/users\/1"}],"replies":[{"embeddable":true,"href":"https:\/\/www.hoymercedes.com.ar\/principal\/wp-json\/wp\/v2\/comments?post=191943"}],"version-history":[{"count":1,"href":"https:\/\/www.hoymercedes.com.ar\/principal\/wp-json\/wp\/v2\/posts\/191943\/revisions"}],"predecessor-version":[{"id":191945,"href":"https:\/\/www.hoymercedes.com.ar\/principal\/wp-json\/wp\/v2\/posts\/191943\/revisions\/191945"}],"wp:featuredmedia":[{"embeddable":true,"href":"https:\/\/www.hoymercedes.com.ar\/principal\/wp-json\/wp\/v2\/media\/191944"}],"wp:attachment":[{"href":"https:\/\/www.hoymercedes.com.ar\/principal\/wp-json\/wp\/v2\/media?parent=191943"}],"wp:term":[{"taxonomy":"category","embeddable":true,"href":"https:\/\/www.hoymercedes.com.ar\/principal\/wp-json\/wp\/v2\/categories?post=191943"},{"taxonomy":"post_tag","embeddable":true,"href":"https:\/\/www.hoymercedes.com.ar\/principal\/wp-json\/wp\/v2\/tags?post=191943"}],"curies":[{"name":"wp","href":"https:\/\/api.w.org\/{rel}","templated":true}]}}