{"id":191946,"date":"2026-02-15T10:57:00","date_gmt":"2026-02-15T13:57:00","guid":{"rendered":"https:\/\/www.hoymercedes.com.ar\/principal\/?p=191946"},"modified":"2026-02-13T22:59:45","modified_gmt":"2026-02-14T01:59:45","slug":"penitenciarios-bonaerenses-realizaron-reclamo-por-salarios-bajos","status":"publish","type":"post","link":"https:\/\/www.hoymercedes.com.ar\/principal\/2026\/02\/15\/penitenciarios-bonaerenses-realizaron-reclamo-por-salarios-bajos\/","title":{"rendered":"Penitenciarios bonaerenses realizaron reclamo por salarios bajos"},"content":{"rendered":"\n<p>Un&nbsp;<strong>grupo de familiares de efectivos de la Polic\u00eda y del Servicio Penitenciario de la provincia de Buenos Aires&nbsp;<\/strong>se manifest\u00f3 este viernes por la ma\u00f1ana en el centro de La Plata para&nbsp;<strong>reclamar mejoras salariales y laborales.<\/strong><\/p>\n\n\n\n<figure class=\"wp-block-image size-large\"><img loading=\"lazy\" decoding=\"async\" width=\"1024\" height=\"514\" data-attachment-id=\"191947\" data-permalink=\"https:\/\/www.hoymercedes.com.ar\/principal\/2026\/02\/15\/penitenciarios-bonaerenses-realizaron-reclamo-por-salarios-bajos\/image-222\/#main\" data-orig-file=\"https:\/\/www.hoymercedes.com.ar\/principal\/wp-content\/uploads\/2026\/02\/image-24.png\" data-orig-size=\"1280,643\" data-comments-opened=\"0\" data-image-meta=\"{&quot;aperture&quot;:&quot;0&quot;,&quot;credit&quot;:&quot;&quot;,&quot;camera&quot;:&quot;&quot;,&quot;caption&quot;:&quot;&quot;,&quot;created_timestamp&quot;:&quot;0&quot;,&quot;copyright&quot;:&quot;&quot;,&quot;focal_length&quot;:&quot;0&quot;,&quot;iso&quot;:&quot;0&quot;,&quot;shutter_speed&quot;:&quot;0&quot;,&quot;title&quot;:&quot;&quot;,&quot;orientation&quot;:&quot;0&quot;}\" data-image-title=\"image\" data-image-description=\"\" data-image-caption=\"\" data-large-file=\"https:\/\/www.hoymercedes.com.ar\/principal\/wp-content\/uploads\/2026\/02\/image-24-1024x514.png\" src=\"https:\/\/www.hoymercedes.com.ar\/principal\/wp-content\/uploads\/2026\/02\/image-24-1024x514.png\" alt=\"\" class=\"wp-image-191947\" srcset=\"https:\/\/www.hoymercedes.com.ar\/principal\/wp-content\/uploads\/2026\/02\/image-24-1024x514.png 1024w, https:\/\/www.hoymercedes.com.ar\/principal\/wp-content\/uploads\/2026\/02\/image-24-630x316.png 630w, https:\/\/www.hoymercedes.com.ar\/principal\/wp-content\/uploads\/2026\/02\/image-24-150x75.png 150w, https:\/\/www.hoymercedes.com.ar\/principal\/wp-content\/uploads\/2026\/02\/image-24.png 1280w\" sizes=\"auto, (max-width: 1024px) 100vw, 1024px\" \/><\/figure>\n\n\n\n<p>Seg\u00fan supo la\u00a0<strong>Agencia Noticias Argentinas<\/strong>, la<strong>\u00a0concentraci\u00f3n se realiz\u00f3 cerca de las 10 frente a la sede del Gobierno de la Provincia de Buenos Aires,<\/strong>\u00a0en inmediaciones de la Plaza San Mart\u00edn.<\/p>\n\n\n\n<p>Seg\u00fan expresaron los manifestantes, el reclamo tom\u00f3 impulso<strong>&nbsp;luego de la protesta realizada d\u00edas atr\u00e1s por oficiales en la ciudad de Rosario<\/strong>, lo que gener\u00f3 un \u201cefecto contagio\u201d en otras fuerzas de seguridad del pa\u00eds.<\/p>\n\n\n\n<p>En ese marco, los familiares se\u00f1alaron que muchos efectivos de la\u00a0<strong>Polic\u00eda Bonaerense y del Servicio Penitenciario Bonaerense perciben salarios que no alcanzan el mill\u00f3n de pesos<\/strong>, ubic\u00e1ndose \u2014seg\u00fan indicaron\u2014 por debajo de la canasta b\u00e1sica.<\/p>\n\n\n\n<p>Adem\u00e1s del reclamo salarial,\u00a0<strong>expusieron la precariedad de las condiciones de trabajo\u00a0<\/strong>y exigieron la apertura de mesas de di\u00e1logo con autoridades provinciales.<\/p>\n\n\n\n<p><strong>\u201cNo nos vamos hasta que nos atiendan los funcionarios\u201d<\/strong>, expres\u00f3 una de las manifestantes durante la protesta.<\/p>\n\n\n\n<p>Si bien se esperaba una convocatoria m\u00e1s numerosa, los organizadores se\u00f1alaron que e<strong>l temor a sanciones disciplinarias y a la apertura de legajos en Asuntos Internos habr\u00eda frenado la participaci\u00f3n directa&nbsp;<\/strong>de muchos efectivos, por lo que en varios casos fueron sus familiares quienes decidieron hacerse presentes.__IP__<\/p>\n\n\n\n<p>Tambi\u00e9n recordaron que en protestas anteriores<strong>&nbsp;algunos oficiales enfrentaron causas penales por manifestarse<\/strong>, lo que incrementa el clima de preocupaci\u00f3n dentro de la fuerza.<\/p>\n\n\n\n<p>Durante la jornada se exhibieron&nbsp;<strong>pancartas y banderas con consignas vinculadas a aumentos salariales y mejoras laborales<\/strong>, aunque hasta el momento no se informaron respuestas oficiales ni propuestas de soluci\u00f3n por parte de las autoridades.<\/p>\n","protected":false},"excerpt":{"rendered":"<p>Un&nbsp;grupo de familiares de efectivos de la Polic\u00eda y del Servicio Penitenciario de la provincia de Buenos Aires&nbsp;se manifest\u00f3 este &#8230; <a title=\"Penitenciarios bonaerenses realizaron reclamo por salarios bajos\" class=\"read-more\" href=\"https:\/\/www.hoymercedes.com.ar\/principal\/2026\/02\/15\/penitenciarios-bonaerenses-realizaron-reclamo-por-salarios-bajos\/\" aria-label=\"Leer m\u00e1s sobre Penitenciarios bonaerenses realizaron reclamo por salarios bajos\">Leer m\u00e1s<\/a><\/p>\n","protected":false},"author":1,"featured_media":191947,"comment_status":"closed","ping_status":"open","sticky":false,"template":"","format":"standard","meta":{"_monsterinsights_skip_tracking":false,"_monsterinsights_sitenote_active":false,"_monsterinsights_sitenote_note":"","_monsterinsights_sitenote_category":0,"jetpack_post_was_ever_published":false,"_jetpack_newsletter_access":"","_jetpack_dont_email_post_to_subs":false,"_jetpack_newsletter_tier_id":0,"_jetpack_memberships_contains_paywalled_content":false,"_jetpack_memberships_contains_paid_content":false,"footnotes":"","jetpack_publicize_message":"","jetpack_publicize_feature_enabled":true,"jetpack_social_post_already_shared":true,"jetpack_social_options":{"image_generator_settings":{"template":"highway","default_image_id":0,"font":"","enabled":false},"version":2},"_wpas_customize_per_network":false},"categories":[8],"tags":[],"class_list":["post-191946","post","type-post","status-publish","format-standard","has-post-thumbnail","hentry","category-sociedad","generate-columns","tablet-grid-50","mobile-grid-100","grid-parent","grid-50"],"jetpack_publicize_connections":[],"jetpack_featured_media_url":"https:\/\/www.hoymercedes.com.ar\/principal\/wp-content\/uploads\/2026\/02\/image-24.png","wps_subtitle":"","jetpack_sharing_enabled":true,"_links":{"self":[{"href":"https:\/\/www.hoymercedes.com.ar\/principal\/wp-json\/wp\/v2\/posts\/191946","targetHints":{"allow":["GET"]}}],"collection":[{"href":"https:\/\/www.hoymercedes.com.ar\/principal\/wp-json\/wp\/v2\/posts"}],"about":[{"href":"https:\/\/www.hoymercedes.com.ar\/principal\/wp-json\/wp\/v2\/types\/post"}],"author":[{"embeddable":true,"href":"https:\/\/www.hoymercedes.com.ar\/principal\/wp-json\/wp\/v2\/users\/1"}],"replies":[{"embeddable":true,"href":"https:\/\/www.hoymercedes.com.ar\/principal\/wp-json\/wp\/v2\/comments?post=191946"}],"version-history":[{"count":1,"href":"https:\/\/www.hoymercedes.com.ar\/principal\/wp-json\/wp\/v2\/posts\/191946\/revisions"}],"predecessor-version":[{"id":191948,"href":"https:\/\/www.hoymercedes.com.ar\/principal\/wp-json\/wp\/v2\/posts\/191946\/revisions\/191948"}],"wp:featuredmedia":[{"embeddable":true,"href":"https:\/\/www.hoymercedes.com.ar\/principal\/wp-json\/wp\/v2\/media\/191947"}],"wp:attachment":[{"href":"https:\/\/www.hoymercedes.com.ar\/principal\/wp-json\/wp\/v2\/media?parent=191946"}],"wp:term":[{"taxonomy":"category","embeddable":true,"href":"https:\/\/www.hoymercedes.com.ar\/principal\/wp-json\/wp\/v2\/categories?post=191946"},{"taxonomy":"post_tag","embeddable":true,"href":"https:\/\/www.hoymercedes.com.ar\/principal\/wp-json\/wp\/v2\/tags?post=191946"}],"curies":[{"name":"wp","href":"https:\/\/api.w.org\/{rel}","templated":true}]}}