{"id":191949,"date":"2026-02-14T12:59:00","date_gmt":"2026-02-14T15:59:00","guid":{"rendered":"https:\/\/www.hoymercedes.com.ar\/principal\/?p=191949"},"modified":"2026-02-13T23:12:20","modified_gmt":"2026-02-14T02:12:20","slug":"secretaria-de-seguridad-firma-convenio-con-pba-y-suma-herramientas-de-control-vial","status":"publish","type":"post","link":"https:\/\/www.hoymercedes.com.ar\/principal\/2026\/02\/14\/secretaria-de-seguridad-firma-convenio-con-pba-y-suma-herramientas-de-control-vial\/","title":{"rendered":"Secretaria de Seguridad firma convenio con PBA y suma herramientas de control vial"},"content":{"rendered":"\n<p>Con el objetivo de seguir promoviendo las acciones en prevenci\u00f3n y cuidado de la vida la Secretar\u00eda de Seguridad a cargo del Dr. Mat\u00edas Maresca gestion\u00f3 la entrega de m\u00e1s alcohol\u00edmetros y al\u00f3metros para nuestra ciudad. Adem\u00e1s, fue en el marco de una reuni\u00f3n de planificaci\u00f3n conjunta efectuada en La Plata junto al Subsecretario provincial Subsecretario provincial del Ministerio de Transporte Eduardo Feijoo.<\/p>\n\n\n\n<figure class=\"wp-block-image size-large\"><img loading=\"lazy\" decoding=\"async\" width=\"1024\" height=\"683\" data-attachment-id=\"191950\" data-permalink=\"https:\/\/www.hoymercedes.com.ar\/principal\/2026\/02\/14\/secretaria-de-seguridad-firma-convenio-con-pba-y-suma-herramientas-de-control-vial\/whatsapp-image-2026-02-13-at-18-12-45\/#main\" data-orig-file=\"https:\/\/www.hoymercedes.com.ar\/principal\/wp-content\/uploads\/2026\/02\/WhatsApp-Image-2026-02-13-at-18.12.45.jpeg\" data-orig-size=\"1599,1066\" data-comments-opened=\"0\" data-image-meta=\"{&quot;aperture&quot;:&quot;0&quot;,&quot;credit&quot;:&quot;&quot;,&quot;camera&quot;:&quot;&quot;,&quot;caption&quot;:&quot;&quot;,&quot;created_timestamp&quot;:&quot;0&quot;,&quot;copyright&quot;:&quot;&quot;,&quot;focal_length&quot;:&quot;0&quot;,&quot;iso&quot;:&quot;0&quot;,&quot;shutter_speed&quot;:&quot;0&quot;,&quot;title&quot;:&quot;&quot;,&quot;orientation&quot;:&quot;0&quot;}\" data-image-title=\"WhatsApp Image 2026-02-13 at 18.12.45\" data-image-description=\"\" data-image-caption=\"\" data-large-file=\"https:\/\/www.hoymercedes.com.ar\/principal\/wp-content\/uploads\/2026\/02\/WhatsApp-Image-2026-02-13-at-18.12.45-1024x683.jpeg\" src=\"https:\/\/www.hoymercedes.com.ar\/principal\/wp-content\/uploads\/2026\/02\/WhatsApp-Image-2026-02-13-at-18.12.45-1024x683.jpeg\" alt=\"\" class=\"wp-image-191950\" srcset=\"https:\/\/www.hoymercedes.com.ar\/principal\/wp-content\/uploads\/2026\/02\/WhatsApp-Image-2026-02-13-at-18.12.45-1024x683.jpeg 1024w, https:\/\/www.hoymercedes.com.ar\/principal\/wp-content\/uploads\/2026\/02\/WhatsApp-Image-2026-02-13-at-18.12.45-630x420.jpeg 630w, https:\/\/www.hoymercedes.com.ar\/principal\/wp-content\/uploads\/2026\/02\/WhatsApp-Image-2026-02-13-at-18.12.45-150x100.jpeg 150w, https:\/\/www.hoymercedes.com.ar\/principal\/wp-content\/uploads\/2026\/02\/WhatsApp-Image-2026-02-13-at-18.12.45-1536x1024.jpeg 1536w, https:\/\/www.hoymercedes.com.ar\/principal\/wp-content\/uploads\/2026\/02\/WhatsApp-Image-2026-02-13-at-18.12.45.jpeg 1599w\" sizes=\"auto, (max-width: 1024px) 100vw, 1024px\" \/><\/figure>\n\n\n\n<p><br>La reuni\u00f3n permiti\u00f3 firmar tambi\u00e9n un convenio para profundizar distintos programas de seguridad vial y atenci\u00f3n ciudadana en materia vial.<\/p>\n\n\n\n<p>\u201cEl convenio tiene como objetivo reforzar las acciones de fiscalizaci\u00f3n del tr\u00e1nsito, promover el cumplimiento de la Ley de Alcohol Cero y contribuir a la reducci\u00f3n de siniestros viales en el distrito\u201d narr\u00f3 Mat\u00edas Maresca, secretario local de seguridad, quien estuvo acompa\u00f1ado del subsecretario Victor Palazzo y la coordinadora Valentina Bidone.<\/p>\n\n\n\n<p>El secretario de la cartera destac\u00f3 que \u201clos nuevos dispositivos ser\u00e1n utilizados por personal capacitado en puntos estrat\u00e9gicos de control, en coordinaci\u00f3n con las pol\u00edticas provinciales de seguridad vial\u201d sin dejar de mencionar \u201cquiero tambi\u00e9n agradecer a las y los trabajadores municipales. Su tarea suele ser dif\u00edcil, pero es fundamental, porque est\u00e1n siempre al servicio de la comunidad y en pos del cuidado de la vida y cumplimiento de las normas\u201d narr\u00f3 el funcionario y dijo \u201ces algo que siempre nos pide el intendente Ustarroz, gestionar por y para la ciudad\u201d.<br>Con esta incorporaci\u00f3n tecnol\u00f3gica, la Municipalidad de Mercedes contin\u00faa fortaleciendo las tareas de control y prevenci\u00f3n, reafirmando el trabajo articulado con la Provincia para mejorar la seguridad vial y promover una circulaci\u00f3n m\u00e1s responsable dentro de nuestra ciudad.<\/p>\n\n\n\n<p>Por su parte, el subsecretario Eduardo Feij\u00f3o y el y el director Cristian V\u00e1zquez del ministerio de transporte de la Provincia de Buenos Aires celebraron la interacci\u00f3n con nuestra comunidad y destacaron la importancia del \u201ctrabajando de forma mancomunada con cada municipio, nos aseguramos de que la Ley de Alcohol Cero se cumpla\u00bb.<\/p>\n","protected":false},"excerpt":{"rendered":"<p>Con el objetivo de seguir promoviendo las acciones en prevenci\u00f3n y cuidado de la vida la Secretar\u00eda de Seguridad a &#8230; <a title=\"Secretaria de Seguridad firma convenio con PBA y suma herramientas de control vial\" class=\"read-more\" href=\"https:\/\/www.hoymercedes.com.ar\/principal\/2026\/02\/14\/secretaria-de-seguridad-firma-convenio-con-pba-y-suma-herramientas-de-control-vial\/\" aria-label=\"Leer m\u00e1s sobre Secretaria de Seguridad firma convenio con PBA y suma herramientas de control vial\">Leer m\u00e1s<\/a><\/p>\n","protected":false},"author":1,"featured_media":191950,"comment_status":"closed","ping_status":"open","sticky":false,"template":"","format":"standard","meta":{"_monsterinsights_skip_tracking":false,"_monsterinsights_sitenote_active":false,"_monsterinsights_sitenote_note":"","_monsterinsights_sitenote_category":0,"jetpack_post_was_ever_published":false,"_jetpack_newsletter_access":"","_jetpack_dont_email_post_to_subs":false,"_jetpack_newsletter_tier_id":0,"_jetpack_memberships_contains_paywalled_content":false,"_jetpack_memberships_contains_paid_content":false,"footnotes":"","jetpack_publicize_message":"","jetpack_publicize_feature_enabled":true,"jetpack_social_post_already_shared":true,"jetpack_social_options":{"image_generator_settings":{"template":"highway","default_image_id":0,"font":"","enabled":false},"version":2},"_wpas_customize_per_network":false},"categories":[8],"tags":[],"class_list":["post-191949","post","type-post","status-publish","format-standard","has-post-thumbnail","hentry","category-sociedad","generate-columns","tablet-grid-50","mobile-grid-100","grid-parent","grid-50"],"jetpack_publicize_connections":[],"jetpack_featured_media_url":"https:\/\/www.hoymercedes.com.ar\/principal\/wp-content\/uploads\/2026\/02\/WhatsApp-Image-2026-02-13-at-18.12.45.jpeg","wps_subtitle":"","jetpack_sharing_enabled":true,"_links":{"self":[{"href":"https:\/\/www.hoymercedes.com.ar\/principal\/wp-json\/wp\/v2\/posts\/191949","targetHints":{"allow":["GET"]}}],"collection":[{"href":"https:\/\/www.hoymercedes.com.ar\/principal\/wp-json\/wp\/v2\/posts"}],"about":[{"href":"https:\/\/www.hoymercedes.com.ar\/principal\/wp-json\/wp\/v2\/types\/post"}],"author":[{"embeddable":true,"href":"https:\/\/www.hoymercedes.com.ar\/principal\/wp-json\/wp\/v2\/users\/1"}],"replies":[{"embeddable":true,"href":"https:\/\/www.hoymercedes.com.ar\/principal\/wp-json\/wp\/v2\/comments?post=191949"}],"version-history":[{"count":1,"href":"https:\/\/www.hoymercedes.com.ar\/principal\/wp-json\/wp\/v2\/posts\/191949\/revisions"}],"predecessor-version":[{"id":191951,"href":"https:\/\/www.hoymercedes.com.ar\/principal\/wp-json\/wp\/v2\/posts\/191949\/revisions\/191951"}],"wp:featuredmedia":[{"embeddable":true,"href":"https:\/\/www.hoymercedes.com.ar\/principal\/wp-json\/wp\/v2\/media\/191950"}],"wp:attachment":[{"href":"https:\/\/www.hoymercedes.com.ar\/principal\/wp-json\/wp\/v2\/media?parent=191949"}],"wp:term":[{"taxonomy":"category","embeddable":true,"href":"https:\/\/www.hoymercedes.com.ar\/principal\/wp-json\/wp\/v2\/categories?post=191949"},{"taxonomy":"post_tag","embeddable":true,"href":"https:\/\/www.hoymercedes.com.ar\/principal\/wp-json\/wp\/v2\/tags?post=191949"}],"curies":[{"name":"wp","href":"https:\/\/api.w.org\/{rel}","templated":true}]}}