{"id":191952,"date":"2026-02-14T14:15:00","date_gmt":"2026-02-14T17:15:00","guid":{"rendered":"https:\/\/www.hoymercedes.com.ar\/principal\/?p=191952"},"modified":"2026-02-13T23:19:29","modified_gmt":"2026-02-14T02:19:29","slug":"provincia-de-buenos-aires-cambiara-la-forma-de-pagar-la-patente-a-partir-de-marzo-sera-mensual","status":"publish","type":"post","link":"https:\/\/www.hoymercedes.com.ar\/principal\/2026\/02\/14\/provincia-de-buenos-aires-cambiara-la-forma-de-pagar-la-patente-a-partir-de-marzo-sera-mensual\/","title":{"rendered":"Provincia de Buenos Aires cambiar\u00e1 la forma de pagar la patente: a partir de marzo ser\u00e1 mensual"},"content":{"rendered":"\n<p>La Agencia de Recaudaci\u00f3n de la Provincia de Buenos Aires (ARBA) confirm\u00f3 que, desde <strong>marzo de 2026<\/strong>, el impuesto automotor \u2014m\u00e1s conocido como <strong>patente<\/strong>\u2014 dejar\u00e1 de abonarse cada dos meses para pasar a <strong>pagarse todos los meses del a\u00f1o<\/strong> en la provincia de Buenos Aires.<\/p>\n\n\n\n<figure class=\"wp-block-image size-large\"><img loading=\"lazy\" decoding=\"async\" width=\"1024\" height=\"597\" data-attachment-id=\"191953\" data-permalink=\"https:\/\/www.hoymercedes.com.ar\/principal\/2026\/02\/14\/provincia-de-buenos-aires-cambiara-la-forma-de-pagar-la-patente-a-partir-de-marzo-sera-mensual\/image-223\/#main\" data-orig-file=\"https:\/\/www.hoymercedes.com.ar\/principal\/wp-content\/uploads\/2026\/02\/image-25.png\" data-orig-size=\"1200,700\" data-comments-opened=\"0\" data-image-meta=\"{&quot;aperture&quot;:&quot;0&quot;,&quot;credit&quot;:&quot;&quot;,&quot;camera&quot;:&quot;&quot;,&quot;caption&quot;:&quot;&quot;,&quot;created_timestamp&quot;:&quot;0&quot;,&quot;copyright&quot;:&quot;&quot;,&quot;focal_length&quot;:&quot;0&quot;,&quot;iso&quot;:&quot;0&quot;,&quot;shutter_speed&quot;:&quot;0&quot;,&quot;title&quot;:&quot;&quot;,&quot;orientation&quot;:&quot;0&quot;}\" data-image-title=\"image\" data-image-description=\"\" data-image-caption=\"\" data-large-file=\"https:\/\/www.hoymercedes.com.ar\/principal\/wp-content\/uploads\/2026\/02\/image-25-1024x597.png\" src=\"https:\/\/www.hoymercedes.com.ar\/principal\/wp-content\/uploads\/2026\/02\/image-25-1024x597.png\" alt=\"\" class=\"wp-image-191953\" srcset=\"https:\/\/www.hoymercedes.com.ar\/principal\/wp-content\/uploads\/2026\/02\/image-25-1024x597.png 1024w, https:\/\/www.hoymercedes.com.ar\/principal\/wp-content\/uploads\/2026\/02\/image-25-630x368.png 630w, https:\/\/www.hoymercedes.com.ar\/principal\/wp-content\/uploads\/2026\/02\/image-25-150x88.png 150w, https:\/\/www.hoymercedes.com.ar\/principal\/wp-content\/uploads\/2026\/02\/image-25.png 1200w\" sizes=\"auto, (max-width: 1024px) 100vw, 1024px\" \/><\/figure>\n\n\n\n<p>La modificaci\u00f3n implica una <strong>redistribuci\u00f3n del calendario de pagos<\/strong>: en lugar de recibir facturas bimestrales, los propietarios de veh\u00edculos radicados en territorio bonaerense recibir\u00e1n <strong>diez boletas mensuales entre marzo y diciembre<\/strong>, con fechas de vencimiento establecidas mes a mes.<\/p>\n\n\n\n<p>Seg\u00fan representantes del organismo recaudador, el objetivo de este cambio es <strong>facilitar la organizaci\u00f3n financiera de las familias y peque\u00f1as empresas<\/strong>, ya que las boletas bimestrales concentraban montos m\u00e1s altos de golpe, complicando la planificaci\u00f3n del presupuesto.<\/p>\n\n\n\n<p>ARBA aclar\u00f3 que la <strong>carga total del impuesto no variar\u00e1<\/strong>: el monto anual que paga cada contribuyente se mantiene, aunque ahora se distribuya en m\u00e1s plazos. Adem\u00e1s, se mantiene la opci\u00f3n de realizar el <strong>pago anual anticipado<\/strong> si as\u00ed lo prefieren los propietarios.<\/p>\n\n\n\n<p>El primer vencimiento bajo este nuevo esquema est\u00e1 previsto para <strong>el 10 de marzo<\/strong>, fecha en la que tambi\u00e9n se habilitar\u00e1 la alternativa de saldar la patente correspondiente a todo el a\u00f1o. Las fechas de las siguientes cuotas se extender\u00e1n con vencimientos fijos hasta diciembre.<\/p>\n\n\n\n<p>Desde ARBA se\u00f1alaron que este cambio se implement\u00f3 tras <strong>modernizar sus sistemas tecnol\u00f3gicos<\/strong>, lo que permiti\u00f3 la adaptaci\u00f3n al nuevo ritmo de cobro. La medida forma parte de las actualizaciones fiscales previstas en la <strong>Ley Impositiva 2026<\/strong> de la provincia.<\/p>\n","protected":false},"excerpt":{"rendered":"<p>La Agencia de Recaudaci\u00f3n de la Provincia de Buenos Aires (ARBA) confirm\u00f3 que, desde marzo de 2026, el impuesto automotor &#8230; <a title=\"Provincia de Buenos Aires cambiar\u00e1 la forma de pagar la patente: a partir de marzo ser\u00e1 mensual\" class=\"read-more\" href=\"https:\/\/www.hoymercedes.com.ar\/principal\/2026\/02\/14\/provincia-de-buenos-aires-cambiara-la-forma-de-pagar-la-patente-a-partir-de-marzo-sera-mensual\/\" aria-label=\"Leer m\u00e1s sobre Provincia de Buenos Aires cambiar\u00e1 la forma de pagar la patente: a partir de marzo ser\u00e1 mensual\">Leer m\u00e1s<\/a><\/p>\n","protected":false},"author":1,"featured_media":191953,"comment_status":"closed","ping_status":"open","sticky":false,"template":"","format":"standard","meta":{"_monsterinsights_skip_tracking":false,"_monsterinsights_sitenote_active":false,"_monsterinsights_sitenote_note":"","_monsterinsights_sitenote_category":0,"jetpack_post_was_ever_published":false,"_jetpack_newsletter_access":"","_jetpack_dont_email_post_to_subs":false,"_jetpack_newsletter_tier_id":0,"_jetpack_memberships_contains_paywalled_content":false,"_jetpack_memberships_contains_paid_content":false,"footnotes":"","jetpack_publicize_message":"","jetpack_publicize_feature_enabled":true,"jetpack_social_post_already_shared":true,"jetpack_social_options":{"image_generator_settings":{"template":"highway","default_image_id":0,"font":"","enabled":false},"version":2},"_wpas_customize_per_network":false},"categories":[8],"tags":[],"class_list":["post-191952","post","type-post","status-publish","format-standard","has-post-thumbnail","hentry","category-sociedad","generate-columns","tablet-grid-50","mobile-grid-100","grid-parent","grid-50"],"jetpack_publicize_connections":[],"jetpack_featured_media_url":"https:\/\/www.hoymercedes.com.ar\/principal\/wp-content\/uploads\/2026\/02\/image-25.png","wps_subtitle":"","jetpack_sharing_enabled":true,"_links":{"self":[{"href":"https:\/\/www.hoymercedes.com.ar\/principal\/wp-json\/wp\/v2\/posts\/191952","targetHints":{"allow":["GET"]}}],"collection":[{"href":"https:\/\/www.hoymercedes.com.ar\/principal\/wp-json\/wp\/v2\/posts"}],"about":[{"href":"https:\/\/www.hoymercedes.com.ar\/principal\/wp-json\/wp\/v2\/types\/post"}],"author":[{"embeddable":true,"href":"https:\/\/www.hoymercedes.com.ar\/principal\/wp-json\/wp\/v2\/users\/1"}],"replies":[{"embeddable":true,"href":"https:\/\/www.hoymercedes.com.ar\/principal\/wp-json\/wp\/v2\/comments?post=191952"}],"version-history":[{"count":1,"href":"https:\/\/www.hoymercedes.com.ar\/principal\/wp-json\/wp\/v2\/posts\/191952\/revisions"}],"predecessor-version":[{"id":191954,"href":"https:\/\/www.hoymercedes.com.ar\/principal\/wp-json\/wp\/v2\/posts\/191952\/revisions\/191954"}],"wp:featuredmedia":[{"embeddable":true,"href":"https:\/\/www.hoymercedes.com.ar\/principal\/wp-json\/wp\/v2\/media\/191953"}],"wp:attachment":[{"href":"https:\/\/www.hoymercedes.com.ar\/principal\/wp-json\/wp\/v2\/media?parent=191952"}],"wp:term":[{"taxonomy":"category","embeddable":true,"href":"https:\/\/www.hoymercedes.com.ar\/principal\/wp-json\/wp\/v2\/categories?post=191952"},{"taxonomy":"post_tag","embeddable":true,"href":"https:\/\/www.hoymercedes.com.ar\/principal\/wp-json\/wp\/v2\/tags?post=191952"}],"curies":[{"name":"wp","href":"https:\/\/api.w.org\/{rel}","templated":true}]}}