{"id":191971,"date":"2026-02-14T10:51:50","date_gmt":"2026-02-14T13:51:50","guid":{"rendered":"https:\/\/www.hoymercedes.com.ar\/principal\/?p=191971"},"modified":"2026-02-14T10:51:54","modified_gmt":"2026-02-14T13:51:54","slug":"despisto-una-camioneta-volcando-su-casilla-rodante","status":"publish","type":"post","link":"https:\/\/www.hoymercedes.com.ar\/principal\/2026\/02\/14\/despisto-una-camioneta-volcando-su-casilla-rodante\/","title":{"rendered":"Despist\u00f3 una camioneta volcando su casilla rodante"},"content":{"rendered":"\n<p>En las primeras horas de la ma\u00f1ana de este s\u00e1bado, nuevamente la ruta 5 fue epicentro de un siniestro vial. En el kil\u00f3metro 131,200 de la ruta, una camioneta despist\u00f3 produciendo el vuelco de la casilla rodante que remolcaba. Los ocupantes del veh\u00edculo est\u00e1n ilesos. <\/p>\n\n\n\n<figure class=\"wp-block-image size-large\"><img loading=\"lazy\" decoding=\"async\" width=\"1024\" height=\"618\" data-attachment-id=\"191972\" data-permalink=\"https:\/\/www.hoymercedes.com.ar\/principal\/2026\/02\/14\/despisto-una-camioneta-volcando-su-casilla-rodante\/image-225\/#main\" data-orig-file=\"https:\/\/www.hoymercedes.com.ar\/principal\/wp-content\/uploads\/2026\/02\/image-27.png\" data-orig-size=\"1290,778\" data-comments-opened=\"0\" data-image-meta=\"{&quot;aperture&quot;:&quot;0&quot;,&quot;credit&quot;:&quot;&quot;,&quot;camera&quot;:&quot;&quot;,&quot;caption&quot;:&quot;&quot;,&quot;created_timestamp&quot;:&quot;0&quot;,&quot;copyright&quot;:&quot;&quot;,&quot;focal_length&quot;:&quot;0&quot;,&quot;iso&quot;:&quot;0&quot;,&quot;shutter_speed&quot;:&quot;0&quot;,&quot;title&quot;:&quot;&quot;,&quot;orientation&quot;:&quot;0&quot;}\" data-image-title=\"image\" data-image-description=\"\" data-image-caption=\"\" data-large-file=\"https:\/\/www.hoymercedes.com.ar\/principal\/wp-content\/uploads\/2026\/02\/image-27-1024x618.png\" src=\"https:\/\/www.hoymercedes.com.ar\/principal\/wp-content\/uploads\/2026\/02\/image-27-1024x618.png\" alt=\"\" class=\"wp-image-191972\" srcset=\"https:\/\/www.hoymercedes.com.ar\/principal\/wp-content\/uploads\/2026\/02\/image-27-1024x618.png 1024w, https:\/\/www.hoymercedes.com.ar\/principal\/wp-content\/uploads\/2026\/02\/image-27-630x380.png 630w, https:\/\/www.hoymercedes.com.ar\/principal\/wp-content\/uploads\/2026\/02\/image-27-150x90.png 150w, https:\/\/www.hoymercedes.com.ar\/principal\/wp-content\/uploads\/2026\/02\/image-27.png 1290w\" sizes=\"auto, (max-width: 1024px) 100vw, 1024px\" \/><\/figure>\n\n\n\n<p>Alrededor de las 07:10 horas de la ma\u00f1ana del s\u00e1bado 14, una Volkswagen Amarok de color gris, que remolcaba una casilla rodante, se despist\u00f3 y luego de derrapar sobre la cinta asfaltica se produjo el vuelco de la casilla que remolcaba. <\/p>\n\n\n\n<p>El veh\u00edculo circulaba en sentido Suipacha-Chivilcoy, conducido por Horacio Rold\u00e1n de 71 a\u00f1os quien viajaba acompa\u00f1ado por Rub\u00e9n M. Pereyra de 59 a\u00f1os, Norma Pereyra de 71 a\u00f1os y Graciela Noem\u00ed Pereyra de 67 a\u00f1os todos domiciliados en Merlo. La familia se dirig\u00eda hacia el sur del pa\u00eds de vacaciones. <\/p>\n\n\n\n<p>El tr\u00e1nsito de la ruta estuvo interrumpido durante las tareas de remoci\u00f3n de la casilla volcada.<\/p>\n\n\n\n<p>Intervino Polic\u00eda Comunal de Suipacha, personal del concesionario vial Corredores Viales y Polic\u00eda Vial Chivilcoy.<\/p>\n\n\n\n<p>Colaboraci\u00f3n: Jorge Lasala de Suipacha. <\/p>\n\n\n\n<figure class=\"wp-block-image size-large\"><img loading=\"lazy\" decoding=\"async\" width=\"1024\" height=\"576\" data-attachment-id=\"191973\" data-permalink=\"https:\/\/www.hoymercedes.com.ar\/principal\/2026\/02\/14\/despisto-una-camioneta-volcando-su-casilla-rodante\/image-226\/#main\" data-orig-file=\"https:\/\/www.hoymercedes.com.ar\/principal\/wp-content\/uploads\/2026\/02\/image-28.png\" data-orig-size=\"1383,778\" data-comments-opened=\"0\" data-image-meta=\"{&quot;aperture&quot;:&quot;0&quot;,&quot;credit&quot;:&quot;&quot;,&quot;camera&quot;:&quot;&quot;,&quot;caption&quot;:&quot;&quot;,&quot;created_timestamp&quot;:&quot;0&quot;,&quot;copyright&quot;:&quot;&quot;,&quot;focal_length&quot;:&quot;0&quot;,&quot;iso&quot;:&quot;0&quot;,&quot;shutter_speed&quot;:&quot;0&quot;,&quot;title&quot;:&quot;&quot;,&quot;orientation&quot;:&quot;0&quot;}\" data-image-title=\"image\" data-image-description=\"\" data-image-caption=\"\" data-large-file=\"https:\/\/www.hoymercedes.com.ar\/principal\/wp-content\/uploads\/2026\/02\/image-28-1024x576.png\" src=\"https:\/\/www.hoymercedes.com.ar\/principal\/wp-content\/uploads\/2026\/02\/image-28-1024x576.png\" alt=\"\" class=\"wp-image-191973\" srcset=\"https:\/\/www.hoymercedes.com.ar\/principal\/wp-content\/uploads\/2026\/02\/image-28-1024x576.png 1024w, https:\/\/www.hoymercedes.com.ar\/principal\/wp-content\/uploads\/2026\/02\/image-28-630x354.png 630w, https:\/\/www.hoymercedes.com.ar\/principal\/wp-content\/uploads\/2026\/02\/image-28-150x84.png 150w, https:\/\/www.hoymercedes.com.ar\/principal\/wp-content\/uploads\/2026\/02\/image-28.png 1383w\" sizes=\"auto, (max-width: 1024px) 100vw, 1024px\" \/><\/figure>\n","protected":false},"excerpt":{"rendered":"<p>En las primeras horas de la ma\u00f1ana de este s\u00e1bado, nuevamente la ruta 5 fue epicentro de un siniestro vial. &#8230; <a title=\"Despist\u00f3 una camioneta volcando su casilla rodante\" class=\"read-more\" href=\"https:\/\/www.hoymercedes.com.ar\/principal\/2026\/02\/14\/despisto-una-camioneta-volcando-su-casilla-rodante\/\" aria-label=\"Leer m\u00e1s sobre Despist\u00f3 una camioneta volcando su casilla rodante\">Leer m\u00e1s<\/a><\/p>\n","protected":false},"author":1,"featured_media":191972,"comment_status":"closed","ping_status":"open","sticky":false,"template":"","format":"standard","meta":{"_monsterinsights_skip_tracking":false,"_monsterinsights_sitenote_active":false,"_monsterinsights_sitenote_note":"","_monsterinsights_sitenote_category":0,"jetpack_post_was_ever_published":false,"_jetpack_newsletter_access":"","_jetpack_dont_email_post_to_subs":false,"_jetpack_newsletter_tier_id":0,"_jetpack_memberships_contains_paywalled_content":false,"_jetpack_memberships_contains_paid_content":false,"footnotes":"","jetpack_publicize_message":"","jetpack_publicize_feature_enabled":true,"jetpack_social_post_already_shared":true,"jetpack_social_options":{"image_generator_settings":{"template":"highway","default_image_id":0,"font":"","enabled":false},"version":2},"_wpas_customize_per_network":false},"categories":[5501],"tags":[17794,13679,9322,538,10395,11469],"class_list":["post-191971","post","type-post","status-publish","format-standard","has-post-thumbnail","hentry","category-region","tag-corredores-viales","tag-despiste","tag-region","tag-ruta-5","tag-siniestro-vial","tag-vuelco","generate-columns","tablet-grid-50","mobile-grid-100","grid-parent","grid-50"],"jetpack_publicize_connections":[],"jetpack_featured_media_url":"https:\/\/www.hoymercedes.com.ar\/principal\/wp-content\/uploads\/2026\/02\/image-27.png","wps_subtitle":"","jetpack_sharing_enabled":true,"_links":{"self":[{"href":"https:\/\/www.hoymercedes.com.ar\/principal\/wp-json\/wp\/v2\/posts\/191971","targetHints":{"allow":["GET"]}}],"collection":[{"href":"https:\/\/www.hoymercedes.com.ar\/principal\/wp-json\/wp\/v2\/posts"}],"about":[{"href":"https:\/\/www.hoymercedes.com.ar\/principal\/wp-json\/wp\/v2\/types\/post"}],"author":[{"embeddable":true,"href":"https:\/\/www.hoymercedes.com.ar\/principal\/wp-json\/wp\/v2\/users\/1"}],"replies":[{"embeddable":true,"href":"https:\/\/www.hoymercedes.com.ar\/principal\/wp-json\/wp\/v2\/comments?post=191971"}],"version-history":[{"count":1,"href":"https:\/\/www.hoymercedes.com.ar\/principal\/wp-json\/wp\/v2\/posts\/191971\/revisions"}],"predecessor-version":[{"id":191974,"href":"https:\/\/www.hoymercedes.com.ar\/principal\/wp-json\/wp\/v2\/posts\/191971\/revisions\/191974"}],"wp:featuredmedia":[{"embeddable":true,"href":"https:\/\/www.hoymercedes.com.ar\/principal\/wp-json\/wp\/v2\/media\/191972"}],"wp:attachment":[{"href":"https:\/\/www.hoymercedes.com.ar\/principal\/wp-json\/wp\/v2\/media?parent=191971"}],"wp:term":[{"taxonomy":"category","embeddable":true,"href":"https:\/\/www.hoymercedes.com.ar\/principal\/wp-json\/wp\/v2\/categories?post=191971"},{"taxonomy":"post_tag","embeddable":true,"href":"https:\/\/www.hoymercedes.com.ar\/principal\/wp-json\/wp\/v2\/tags?post=191971"}],"curies":[{"name":"wp","href":"https:\/\/api.w.org\/{rel}","templated":true}]}}