{"id":191975,"date":"2026-02-14T12:00:00","date_gmt":"2026-02-14T15:00:00","guid":{"rendered":"https:\/\/www.hoymercedes.com.ar\/principal\/?p=191975"},"modified":"2026-02-14T11:51:08","modified_gmt":"2026-02-14T14:51:08","slug":"comenzo-el-carnaval-mercedino-con-una-exitosa-primera-noche-sobre-la-avenida-29","status":"publish","type":"post","link":"https:\/\/www.hoymercedes.com.ar\/principal\/2026\/02\/14\/comenzo-el-carnaval-mercedino-con-una-exitosa-primera-noche-sobre-la-avenida-29\/","title":{"rendered":"Comenz\u00f3 el carnaval mercedino con una exitosa primera noche sobre la Avenida 29"},"content":{"rendered":"\n<figure class=\"wp-block-image size-full is-resized\"><img loading=\"lazy\" decoding=\"async\" width=\"950\" height=\"633\" data-attachment-id=\"191976\" data-permalink=\"https:\/\/www.hoymercedes.com.ar\/principal\/2026\/02\/14\/comenzo-el-carnaval-mercedino-con-una-exitosa-primera-noche-sobre-la-avenida-29\/carnaval-2026-mercedesdsc00140\/#main\" data-orig-file=\"https:\/\/www.hoymercedes.com.ar\/principal\/wp-content\/uploads\/2026\/02\/Carnaval-2026-MercedesDSC00140.jpg\" data-orig-size=\"950,633\" data-comments-opened=\"0\" data-image-meta=\"{&quot;aperture&quot;:&quot;0&quot;,&quot;credit&quot;:&quot;&quot;,&quot;camera&quot;:&quot;&quot;,&quot;caption&quot;:&quot;&quot;,&quot;created_timestamp&quot;:&quot;0&quot;,&quot;copyright&quot;:&quot;&quot;,&quot;focal_length&quot;:&quot;0&quot;,&quot;iso&quot;:&quot;0&quot;,&quot;shutter_speed&quot;:&quot;0&quot;,&quot;title&quot;:&quot;&quot;,&quot;orientation&quot;:&quot;0&quot;}\" data-image-title=\"Carnaval &amp;#8211; 2026 &amp;#8211; MercedesDSC00140\" data-image-description=\"\" data-image-caption=\"&lt;p&gt;Carnavales mercedinos 2026&lt;\/p&gt;\n\" data-large-file=\"https:\/\/www.hoymercedes.com.ar\/principal\/wp-content\/uploads\/2026\/02\/Carnaval-2026-MercedesDSC00140.jpg\" src=\"https:\/\/www.hoymercedes.com.ar\/principal\/wp-content\/uploads\/2026\/02\/Carnaval-2026-MercedesDSC00140.jpg\" alt=\"\" class=\"wp-image-191976\" style=\"width:1061px;height:auto\" srcset=\"https:\/\/www.hoymercedes.com.ar\/principal\/wp-content\/uploads\/2026\/02\/Carnaval-2026-MercedesDSC00140.jpg 950w, https:\/\/www.hoymercedes.com.ar\/principal\/wp-content\/uploads\/2026\/02\/Carnaval-2026-MercedesDSC00140-630x420.jpg 630w, https:\/\/www.hoymercedes.com.ar\/principal\/wp-content\/uploads\/2026\/02\/Carnaval-2026-MercedesDSC00140-150x100.jpg 150w\" sizes=\"auto, (max-width: 950px) 100vw, 950px\" \/><\/figure>\n\n\n\n<p>En la primera noche las familias acompa\u00f1aron el paso de cada uno de los protagonistas. La murga Renovando Ilusiones, que desde 2014 participa de la fiesta m\u00e1s popular de la ciudad, fue la primera atracci\u00f3n en desfilar frente al p\u00fablico, abri\u00e9ndose paso con su actuaci\u00f3n repleta baile y color.<\/p>\n\n\n\n<p>La actuaci\u00f3n de la Escuela Mercedina de Carnaval, que dirigen M\u00f3nica Garro y Miriam Salanueva, no fue una excepci\u00f3n. Su constante homenaje a la cultura afro brasilera contagi\u00f3 ritmo y alegr\u00eda en todo su recorrido, apostando a una innovaci\u00f3n est\u00e9tica y coreogr\u00e1fica con un n\u00famero de participantes cada vez m\u00e1s nutrido.<\/p>\n\n\n\n<p>La batucada Coraz\u00f3n de Le\u00f3n, creada en 2018, fue una de las agrupaciones invitadas de la noche. Provenientes de Tres Arroyos, con la direcci\u00f3n de Claudia Ronccoli, motivaron el aplauso espont\u00e1neo del p\u00fablico que reconoci\u00f3 el trabajo y la calidad desplegada en su actuaci\u00f3n.<\/p>\n\n\n\n<figure class=\"wp-block-image size-full is-resized\"><img loading=\"lazy\" decoding=\"async\" width=\"950\" height=\"633\" data-attachment-id=\"191977\" data-permalink=\"https:\/\/www.hoymercedes.com.ar\/principal\/2026\/02\/14\/comenzo-el-carnaval-mercedino-con-una-exitosa-primera-noche-sobre-la-avenida-29\/carnaval-2026-mercedessja_3757\/#main\" data-orig-file=\"https:\/\/www.hoymercedes.com.ar\/principal\/wp-content\/uploads\/2026\/02\/Carnaval-2026-MercedesSJA_3757.jpg\" data-orig-size=\"950,633\" data-comments-opened=\"0\" data-image-meta=\"{&quot;aperture&quot;:&quot;0&quot;,&quot;credit&quot;:&quot;SEBASTIANAMBROSSIO&quot;,&quot;camera&quot;:&quot;&quot;,&quot;caption&quot;:&quot;&quot;,&quot;created_timestamp&quot;:&quot;0&quot;,&quot;copyright&quot;:&quot;SebastianAmbrossio&quot;,&quot;focal_length&quot;:&quot;0&quot;,&quot;iso&quot;:&quot;0&quot;,&quot;shutter_speed&quot;:&quot;0&quot;,&quot;title&quot;:&quot;&quot;,&quot;orientation&quot;:&quot;0&quot;}\" data-image-title=\"Carnaval &amp;#8211; 2026 &amp;#8211; MercedesSJA_3757\" data-image-description=\"&lt;p&gt;Carnavales mercedinos 2026&lt;\/p&gt;\n\" data-image-caption=\"\" data-large-file=\"https:\/\/www.hoymercedes.com.ar\/principal\/wp-content\/uploads\/2026\/02\/Carnaval-2026-MercedesSJA_3757.jpg\" src=\"https:\/\/www.hoymercedes.com.ar\/principal\/wp-content\/uploads\/2026\/02\/Carnaval-2026-MercedesSJA_3757.jpg\" alt=\"\" class=\"wp-image-191977\" style=\"width:1048px;height:auto\" srcset=\"https:\/\/www.hoymercedes.com.ar\/principal\/wp-content\/uploads\/2026\/02\/Carnaval-2026-MercedesSJA_3757.jpg 950w, https:\/\/www.hoymercedes.com.ar\/principal\/wp-content\/uploads\/2026\/02\/Carnaval-2026-MercedesSJA_3757-630x420.jpg 630w, https:\/\/www.hoymercedes.com.ar\/principal\/wp-content\/uploads\/2026\/02\/Carnaval-2026-MercedesSJA_3757-150x100.jpg 150w\" sizes=\"auto, (max-width: 950px) 100vw, 950px\" \/><\/figure>\n\n\n\n<p>La primera comparsa que desfil\u00f3 por la avenida principal fue \u201cQue me lleve el carnaval\u201d con sus reminiscencias norte\u00f1as, homenajeando a las figuras hist\u00f3ricas del carnaval mercedino con una emotiva composici\u00f3n musical en lo que fue uno de los momentos m\u00e1s sentidos de la noche.<\/p>\n\n\n\n<p>No menos sorprendente fue el paso de la murga Ilusi\u00f3n Murguera, que en sus 25 a\u00f1os de trayectoria present\u00f3 una gran producci\u00f3n art\u00edstica con m\u00fasica en vivo y la siempre c\u00e1lida actuaci\u00f3n de Fernanda Ottolini en la voz. De manos del Intendente Municipal Juani Ustarroz y de la Directora de Cultura, Jimena Rivas, la agrupaci\u00f3n que dirige Guillermo Chirino junto a su esposa Noem\u00ed recibi\u00f3 un reconocimiento por estas bodas de plata: <em>\u201cS\u00f3lo cuando hay amor se puede mantener el trabajo y el esfuerzo para mantener un grupo de tanta gente. Gracias a todas las ilusiones que pasaron durante estos 25 a\u00f1os, a la Direcci\u00f3n de Cultura y a la Municipalidad, por seguir apostando a esta gran fiesta popular para todos\u201d<\/em><\/p>\n\n\n\n<figure class=\"wp-block-image size-full is-resized\"><img loading=\"lazy\" decoding=\"async\" width=\"950\" height=\"633\" data-attachment-id=\"191978\" data-permalink=\"https:\/\/www.hoymercedes.com.ar\/principal\/2026\/02\/14\/comenzo-el-carnaval-mercedino-con-una-exitosa-primera-noche-sobre-la-avenida-29\/carnaval-2026-mercedesdsc09941\/#main\" data-orig-file=\"https:\/\/www.hoymercedes.com.ar\/principal\/wp-content\/uploads\/2026\/02\/Carnaval-2026-MercedesDSC09941.jpg\" data-orig-size=\"950,633\" data-comments-opened=\"0\" data-image-meta=\"{&quot;aperture&quot;:&quot;0&quot;,&quot;credit&quot;:&quot;&quot;,&quot;camera&quot;:&quot;&quot;,&quot;caption&quot;:&quot;&quot;,&quot;created_timestamp&quot;:&quot;0&quot;,&quot;copyright&quot;:&quot;&quot;,&quot;focal_length&quot;:&quot;0&quot;,&quot;iso&quot;:&quot;0&quot;,&quot;shutter_speed&quot;:&quot;0&quot;,&quot;title&quot;:&quot;&quot;,&quot;orientation&quot;:&quot;0&quot;}\" data-image-title=\"Carnaval &amp;#8211; 2026 &amp;#8211; MercedesDSC09941\" data-image-description=\"\" data-image-caption=\"&lt;p&gt;Carnavales mercedinos 2026&lt;\/p&gt;\n\" data-large-file=\"https:\/\/www.hoymercedes.com.ar\/principal\/wp-content\/uploads\/2026\/02\/Carnaval-2026-MercedesDSC09941.jpg\" src=\"https:\/\/www.hoymercedes.com.ar\/principal\/wp-content\/uploads\/2026\/02\/Carnaval-2026-MercedesDSC09941.jpg\" alt=\"\" class=\"wp-image-191978\" style=\"width:1052px;height:auto\" srcset=\"https:\/\/www.hoymercedes.com.ar\/principal\/wp-content\/uploads\/2026\/02\/Carnaval-2026-MercedesDSC09941.jpg 950w, https:\/\/www.hoymercedes.com.ar\/principal\/wp-content\/uploads\/2026\/02\/Carnaval-2026-MercedesDSC09941-630x420.jpg 630w, https:\/\/www.hoymercedes.com.ar\/principal\/wp-content\/uploads\/2026\/02\/Carnaval-2026-MercedesDSC09941-150x100.jpg 150w\" sizes=\"auto, (max-width: 950px) 100vw, 950px\" \/><\/figure>\n\n\n\n<p>\u201cLas sonrisas del obrero\u201d, la murga de los Barrios Almafuerte, Obrero y Blandegues conquistaron por segundo a\u00f1o consecutivo la cl\u00e1sica 29 con su atuendo caracter\u00edstico y un sonido contagioso que promete grandes aspiraciones para este 2026. Detr\u00e1s, con sus pasos agitados desde el Barrio Trocha, la Murga de la Rivera volvi\u00f3 a demostrar que no es en vano el trabajo que realizan en cada edici\u00f3n y coron\u00f3 una pasada atractiva y convincente.<\/p>\n\n\n\n<p>El Repique de Lasa, otra de las invitaciones especiales para la primera noche, se sum\u00f3 con sus colores naranja y verde para transmitir los valores y la cultura del barrio. Con m\u00e1s de 80 integrantes, la murga escribe su historia desde 2011 en Parque Lasa, barrio de la vecina localidad de Luj\u00e1n ubicado entre las rutas 7, 5 y 47.<\/p>\n\n\n\n<p>\u201cSomos lo que somos\u201d fue una de las atracciones m\u00e1s aplaudidas de la noche. Su energ\u00eda \u00fanica hizo vibrar al p\u00fablico con ritmos contagiosos y una alegr\u00eda particular que lleva el sello de este grupo que a\u00f1o tras a\u00f1o suma m\u00e1s adeptos y consiguen con su particular actuaci\u00f3n un sinf\u00edn de aplausos por parte del p\u00fablico.<\/p>\n\n\n\n<figure class=\"wp-block-image size-full is-resized\"><img loading=\"lazy\" decoding=\"async\" width=\"950\" height=\"633\" data-attachment-id=\"191979\" data-permalink=\"https:\/\/www.hoymercedes.com.ar\/principal\/2026\/02\/14\/comenzo-el-carnaval-mercedino-con-una-exitosa-primera-noche-sobre-la-avenida-29\/carnaval-2026-mercedessja_3810\/#main\" data-orig-file=\"https:\/\/www.hoymercedes.com.ar\/principal\/wp-content\/uploads\/2026\/02\/Carnaval-2026-MercedesSJA_3810.jpg\" data-orig-size=\"950,633\" data-comments-opened=\"0\" data-image-meta=\"{&quot;aperture&quot;:&quot;0&quot;,&quot;credit&quot;:&quot;SEBASTIANAMBROSSIO&quot;,&quot;camera&quot;:&quot;&quot;,&quot;caption&quot;:&quot;&quot;,&quot;created_timestamp&quot;:&quot;0&quot;,&quot;copyright&quot;:&quot;SebastianAmbrossio&quot;,&quot;focal_length&quot;:&quot;0&quot;,&quot;iso&quot;:&quot;0&quot;,&quot;shutter_speed&quot;:&quot;0&quot;,&quot;title&quot;:&quot;&quot;,&quot;orientation&quot;:&quot;0&quot;}\" data-image-title=\"Carnaval &amp;#8211; 2026 &amp;#8211; MercedesSJA_3810\" data-image-description=\"&lt;p&gt;Carnavales mercedinos 2026&lt;\/p&gt;\n\" data-image-caption=\"&lt;p&gt;Carnavales mercedinos 2026&lt;\/p&gt;\n\" data-large-file=\"https:\/\/www.hoymercedes.com.ar\/principal\/wp-content\/uploads\/2026\/02\/Carnaval-2026-MercedesSJA_3810.jpg\" src=\"https:\/\/www.hoymercedes.com.ar\/principal\/wp-content\/uploads\/2026\/02\/Carnaval-2026-MercedesSJA_3810.jpg\" alt=\"\" class=\"wp-image-191979\" style=\"width:1049px;height:auto\" srcset=\"https:\/\/www.hoymercedes.com.ar\/principal\/wp-content\/uploads\/2026\/02\/Carnaval-2026-MercedesSJA_3810.jpg 950w, https:\/\/www.hoymercedes.com.ar\/principal\/wp-content\/uploads\/2026\/02\/Carnaval-2026-MercedesSJA_3810-630x420.jpg 630w, https:\/\/www.hoymercedes.com.ar\/principal\/wp-content\/uploads\/2026\/02\/Carnaval-2026-MercedesSJA_3810-150x100.jpg 150w\" sizes=\"auto, (max-width: 950px) 100vw, 950px\" \/><\/figure>\n\n\n\n<p>El cierre estuvo a cargo de la siempre esperada agrupaci\u00f3n Lesionados por el corcho, este a\u00f1o con \u201cPueblada\u201d, una propuesta que recorre los sentimientos que genera la compa\u00f1\u00eda y la contenci\u00f3n de todos los que habitan el sentir de lo cotidiano, el abrazo de la amistad, el vivir aqu\u00ed y ahora. Con una lograd\u00edsima direcci\u00f3n musical de Fito Gonz\u00e1lez, la creaci\u00f3n coreogr\u00e1fica de Luciana Troglio y la Direcci\u00f3n general de Roc\u00edo y Gabriela Florella, el cierre no pudo ser m\u00e1s acertado para la primera noche de carnaval mercedino.<\/p>\n\n\n\n<figure class=\"wp-block-image size-full is-resized\"><img loading=\"lazy\" decoding=\"async\" width=\"950\" height=\"633\" data-attachment-id=\"191980\" data-permalink=\"https:\/\/www.hoymercedes.com.ar\/principal\/2026\/02\/14\/comenzo-el-carnaval-mercedino-con-una-exitosa-primera-noche-sobre-la-avenida-29\/carnaval-2026-mercedessja_3979\/#main\" data-orig-file=\"https:\/\/www.hoymercedes.com.ar\/principal\/wp-content\/uploads\/2026\/02\/Carnaval-2026-MercedesSJA_3979.jpg\" data-orig-size=\"950,633\" data-comments-opened=\"0\" data-image-meta=\"{&quot;aperture&quot;:&quot;0&quot;,&quot;credit&quot;:&quot;SEBASTIANAMBROSSIO&quot;,&quot;camera&quot;:&quot;&quot;,&quot;caption&quot;:&quot;&quot;,&quot;created_timestamp&quot;:&quot;0&quot;,&quot;copyright&quot;:&quot;SebastianAmbrossio&quot;,&quot;focal_length&quot;:&quot;0&quot;,&quot;iso&quot;:&quot;0&quot;,&quot;shutter_speed&quot;:&quot;0&quot;,&quot;title&quot;:&quot;&quot;,&quot;orientation&quot;:&quot;0&quot;}\" data-image-title=\"Carnaval &amp;#8211; 2026 &amp;#8211; MercedesSJA_3979\" data-image-description=\"\" data-image-caption=\"&lt;p&gt;Carnavales mercedinos 2026&lt;\/p&gt;\n\" data-large-file=\"https:\/\/www.hoymercedes.com.ar\/principal\/wp-content\/uploads\/2026\/02\/Carnaval-2026-MercedesSJA_3979.jpg\" src=\"https:\/\/www.hoymercedes.com.ar\/principal\/wp-content\/uploads\/2026\/02\/Carnaval-2026-MercedesSJA_3979.jpg\" alt=\"\" class=\"wp-image-191980\" style=\"width:1063px;height:auto\" srcset=\"https:\/\/www.hoymercedes.com.ar\/principal\/wp-content\/uploads\/2026\/02\/Carnaval-2026-MercedesSJA_3979.jpg 950w, https:\/\/www.hoymercedes.com.ar\/principal\/wp-content\/uploads\/2026\/02\/Carnaval-2026-MercedesSJA_3979-630x420.jpg 630w, https:\/\/www.hoymercedes.com.ar\/principal\/wp-content\/uploads\/2026\/02\/Carnaval-2026-MercedesSJA_3979-150x100.jpg 150w\" sizes=\"auto, (max-width: 950px) 100vw, 950px\" \/><\/figure>\n\n\n\n<p>Este s\u00e1bado abrir\u00e1 la segunda jornada Cumbar\u00e1, la comparsa de candombe mercedina que abrir\u00e1 con su paso una nueva noche de fiesta familiar en el centro de la ciudad, donde los jurados Pablo Russo (Artista pl\u00e1stico), Vanesa Aschero (Actriz) y Franco Ram\u00edrez (M\u00fasico), seguir\u00e1n observando con atenci\u00f3n cada propuesta art\u00edstica buscando los galardones de esta edici\u00f3n 2026 y continuando as\u00ed con la apuesta m\u00e1s popular sobre la que trabaja durante todo el a\u00f1o la Municipalidad de Mercedes.<\/p>\n\n\n\n<figure class=\"wp-block-image size-full is-resized\"><img loading=\"lazy\" decoding=\"async\" width=\"950\" height=\"633\" data-attachment-id=\"191981\" data-permalink=\"https:\/\/www.hoymercedes.com.ar\/principal\/2026\/02\/14\/comenzo-el-carnaval-mercedino-con-una-exitosa-primera-noche-sobre-la-avenida-29\/carnaval-2026-mercedessja_3961\/#main\" data-orig-file=\"https:\/\/www.hoymercedes.com.ar\/principal\/wp-content\/uploads\/2026\/02\/Carnaval-2026-MercedesSJA_3961.jpg\" data-orig-size=\"950,633\" data-comments-opened=\"0\" data-image-meta=\"{&quot;aperture&quot;:&quot;0&quot;,&quot;credit&quot;:&quot;SEBASTIANAMBROSSIO&quot;,&quot;camera&quot;:&quot;&quot;,&quot;caption&quot;:&quot;&quot;,&quot;created_timestamp&quot;:&quot;0&quot;,&quot;copyright&quot;:&quot;SebastianAmbrossio&quot;,&quot;focal_length&quot;:&quot;0&quot;,&quot;iso&quot;:&quot;0&quot;,&quot;shutter_speed&quot;:&quot;0&quot;,&quot;title&quot;:&quot;&quot;,&quot;orientation&quot;:&quot;0&quot;}\" data-image-title=\"Carnaval &amp;#8211; 2026 &amp;#8211; MercedesSJA_3961\" data-image-description=\"\" data-image-caption=\"\" data-large-file=\"https:\/\/www.hoymercedes.com.ar\/principal\/wp-content\/uploads\/2026\/02\/Carnaval-2026-MercedesSJA_3961.jpg\" src=\"https:\/\/www.hoymercedes.com.ar\/principal\/wp-content\/uploads\/2026\/02\/Carnaval-2026-MercedesSJA_3961.jpg\" alt=\"\" class=\"wp-image-191981\" style=\"aspect-ratio:1.5007831671936593;width:1058px;height:auto\" srcset=\"https:\/\/www.hoymercedes.com.ar\/principal\/wp-content\/uploads\/2026\/02\/Carnaval-2026-MercedesSJA_3961.jpg 950w, https:\/\/www.hoymercedes.com.ar\/principal\/wp-content\/uploads\/2026\/02\/Carnaval-2026-MercedesSJA_3961-630x420.jpg 630w, https:\/\/www.hoymercedes.com.ar\/principal\/wp-content\/uploads\/2026\/02\/Carnaval-2026-MercedesSJA_3961-150x100.jpg 150w\" sizes=\"auto, (max-width: 950px) 100vw, 950px\" \/><\/figure>\n\n\n\n<figure class=\"wp-block-image size-full is-resized\"><img loading=\"lazy\" decoding=\"async\" width=\"950\" height=\"633\" data-attachment-id=\"191982\" data-permalink=\"https:\/\/www.hoymercedes.com.ar\/principal\/2026\/02\/14\/comenzo-el-carnaval-mercedino-con-una-exitosa-primera-noche-sobre-la-avenida-29\/carnaval-2026-mercedesdsc00064\/#main\" data-orig-file=\"https:\/\/www.hoymercedes.com.ar\/principal\/wp-content\/uploads\/2026\/02\/Carnaval-2026-MercedesDSC00064.jpg\" data-orig-size=\"950,633\" data-comments-opened=\"0\" data-image-meta=\"{&quot;aperture&quot;:&quot;0&quot;,&quot;credit&quot;:&quot;&quot;,&quot;camera&quot;:&quot;&quot;,&quot;caption&quot;:&quot;&quot;,&quot;created_timestamp&quot;:&quot;0&quot;,&quot;copyright&quot;:&quot;&quot;,&quot;focal_length&quot;:&quot;0&quot;,&quot;iso&quot;:&quot;0&quot;,&quot;shutter_speed&quot;:&quot;0&quot;,&quot;title&quot;:&quot;&quot;,&quot;orientation&quot;:&quot;0&quot;}\" data-image-title=\"Carnaval &amp;#8211; 2026 &amp;#8211; MercedesDSC00064\" data-image-description=\"&lt;p&gt;Carnavales mercedinos 2026&lt;\/p&gt;\n\" data-image-caption=\"\" data-large-file=\"https:\/\/www.hoymercedes.com.ar\/principal\/wp-content\/uploads\/2026\/02\/Carnaval-2026-MercedesDSC00064.jpg\" src=\"https:\/\/www.hoymercedes.com.ar\/principal\/wp-content\/uploads\/2026\/02\/Carnaval-2026-MercedesDSC00064.jpg\" alt=\"\" class=\"wp-image-191982\" style=\"width:1055px;height:auto\" srcset=\"https:\/\/www.hoymercedes.com.ar\/principal\/wp-content\/uploads\/2026\/02\/Carnaval-2026-MercedesDSC00064.jpg 950w, https:\/\/www.hoymercedes.com.ar\/principal\/wp-content\/uploads\/2026\/02\/Carnaval-2026-MercedesDSC00064-630x420.jpg 630w, https:\/\/www.hoymercedes.com.ar\/principal\/wp-content\/uploads\/2026\/02\/Carnaval-2026-MercedesDSC00064-150x100.jpg 150w\" sizes=\"auto, (max-width: 950px) 100vw, 950px\" \/><\/figure>\n","protected":false},"excerpt":{"rendered":"<p>En la primera noche las familias acompa\u00f1aron el paso de cada uno de los protagonistas. La murga Renovando Ilusiones, que &#8230; <a title=\"Comenz\u00f3 el carnaval mercedino con una exitosa primera noche sobre la Avenida 29\" class=\"read-more\" href=\"https:\/\/www.hoymercedes.com.ar\/principal\/2026\/02\/14\/comenzo-el-carnaval-mercedino-con-una-exitosa-primera-noche-sobre-la-avenida-29\/\" aria-label=\"Leer m\u00e1s sobre Comenz\u00f3 el carnaval mercedino con una exitosa primera noche sobre la Avenida 29\">Leer m\u00e1s<\/a><\/p>\n","protected":false},"author":1,"featured_media":191977,"comment_status":"closed","ping_status":"open","sticky":false,"template":"","format":"standard","meta":{"_monsterinsights_skip_tracking":false,"_monsterinsights_sitenote_active":false,"_monsterinsights_sitenote_note":"","_monsterinsights_sitenote_category":0,"jetpack_post_was_ever_published":false,"_jetpack_newsletter_access":"","_jetpack_dont_email_post_to_subs":false,"_jetpack_newsletter_tier_id":0,"_jetpack_memberships_contains_paywalled_content":false,"_jetpack_memberships_contains_paid_content":false,"footnotes":"","jetpack_publicize_message":"","jetpack_publicize_feature_enabled":true,"jetpack_social_post_already_shared":true,"jetpack_social_options":{"image_generator_settings":{"template":"highway","default_image_id":0,"font":"","enabled":false},"version":2},"_wpas_customize_per_network":false},"categories":[104],"tags":[20976,4759],"class_list":["post-191975","post","type-post","status-publish","format-standard","has-post-thumbnail","hentry","category-cultura","tag-carnvales-mercedes","tag-corso-mercedes","generate-columns","tablet-grid-50","mobile-grid-100","grid-parent","grid-50"],"jetpack_publicize_connections":[],"jetpack_featured_media_url":"https:\/\/www.hoymercedes.com.ar\/principal\/wp-content\/uploads\/2026\/02\/Carnaval-2026-MercedesSJA_3757.jpg","wps_subtitle":"","jetpack_sharing_enabled":true,"_links":{"self":[{"href":"https:\/\/www.hoymercedes.com.ar\/principal\/wp-json\/wp\/v2\/posts\/191975","targetHints":{"allow":["GET"]}}],"collection":[{"href":"https:\/\/www.hoymercedes.com.ar\/principal\/wp-json\/wp\/v2\/posts"}],"about":[{"href":"https:\/\/www.hoymercedes.com.ar\/principal\/wp-json\/wp\/v2\/types\/post"}],"author":[{"embeddable":true,"href":"https:\/\/www.hoymercedes.com.ar\/principal\/wp-json\/wp\/v2\/users\/1"}],"replies":[{"embeddable":true,"href":"https:\/\/www.hoymercedes.com.ar\/principal\/wp-json\/wp\/v2\/comments?post=191975"}],"version-history":[{"count":1,"href":"https:\/\/www.hoymercedes.com.ar\/principal\/wp-json\/wp\/v2\/posts\/191975\/revisions"}],"predecessor-version":[{"id":191983,"href":"https:\/\/www.hoymercedes.com.ar\/principal\/wp-json\/wp\/v2\/posts\/191975\/revisions\/191983"}],"wp:featuredmedia":[{"embeddable":true,"href":"https:\/\/www.hoymercedes.com.ar\/principal\/wp-json\/wp\/v2\/media\/191977"}],"wp:attachment":[{"href":"https:\/\/www.hoymercedes.com.ar\/principal\/wp-json\/wp\/v2\/media?parent=191975"}],"wp:term":[{"taxonomy":"category","embeddable":true,"href":"https:\/\/www.hoymercedes.com.ar\/principal\/wp-json\/wp\/v2\/categories?post=191975"},{"taxonomy":"post_tag","embeddable":true,"href":"https:\/\/www.hoymercedes.com.ar\/principal\/wp-json\/wp\/v2\/tags?post=191975"}],"curies":[{"name":"wp","href":"https:\/\/api.w.org\/{rel}","templated":true}]}}