{"id":191984,"date":"2026-02-14T12:24:27","date_gmt":"2026-02-14T15:24:27","guid":{"rendered":"https:\/\/www.hoymercedes.com.ar\/principal\/?p=191984"},"modified":"2026-02-14T12:24:30","modified_gmt":"2026-02-14T15:24:30","slug":"viernes-con-incendios-de-pastizales-en-mercedes-video","status":"publish","type":"post","link":"https:\/\/www.hoymercedes.com.ar\/principal\/2026\/02\/14\/viernes-con-incendios-de-pastizales-en-mercedes-video\/","title":{"rendered":"Viernes con incendios de pastizales en Mercedes (video)"},"content":{"rendered":"\n<p>Durante el transcurso de la jornada, el cuerpo de Bomberos Voluntarios debi\u00f3 intervenir en cinco oportunidades debido a incendios de pastos y malezas en distintos puntos del Partido de Mercedes. En todos los casos, el personal trabaj\u00f3 arduamente para controlar las llamas y eliminar cualquier peligro, seg\u00fan confirm\u00f3 la Lic. Agustina Lor\u00e9, responsable regional de Protecci\u00f3n Civil.<\/p>\n\n\n\n<figure class=\"wp-block-image size-large\"><img loading=\"lazy\" decoding=\"async\" width=\"900\" height=\"506\" data-attachment-id=\"191986\" data-permalink=\"https:\/\/www.hoymercedes.com.ar\/principal\/whatsapp-image-2026-02-14-at-11-43-29-2\/\" data-orig-file=\"https:\/\/www.hoymercedes.com.ar\/principal\/wp-content\/uploads\/2026\/02\/WhatsApp-Image-2026-02-14-at-11.43.29-edited.jpeg\" data-orig-size=\"900,506\" data-comments-opened=\"0\" data-image-meta=\"{&quot;aperture&quot;:&quot;0&quot;,&quot;credit&quot;:&quot;&quot;,&quot;camera&quot;:&quot;&quot;,&quot;caption&quot;:&quot;&quot;,&quot;created_timestamp&quot;:&quot;0&quot;,&quot;copyright&quot;:&quot;&quot;,&quot;focal_length&quot;:&quot;0&quot;,&quot;iso&quot;:&quot;0&quot;,&quot;shutter_speed&quot;:&quot;0&quot;,&quot;title&quot;:&quot;&quot;,&quot;orientation&quot;:&quot;0&quot;}\" data-image-title=\"WhatsApp Image 2026-02-14 at 11.43.29\" data-image-description=\"\" data-image-caption=\"\" data-large-file=\"https:\/\/www.hoymercedes.com.ar\/principal\/wp-content\/uploads\/2026\/02\/WhatsApp-Image-2026-02-14-at-11.43.29-edited.jpeg\" src=\"https:\/\/www.hoymercedes.com.ar\/principal\/wp-content\/uploads\/2026\/02\/WhatsApp-Image-2026-02-14-at-11.43.29-edited.jpeg\" alt=\"\" class=\"wp-image-191986\" srcset=\"https:\/\/www.hoymercedes.com.ar\/principal\/wp-content\/uploads\/2026\/02\/WhatsApp-Image-2026-02-14-at-11.43.29-edited.jpeg 900w, https:\/\/www.hoymercedes.com.ar\/principal\/wp-content\/uploads\/2026\/02\/WhatsApp-Image-2026-02-14-at-11.43.29-edited-630x354.jpeg 630w, https:\/\/www.hoymercedes.com.ar\/principal\/wp-content\/uploads\/2026\/02\/WhatsApp-Image-2026-02-14-at-11.43.29-edited-150x84.jpeg 150w\" sizes=\"auto, (max-width: 900px) 100vw, 900px\" \/><\/figure>\n\n\n\n<p>Fue un d\u00eda marcado por la seguidilla de salidas, una actividad que demanda un gran despliegue de recursos y personal. En varios de estos siniestros fue necesaria la presencia de m\u00faltiples dotaciones de voluntarios, quienes arriesgan su vida y destinan valiosos recursos de la instituci\u00f3n en beneficio de la comunidad.<\/p>\n\n\n\n<p>Al respecto, Lor\u00e9 destac\u00f3 la labor de los bomberos, se\u00f1alando que \u00abtrabajan incansablemente\u00bb. Asimismo, reiter\u00f3 a la ciudadan\u00eda el pedido de extremar los cuidados y actuar con responsabilidad en el manejo del fuego para evitar este tipo de incidentes que ponen en riesgo la zona.<br>Medidas de prevenci\u00f3n: C\u00f3mo evitar incendios de pastos<\/p>\n\n\n\n<p>Para prevenir siniestros que se propaguen r\u00e1pidamente, especialmente en d\u00edas de calor o viento, se recomiendan las siguientes acciones:<\/p>\n\n\n\n<ul class=\"wp-block-list\">\n<li>Evitar las quemas de basura o limpieza: Nunca inicies fuego para quemar hojas, basura o restos de poda, especialmente si hay viento. Una peque\u00f1a chispa puede descontrolarse en segundos.<\/li>\n\n\n\n<li>No arrojar colillas ni f\u00f3sforos: Evit\u00e1 tirar colillas de cigarrillos o f\u00f3sforos encendidos por la ventana del auto o al caminar cerca de banquinas y terrenos bald\u00edos.<\/li>\n\n\n\n<li>Mantener el pasto corto: En zonas perimetrales a las viviendas, es fundamental mantener la maleza baja para que, en caso de incendio, las llamas no lleguen a las estructuras.<\/li>\n\n\n\n<li>Cuidado con los vidrios: No dejes botellas o trozos de vidrio en el campo; bajo el sol intenso pueden actuar como lupa e iniciar un foco \u00edgneo (efecto lupa).<\/li>\n\n\n\n<li>Fogones responsables: Si realiz\u00e1s un fuego para cocinar al aire libre, hacelo solo en lugares habilitados, rode\u00e1 la zona con piedras y aseguralo antes de retirarte apag\u00e1ndolo con abundante agua y tierra.<\/li>\n\n\n\n<li>En caso de ver una columna de humo o un foco de incendio, llam\u00e1 inmediatamente al n\u00famero de emergencias de Bomberos (100).<\/li>\n<\/ul>\n\n\n\n<figure class=\"wp-block-video\"><video height=\"848\" style=\"aspect-ratio: 480 \/ 848;\" width=\"480\" controls src=\"https:\/\/www.hoymercedes.com.ar\/principal\/wp-content\/uploads\/2026\/02\/WhatsApp-Video-2026-02-14-at-11.43.29.mp4\"><\/video><\/figure>\n","protected":false},"excerpt":{"rendered":"<p>Durante el transcurso de la jornada, el cuerpo de Bomberos Voluntarios debi\u00f3 intervenir en cinco oportunidades debido a incendios de &#8230; <a title=\"Viernes con incendios de pastizales en Mercedes (video)\" class=\"read-more\" href=\"https:\/\/www.hoymercedes.com.ar\/principal\/2026\/02\/14\/viernes-con-incendios-de-pastizales-en-mercedes-video\/\" aria-label=\"Leer m\u00e1s sobre Viernes con incendios de pastizales en Mercedes (video)\">Leer m\u00e1s<\/a><\/p>\n","protected":false},"author":1,"featured_media":191986,"comment_status":"closed","ping_status":"open","sticky":false,"template":"","format":"standard","meta":{"_monsterinsights_skip_tracking":false,"_monsterinsights_sitenote_active":false,"_monsterinsights_sitenote_note":"","_monsterinsights_sitenote_category":0,"jetpack_post_was_ever_published":false,"_jetpack_newsletter_access":"","_jetpack_dont_email_post_to_subs":false,"_jetpack_newsletter_tier_id":0,"_jetpack_memberships_contains_paywalled_content":false,"_jetpack_memberships_contains_paid_content":false,"footnotes":"","jetpack_publicize_message":"","jetpack_publicize_feature_enabled":true,"jetpack_social_post_already_shared":true,"jetpack_social_options":{"image_generator_settings":{"template":"highway","default_image_id":0,"font":"","enabled":false},"version":2},"_wpas_customize_per_network":false},"categories":[8],"tags":[],"class_list":["post-191984","post","type-post","status-publish","format-standard","has-post-thumbnail","hentry","category-sociedad","generate-columns","tablet-grid-50","mobile-grid-100","grid-parent","grid-50"],"jetpack_publicize_connections":[],"jetpack_featured_media_url":"https:\/\/www.hoymercedes.com.ar\/principal\/wp-content\/uploads\/2026\/02\/WhatsApp-Image-2026-02-14-at-11.43.29-edited.jpeg","wps_subtitle":"","jetpack_sharing_enabled":true,"_links":{"self":[{"href":"https:\/\/www.hoymercedes.com.ar\/principal\/wp-json\/wp\/v2\/posts\/191984","targetHints":{"allow":["GET"]}}],"collection":[{"href":"https:\/\/www.hoymercedes.com.ar\/principal\/wp-json\/wp\/v2\/posts"}],"about":[{"href":"https:\/\/www.hoymercedes.com.ar\/principal\/wp-json\/wp\/v2\/types\/post"}],"author":[{"embeddable":true,"href":"https:\/\/www.hoymercedes.com.ar\/principal\/wp-json\/wp\/v2\/users\/1"}],"replies":[{"embeddable":true,"href":"https:\/\/www.hoymercedes.com.ar\/principal\/wp-json\/wp\/v2\/comments?post=191984"}],"version-history":[{"count":1,"href":"https:\/\/www.hoymercedes.com.ar\/principal\/wp-json\/wp\/v2\/posts\/191984\/revisions"}],"predecessor-version":[{"id":191988,"href":"https:\/\/www.hoymercedes.com.ar\/principal\/wp-json\/wp\/v2\/posts\/191984\/revisions\/191988"}],"wp:featuredmedia":[{"embeddable":true,"href":"https:\/\/www.hoymercedes.com.ar\/principal\/wp-json\/wp\/v2\/media\/191986"}],"wp:attachment":[{"href":"https:\/\/www.hoymercedes.com.ar\/principal\/wp-json\/wp\/v2\/media?parent=191984"}],"wp:term":[{"taxonomy":"category","embeddable":true,"href":"https:\/\/www.hoymercedes.com.ar\/principal\/wp-json\/wp\/v2\/categories?post=191984"},{"taxonomy":"post_tag","embeddable":true,"href":"https:\/\/www.hoymercedes.com.ar\/principal\/wp-json\/wp\/v2\/tags?post=191984"}],"curies":[{"name":"wp","href":"https:\/\/api.w.org\/{rel}","templated":true}]}}