{"id":191989,"date":"2026-02-14T14:16:20","date_gmt":"2026-02-14T17:16:20","guid":{"rendered":"https:\/\/www.hoymercedes.com.ar\/principal\/?p=191989"},"modified":"2026-02-14T14:16:23","modified_gmt":"2026-02-14T17:16:23","slug":"chivilcoy-persecucion-en-ruta-n5-y-secuestro-de-drogas","status":"publish","type":"post","link":"https:\/\/www.hoymercedes.com.ar\/principal\/2026\/02\/14\/chivilcoy-persecucion-en-ruta-n5-y-secuestro-de-drogas\/","title":{"rendered":"Chivilcoy: persecuci\u00f3n en Ruta N\u00b05 y secuestro de drogas"},"content":{"rendered":"\n<p>Persecuci\u00f3n y secuestro de drogas en ruta n\u00b05 con intervenci\u00f3n de la polic\u00eda de Chivilcoy. El Departamento Judicial Mercedes interveniene en una causa penal tras un procedimiento en la Ruta Nacional 5, en el tramo cercano a Chivilcoy, donde la Polic\u00eda procedi\u00f3 al secuestro de estupefacientes luego de una persecuci\u00f3n sobre la traza vial. <br><br>Durante los controles viales, personal de la vecina ciudad, logr\u00f3 interceptar un veh\u00edculo sospechoso y, tras la requisa correspondiente, incaut\u00f3 sustancias estupefacientes, que luego fueron sometidas a prueba qu\u00edmica y confirmadas como marihuana.<br><br>La intervenci\u00f3n policial se desarroll\u00f3 en el marco de operativos de control de tr\u00e1nsito y prevenci\u00f3n del delito sobre la RN5, arteria que conecta distintos municipios del interior bonaerense. <br><br>En el lugar, adem\u00e1s de la patrulla y seguimiento del veh\u00edculo, se dio intervenci\u00f3n judicial a la U.F.I en turno del Departamento Judicial Mercedes, que ahora lleva adelante las actuaciones correspondientes por infracci\u00f3n a la Ley de Estupefacientes.<br><br>Las fuentes consultadas indicaron que el conductor del rodado fue identificado y la causa contin\u00faa bajo la \u00f3rbita del Ministerio P\u00fablico Fiscal con asiento en Mercedes, mientras se aguardan eventuales medidas procesales adicionales en el marco de la investigaci\u00f3n.<br><br>Como complemento de la informaci\u00f3n, las autoridades detallaron que el operativo fue coordinado entre Polic\u00eda Vial, Polic\u00eda Comunal y Sub DDI en distintos accesos estrat\u00e9gicos a Chivilcoy, bajo la supervisi\u00f3n del comisario mayor Miguel \u00c1ngel Costa. <br><br>Seg\u00fan explic\u00f3 el jefe policial, la persecuci\u00f3n se inici\u00f3 cuando el conductor de una camioneta intent\u00f3 evadir un control sobre la Ruta Nacional 5 y se dio a la fuga, lo que motiv\u00f3 un seguimiento controlado que culmin\u00f3 a la altura del kil\u00f3metro 159. All\u00ed fueron identificados dos hombres oriundos de 25 de Mayo y se secuestr\u00f3 una cantidad significativa de coca\u00edna y tel\u00e9fonos celulares. <br><br>En un segundo procedimiento, en el mismo punto de control, los efectivos interceptaron un autom\u00f3vil en el que viajaban dos hombres provenientes de La Matanza y hallaron una bolsa con marihuana. <br><br>Costa remarc\u00f3 que este tipo de operativos continuar\u00e1n en distintos horarios y accesos, al considerar que la presencia policial en rutas es clave para la prevenci\u00f3n y permiti\u00f3, en este caso, impedir que una cantidad considerable de droga ingresara a Chivilcoy.<\/p>\n","protected":false},"excerpt":{"rendered":"<p>Persecuci\u00f3n y secuestro de drogas en ruta n\u00b05 con intervenci\u00f3n de la polic\u00eda de Chivilcoy. El Departamento Judicial Mercedes interveniene &#8230; <a title=\"Chivilcoy: persecuci\u00f3n en Ruta N\u00b05 y secuestro de drogas\" class=\"read-more\" href=\"https:\/\/www.hoymercedes.com.ar\/principal\/2026\/02\/14\/chivilcoy-persecucion-en-ruta-n5-y-secuestro-de-drogas\/\" aria-label=\"Leer m\u00e1s sobre Chivilcoy: persecuci\u00f3n en Ruta N\u00b05 y secuestro de drogas\">Leer m\u00e1s<\/a><\/p>\n","protected":false},"author":1,"featured_media":191990,"comment_status":"closed","ping_status":"open","sticky":false,"template":"","format":"standard","meta":{"_monsterinsights_skip_tracking":false,"_monsterinsights_sitenote_active":false,"_monsterinsights_sitenote_note":"","_monsterinsights_sitenote_category":0,"jetpack_post_was_ever_published":false,"_jetpack_newsletter_access":"","_jetpack_dont_email_post_to_subs":false,"_jetpack_newsletter_tier_id":0,"_jetpack_memberships_contains_paywalled_content":false,"_jetpack_memberships_contains_paid_content":false,"footnotes":"","jetpack_publicize_message":"","jetpack_publicize_feature_enabled":true,"jetpack_social_post_already_shared":true,"jetpack_social_options":{"image_generator_settings":{"template":"highway","default_image_id":0,"font":"","enabled":false},"version":2},"_wpas_customize_per_network":false},"categories":[8],"tags":[],"class_list":["post-191989","post","type-post","status-publish","format-standard","has-post-thumbnail","hentry","category-sociedad","generate-columns","tablet-grid-50","mobile-grid-100","grid-parent","grid-50"],"jetpack_publicize_connections":[],"jetpack_featured_media_url":"https:\/\/www.hoymercedes.com.ar\/principal\/wp-content\/uploads\/2026\/02\/policia-chivilcoy.webp","wps_subtitle":"Act\u00faa justicia de Mercedes ","jetpack_sharing_enabled":true,"_links":{"self":[{"href":"https:\/\/www.hoymercedes.com.ar\/principal\/wp-json\/wp\/v2\/posts\/191989","targetHints":{"allow":["GET"]}}],"collection":[{"href":"https:\/\/www.hoymercedes.com.ar\/principal\/wp-json\/wp\/v2\/posts"}],"about":[{"href":"https:\/\/www.hoymercedes.com.ar\/principal\/wp-json\/wp\/v2\/types\/post"}],"author":[{"embeddable":true,"href":"https:\/\/www.hoymercedes.com.ar\/principal\/wp-json\/wp\/v2\/users\/1"}],"replies":[{"embeddable":true,"href":"https:\/\/www.hoymercedes.com.ar\/principal\/wp-json\/wp\/v2\/comments?post=191989"}],"version-history":[{"count":2,"href":"https:\/\/www.hoymercedes.com.ar\/principal\/wp-json\/wp\/v2\/posts\/191989\/revisions"}],"predecessor-version":[{"id":191992,"href":"https:\/\/www.hoymercedes.com.ar\/principal\/wp-json\/wp\/v2\/posts\/191989\/revisions\/191992"}],"wp:featuredmedia":[{"embeddable":true,"href":"https:\/\/www.hoymercedes.com.ar\/principal\/wp-json\/wp\/v2\/media\/191990"}],"wp:attachment":[{"href":"https:\/\/www.hoymercedes.com.ar\/principal\/wp-json\/wp\/v2\/media?parent=191989"}],"wp:term":[{"taxonomy":"category","embeddable":true,"href":"https:\/\/www.hoymercedes.com.ar\/principal\/wp-json\/wp\/v2\/categories?post=191989"},{"taxonomy":"post_tag","embeddable":true,"href":"https:\/\/www.hoymercedes.com.ar\/principal\/wp-json\/wp\/v2\/tags?post=191989"}],"curies":[{"name":"wp","href":"https:\/\/api.w.org\/{rel}","templated":true}]}}