{"id":191993,"date":"2026-02-14T19:57:31","date_gmt":"2026-02-14T22:57:31","guid":{"rendered":"https:\/\/www.hoymercedes.com.ar\/principal\/?p=191993"},"modified":"2026-02-14T19:57:46","modified_gmt":"2026-02-14T22:57:46","slug":"otro-siniestro-vial-en-ruta-5","status":"publish","type":"post","link":"https:\/\/www.hoymercedes.com.ar\/principal\/2026\/02\/14\/otro-siniestro-vial-en-ruta-5\/","title":{"rendered":"Otro siniestro vial en Ruta 5"},"content":{"rendered":"\n<p>Poco antes del mediod\u00eda del s\u00e1bado, en el kil\u00f3metro 108.500 de la Ruta 5, en la jurisdicci\u00f3n de Mercedes, otro siniestro vial ocurri\u00f3. En esta oportunidad, la colisi\u00f3n se di\u00f3 entre un auto y un cami\u00f3n.<\/p>\n\n\n\n<figure class=\"wp-block-image size-large\"><img loading=\"lazy\" decoding=\"async\" width=\"1024\" height=\"576\" data-attachment-id=\"191995\" data-permalink=\"https:\/\/www.hoymercedes.com.ar\/principal\/2026\/02\/14\/otro-siniestro-vial-en-ruta-5\/attachment\/1000400246\/#main\" data-orig-file=\"https:\/\/www.hoymercedes.com.ar\/principal\/wp-content\/uploads\/2026\/02\/1000400246.jpg\" data-orig-size=\"1440,810\" data-comments-opened=\"0\" data-image-meta=\"{&quot;aperture&quot;:&quot;0&quot;,&quot;credit&quot;:&quot;&quot;,&quot;camera&quot;:&quot;&quot;,&quot;caption&quot;:&quot;&quot;,&quot;created_timestamp&quot;:&quot;0&quot;,&quot;copyright&quot;:&quot;&quot;,&quot;focal_length&quot;:&quot;0&quot;,&quot;iso&quot;:&quot;0&quot;,&quot;shutter_speed&quot;:&quot;0&quot;,&quot;title&quot;:&quot;&quot;,&quot;orientation&quot;:&quot;0&quot;}\" data-image-title=\"1000400246\" data-image-description=\"\" data-image-caption=\"\" data-large-file=\"https:\/\/www.hoymercedes.com.ar\/principal\/wp-content\/uploads\/2026\/02\/1000400246-1024x576.jpg\" src=\"https:\/\/www.hoymercedes.com.ar\/principal\/wp-content\/uploads\/2026\/02\/1000400246-1024x576.jpg\" alt=\"\" class=\"wp-image-191995\" srcset=\"https:\/\/www.hoymercedes.com.ar\/principal\/wp-content\/uploads\/2026\/02\/1000400246-1024x576.jpg 1024w, https:\/\/www.hoymercedes.com.ar\/principal\/wp-content\/uploads\/2026\/02\/1000400246-630x354.jpg 630w, https:\/\/www.hoymercedes.com.ar\/principal\/wp-content\/uploads\/2026\/02\/1000400246-150x84.jpg 150w, https:\/\/www.hoymercedes.com.ar\/principal\/wp-content\/uploads\/2026\/02\/1000400246.jpg 1440w\" sizes=\"auto, (max-width: 1024px) 100vw, 1024px\" \/><\/figure>\n\n\n\n<p>De acuerdo a la informaci\u00f3n brindada en el lugar, una van Chevrolet Captiva, color negro, dominio HCK680, que circulaba en sentido Suipacha-Mercedes, conducida por Lucas Nahuel Simerman, de 25 a\u00f1os -, quien viajaba acompa\u00f1ado por Candela Rol\u00f3n de 26 y dos hijos menores de 2 a\u00f1os todos domiciliados en Olavarr\u00eda -, en aparente maniobra de sobre paso, impacta sobre la parte trasera del cami\u00f3n al que intentaba sobre pasar.<\/p>\n\n\n\n<p>El cami\u00f3n es un Volvo FH460 con semirremolque c\u00e1mara para transporte de sustancias alimenticias , dominio JBK9C58, conducido por Hilario Crist\u00f3bal Guillermo Alles, de 21 a\u00f1os de nacionalidad brasile\u00f1a.<\/p>\n\n\n\n<p>A pesar de la magnitud del siniestro todos los involucrados resultaron ilesos. El tr\u00e1nsito de la ruta nacional estuvo interrumpido durante las tareas de rigor. Intervino Polic\u00eda Comunal, ambulancias de SAME , Polic\u00eda Vial y personal del concesionario vial Corredores Viales.<\/p>\n\n\n\n<p>Colaboraci\u00f3n Jorge Lasala<\/p>\n","protected":false},"excerpt":{"rendered":"<p>Poco antes del mediod\u00eda del s\u00e1bado, en el kil\u00f3metro 108.500 de la Ruta 5, en la jurisdicci\u00f3n de Mercedes, otro &#8230; <a title=\"Otro siniestro vial en Ruta 5\" class=\"read-more\" href=\"https:\/\/www.hoymercedes.com.ar\/principal\/2026\/02\/14\/otro-siniestro-vial-en-ruta-5\/\" aria-label=\"Leer m\u00e1s sobre Otro siniestro vial en Ruta 5\">Leer m\u00e1s<\/a><\/p>\n","protected":false},"author":1,"featured_media":191995,"comment_status":"closed","ping_status":"open","sticky":false,"template":"","format":"standard","meta":{"_monsterinsights_skip_tracking":false,"_monsterinsights_sitenote_active":false,"_monsterinsights_sitenote_note":"","_monsterinsights_sitenote_category":0,"jetpack_post_was_ever_published":false,"_jetpack_newsletter_access":"","_jetpack_dont_email_post_to_subs":false,"_jetpack_newsletter_tier_id":0,"_jetpack_memberships_contains_paywalled_content":false,"_jetpack_memberships_contains_paid_content":false,"footnotes":"","jetpack_publicize_message":"","jetpack_publicize_feature_enabled":true,"jetpack_social_post_already_shared":true,"jetpack_social_options":{"image_generator_settings":{"template":"highway","default_image_id":0,"font":"","enabled":false},"version":2},"_wpas_customize_per_network":false},"categories":[5501],"tags":[9322,538,626],"class_list":["post-191993","post","type-post","status-publish","format-standard","has-post-thumbnail","hentry","category-region","tag-region","tag-ruta-5","tag-seguridad-vial","generate-columns","tablet-grid-50","mobile-grid-100","grid-parent","grid-50"],"jetpack_publicize_connections":[],"jetpack_featured_media_url":"https:\/\/www.hoymercedes.com.ar\/principal\/wp-content\/uploads\/2026\/02\/1000400246.jpg","wps_subtitle":"","jetpack_sharing_enabled":true,"_links":{"self":[{"href":"https:\/\/www.hoymercedes.com.ar\/principal\/wp-json\/wp\/v2\/posts\/191993","targetHints":{"allow":["GET"]}}],"collection":[{"href":"https:\/\/www.hoymercedes.com.ar\/principal\/wp-json\/wp\/v2\/posts"}],"about":[{"href":"https:\/\/www.hoymercedes.com.ar\/principal\/wp-json\/wp\/v2\/types\/post"}],"author":[{"embeddable":true,"href":"https:\/\/www.hoymercedes.com.ar\/principal\/wp-json\/wp\/v2\/users\/1"}],"replies":[{"embeddable":true,"href":"https:\/\/www.hoymercedes.com.ar\/principal\/wp-json\/wp\/v2\/comments?post=191993"}],"version-history":[{"count":2,"href":"https:\/\/www.hoymercedes.com.ar\/principal\/wp-json\/wp\/v2\/posts\/191993\/revisions"}],"predecessor-version":[{"id":191996,"href":"https:\/\/www.hoymercedes.com.ar\/principal\/wp-json\/wp\/v2\/posts\/191993\/revisions\/191996"}],"wp:featuredmedia":[{"embeddable":true,"href":"https:\/\/www.hoymercedes.com.ar\/principal\/wp-json\/wp\/v2\/media\/191995"}],"wp:attachment":[{"href":"https:\/\/www.hoymercedes.com.ar\/principal\/wp-json\/wp\/v2\/media?parent=191993"}],"wp:term":[{"taxonomy":"category","embeddable":true,"href":"https:\/\/www.hoymercedes.com.ar\/principal\/wp-json\/wp\/v2\/categories?post=191993"},{"taxonomy":"post_tag","embeddable":true,"href":"https:\/\/www.hoymercedes.com.ar\/principal\/wp-json\/wp\/v2\/tags?post=191993"}],"curies":[{"name":"wp","href":"https:\/\/api.w.org\/{rel}","templated":true}]}}