{"id":192170,"date":"2026-02-17T21:48:38","date_gmt":"2026-02-18T00:48:38","guid":{"rendered":"https:\/\/www.hoymercedes.com.ar\/principal\/?p=192170"},"modified":"2026-02-17T21:48:41","modified_gmt":"2026-02-18T00:48:41","slug":"marcharon-pidiendo-una-condena-ejemplar-por-brian","status":"publish","type":"post","link":"https:\/\/www.hoymercedes.com.ar\/principal\/2026\/02\/17\/marcharon-pidiendo-una-condena-ejemplar-por-brian\/","title":{"rendered":"Marcharon pidiendo una condena ejemplar por Brian"},"content":{"rendered":"\n<figure class=\"wp-block-embed is-type-video is-provider-youtube wp-block-embed-youtube wp-embed-aspect-16-9 wp-has-aspect-ratio\"><div class=\"wp-block-embed__wrapper\">\n<span class=\"embed-youtube\" style=\"text-align:center; display: block;\"><iframe loading=\"lazy\" class=\"youtube-player\" width=\"1200\" height=\"675\" src=\"https:\/\/www.youtube.com\/embed\/GhsJyQglEHI?version=3&#038;rel=1&#038;showsearch=0&#038;showinfo=1&#038;iv_load_policy=1&#038;fs=1&#038;hl=es-ES&#038;autohide=2&#038;wmode=transparent\" allowfullscreen=\"true\" style=\"border:0;\" sandbox=\"allow-scripts allow-same-origin allow-popups allow-presentation allow-popups-to-escape-sandbox\"><\/iframe><\/span>\n<\/div><\/figure>\n\n\n\n<p>Durante la tarde de este martes, familiares y amigos de <strong>Brian Cabrera<\/strong> marcharon por la Plaza San Mart\u00edn y el lugar del tr\u00e1gico acontecimiento, pidiendo \u00abperpetua\u00bb para los implicados en el homicidio.<\/p>\n\n\n\n<p>Cabe recordar que los tres acusados se encuentran detenidos. Seg\u00fan trascendi\u00f3 extraoficialmente, <strong>Luj\u00e1n Auza<\/strong> se habr\u00eda declarado responsable del disparo. Junto a ella permanecen arrestados su hijo, <strong>Mart\u00edn Auza<\/strong>, y el abuelo de este, <strong>Omar Auza<\/strong>.<\/p>\n\n\n\n<p>Casi un centenar de personas se moviliz\u00f3 para exigir que la Justicia dicte una condena ejemplar a los imputados. La causa est\u00e1 a cargo de la <strong>U.F.I. N\u00b0 2<\/strong>, con el fiscal <strong>Mat\u00edas Lattaro<\/strong> y el defensor oficial <strong>Sebasti\u00e1n Emilio Sampol<\/strong>.<\/p>\n\n\n\n<p>Aunque inicialmente los manifestantes planeaban dirigirse hacia la Fiscal\u00eda, finalmente decidieron no hacerlo y desconcentraron tras reunirse en la calle 29, entre 22 y 24, frente al lugar donde ocurri\u00f3 el hecho.<\/p>\n","protected":false},"excerpt":{"rendered":"<p>Durante la tarde de este martes, familiares y amigos de Brian Cabrera marcharon por la Plaza San Mart\u00edn y el &#8230; <a title=\"Marcharon pidiendo una condena ejemplar por Brian\" class=\"read-more\" href=\"https:\/\/www.hoymercedes.com.ar\/principal\/2026\/02\/17\/marcharon-pidiendo-una-condena-ejemplar-por-brian\/\" aria-label=\"Leer m\u00e1s sobre Marcharon pidiendo una condena ejemplar por Brian\">Leer m\u00e1s<\/a><\/p>\n","protected":false},"author":1,"featured_media":192171,"comment_status":"closed","ping_status":"open","sticky":false,"template":"","format":"standard","meta":{"_monsterinsights_skip_tracking":false,"_monsterinsights_sitenote_active":false,"_monsterinsights_sitenote_note":"","_monsterinsights_sitenote_category":0,"jetpack_post_was_ever_published":false,"_jetpack_newsletter_access":"","_jetpack_dont_email_post_to_subs":false,"_jetpack_newsletter_tier_id":0,"_jetpack_memberships_contains_paywalled_content":false,"_jetpack_memberships_contains_paid_content":false,"footnotes":"","jetpack_publicize_message":"","jetpack_publicize_feature_enabled":true,"jetpack_social_post_already_shared":true,"jetpack_social_options":{"image_generator_settings":{"template":"highway","default_image_id":0,"font":"","enabled":false},"version":2},"_wpas_customize_per_network":false},"categories":[8],"tags":[],"class_list":["post-192170","post","type-post","status-publish","format-standard","has-post-thumbnail","hentry","category-sociedad","generate-columns","tablet-grid-50","mobile-grid-100","grid-parent","grid-50"],"jetpack_publicize_connections":[],"jetpack_featured_media_url":"https:\/\/www.hoymercedes.com.ar\/principal\/wp-content\/uploads\/2026\/02\/Captura-de-pantalla-2026-02-17-214020.png","wps_subtitle":"Marcha","jetpack_sharing_enabled":true,"_links":{"self":[{"href":"https:\/\/www.hoymercedes.com.ar\/principal\/wp-json\/wp\/v2\/posts\/192170","targetHints":{"allow":["GET"]}}],"collection":[{"href":"https:\/\/www.hoymercedes.com.ar\/principal\/wp-json\/wp\/v2\/posts"}],"about":[{"href":"https:\/\/www.hoymercedes.com.ar\/principal\/wp-json\/wp\/v2\/types\/post"}],"author":[{"embeddable":true,"href":"https:\/\/www.hoymercedes.com.ar\/principal\/wp-json\/wp\/v2\/users\/1"}],"replies":[{"embeddable":true,"href":"https:\/\/www.hoymercedes.com.ar\/principal\/wp-json\/wp\/v2\/comments?post=192170"}],"version-history":[{"count":2,"href":"https:\/\/www.hoymercedes.com.ar\/principal\/wp-json\/wp\/v2\/posts\/192170\/revisions"}],"predecessor-version":[{"id":192173,"href":"https:\/\/www.hoymercedes.com.ar\/principal\/wp-json\/wp\/v2\/posts\/192170\/revisions\/192173"}],"wp:featuredmedia":[{"embeddable":true,"href":"https:\/\/www.hoymercedes.com.ar\/principal\/wp-json\/wp\/v2\/media\/192171"}],"wp:attachment":[{"href":"https:\/\/www.hoymercedes.com.ar\/principal\/wp-json\/wp\/v2\/media?parent=192170"}],"wp:term":[{"taxonomy":"category","embeddable":true,"href":"https:\/\/www.hoymercedes.com.ar\/principal\/wp-json\/wp\/v2\/categories?post=192170"},{"taxonomy":"post_tag","embeddable":true,"href":"https:\/\/www.hoymercedes.com.ar\/principal\/wp-json\/wp\/v2\/tags?post=192170"}],"curies":[{"name":"wp","href":"https:\/\/api.w.org\/{rel}","templated":true}]}}