{"id":192219,"date":"2026-02-18T19:57:53","date_gmt":"2026-02-18T22:57:53","guid":{"rendered":"https:\/\/www.hoymercedes.com.ar\/principal\/?p=192219"},"modified":"2026-02-18T20:23:01","modified_gmt":"2026-02-18T23:23:01","slug":"paro-nacional-contra-la-reforma-laboral-tendria-alto-acatamiento-en-mercedes","status":"publish","type":"post","link":"https:\/\/www.hoymercedes.com.ar\/principal\/2026\/02\/18\/paro-nacional-contra-la-reforma-laboral-tendria-alto-acatamiento-en-mercedes\/","title":{"rendered":"Paro nacional contra la reforma laboral tendr\u00eda alto acatamiento en Mercedes"},"content":{"rendered":"\n<p>Las distintas instancias sindicales de la ciudad anunciaron su partici\u00f3n en lo que ser\u00e1 el pargo general convocado por las centrales gremiales en protesta por la reforma laboral que impulsa el gobierno de Javier Milei.<\/p>\n\n\n\n<p>Las medidas que busca implementar la reforma laboral y a las que se oponen desde el campo obrero son las siguientes.<\/p>\n\n\n\n<style>\n    \/* Usamos un contenedor \u00fanico para evitar conflictos con el tema de WP *\/\n    .reforma-container {\n        max-width: 800px;\n        margin: 20px auto;\n        font-family: -apple-system, BlinkMacSystemFont, \"Segoe UI\", Roboto, Helvetica, Arial, sans-serif;\n        line-height: 1.6;\n        color: #333;\n        background-color: #ffffff;\n        padding: 20px;\n    }\n\n    .reforma-container header {\n        border-bottom: 1px solid #e2e2e2;\n        padding-bottom: 20px;\n        margin-bottom: 30px;\n    }\n\n    .reforma-container .volanta {\n        color: #01A0C6;\n        text-transform: uppercase;\n        font-weight: 700;\n        font-size: 12px;\n        letter-spacing: 1px;\n        display: block;\n        margin-bottom: 5px;\n    }\n\n    .reforma-container h1 {\n        font-size: 32px !important;\n        line-height: 1.2 !important;\n        margin: 0 0 15px 0 !important;\n        color: #111 !important;\n        border: none !important;\n    }\n\n    .reforma-container .bajada {\n        font-size: 18px;\n        color: #666;\n        font-weight: 300;\n        margin: 0;\n    }\n\n    .reforma-container .punto-reforma {\n        padding: 25px 0;\n        border-bottom: 1px solid #e2e2e2;\n    }\n\n    .reforma-container h2 {\n        font-size: 20px !important;\n        color: #111 !important;\n        margin: 0 0 12px 0 !important;\n        display: flex !important;\n        align-items: center !important;\n        background: none !important;\n        border: none !important;\n        padding: 0 !important;\n    }\n\n    .reforma-container h2::before {\n        content: \"\";\n        width: 4px;\n        height: 20px;\n        background-color: #01A0C6;\n        margin-right: 12px;\n        display: inline-block;\n    }\n\n    .reforma-container p {\n        font-size: 15px !important;\n        color: #444 !important;\n        margin-bottom: 10px !important;\n    }\n\n    .reforma-container .destaque-critico {\n        margin-top: 15px;\n        padding: 15px;\n        background-color: #f9f9f9;\n        border-left: 3px solid #01A0C6;\n        font-size: 14px;\n    }\n\n    .reforma-container .alerta-roja {\n        color: #b91c1c;\n        font-weight: 600;\n    }\n\n    .reforma-container footer {\n        margin-top: 40px;\n        font-size: 12px;\n        color: #999;\n        text-align: center;\n        border-top: 1px solid #e2e2e2;\n        padding-top: 20px;\n    }\n\n    \/* Ajuste para m\u00f3viles *\/\n    @media (max-width: 600px) {\n        .reforma-container h1 { font-size: 24px !important; }\n        .reforma-container { padding: 10px; }\n    }\n<\/style>\n\n<div class=\"reforma-container\">\n    <header>\n        <span class=\"volanta\">An\u00e1lisis Normativo 2026<\/span>\n        <h1>Claves de la Reforma Laboral en Argentina<\/h1>\n        <p class=\"bajada\">Un desglose t\u00e9cnico de los 9 puntos fundamentales del proyecto de ley y su impacto en las relaciones del trabajo.<\/p>\n    <\/header>\n\n    <div class=\"punto-reforma\">\n        <h2>1. Contribuciones Patronales<\/h2>\n        <p>Reducci\u00f3n permanente de aportes: baja del 6% al 5% en obras sociales y una quita del 3% en contribuciones a la Seguridad Social (SIPA, PAMI).<\/p>\n        <div class=\"destaque-critico\">\n            Se descuenta un 3% adicional para financiar los <strong>Fondos de Asistencia Laboral (FAL)<\/strong> directamente de la caja previsional.\n        <\/div>\n    <\/div>\n\n    <div class=\"punto-reforma\">\n        <h2>2. Indemnizaciones por Despido<\/h2>\n        <p>Se eliminan vacaciones, aguinaldo, propinas y premios de la base de c\u00e1lculo. Las PyMES podr\u00e1n pagar el cese en cuotas.<\/p>\n        <p><span class=\"alerta-roja\">Nota Cr\u00edtica:<\/span> Los bancos administrar\u00e1n los fondos FAL cobrando una comisi\u00f3n del 2% sobre los recursos.<\/p>\n    <\/div>\n\n    [Image of the structure of the new Labor Assistance Fund (FAL) compared to traditional severance pay in Argentina]\n\n    <div class=\"punto-reforma\">\n        <h2>3. R\u00e9gimen de Vacaciones<\/h2>\n        <p>Posibilidad de fraccionar el descanso anual en per\u00edodos m\u00ednimos de 7 d\u00edas, afectando la continuidad del descanso del trabajador.<\/p>\n    <\/div>\n\n    <div class=\"punto-reforma\">\n        <h2>4. Jornada y Banco de Horas<\/h2>\n        <p>Se habilita la jornada de 12 horas. El \u00abBanco de Horas\u00bb permite compensar tiempo extra con francos, evitando el pago monetario de las horas extraordinarias.<\/p>\n    <\/div>\n\n    [Image of a diagram comparing the current overtime pay system vs the proposed bank of hours in Argentina]\n\n    <div class=\"punto-reforma\">\n        <h2>5. Salarios y Pago en Especie<\/h2>\n        <p>Se autoriza el pago en moneda extranjera y el \u00abSalario Din\u00e1mico\u00bb, donde el empleador puede fijar pagos por productividad de forma unilateral.<\/p>\n    <\/div>\n\n    <div class=\"punto-reforma\">\n        <h2>6. Cuotas Sindicales<\/h2>\n        <p>Fin de la retenci\u00f3n obligatoria de cuotas de afiliados sin autorizaci\u00f3n expresa, impactando en el financiamiento directo de los gremios.<\/p>\n    <\/div>\n\n    <div class=\"punto-reforma\">\n        <h2>7. Convenios Colectivos<\/h2>\n        <p>Fin de la ultraactividad (los convenios vencen al a\u00f1o). Se establece que el convenio por empresa prevalece sobre el de actividad (prelaci\u00f3n de \u00e1mbito menor).<\/p>\n    <\/div>\n\n    <div class=\"punto-reforma\">\n        <h2>8. Huelgas y Servicios Esenciales<\/h2>\n        <p>Sectores trascendentales deben garantizar hasta un 75% de prestaci\u00f3n. No se pagar\u00e1n salarios por tiempo de asamblea y se penalizan los bloqueos.<\/p>\n    <\/div>\n\n    <div class=\"punto-reforma\" style=\"border-bottom: none;\">\n        <h2>9. Beneficios Impositivos<\/h2>\n        <p>Reducci\u00f3n de Ganancias para empresas y eliminaci\u00f3n de impuestos internos para bienes de lujo (aeronaves, yates, autos de alta gama).<\/p>\n        <div class=\"destaque-critico\">\n            Creaci\u00f3n del <strong>RIMI<\/strong> (R\u00e9gimen de Incentivo para Medianas Inversiones) para capitales de hasta US$ 30 millones.\n        <\/div>\n    <\/div>\n\n    <footer>\n        Documento informativo t\u00e9cnico \u2022 Optimizado para m\u00f3viles \u2022 2026\n    <\/footer>\n<\/div>\n","protected":false},"excerpt":{"rendered":"<p>Las distintas instancias sindicales de la ciudad anunciaron su partici\u00f3n en lo que ser\u00e1 el pargo general convocado por las &#8230; <a title=\"Paro nacional contra la reforma laboral tendr\u00eda alto acatamiento en Mercedes\" class=\"read-more\" href=\"https:\/\/www.hoymercedes.com.ar\/principal\/2026\/02\/18\/paro-nacional-contra-la-reforma-laboral-tendria-alto-acatamiento-en-mercedes\/\" aria-label=\"Leer m\u00e1s sobre Paro nacional contra la reforma laboral tendr\u00eda alto acatamiento en Mercedes\">Leer m\u00e1s<\/a><\/p>\n","protected":false},"author":1,"featured_media":183862,"comment_status":"closed","ping_status":"open","sticky":false,"template":"","format":"standard","meta":{"_monsterinsights_skip_tracking":false,"_monsterinsights_sitenote_active":false,"_monsterinsights_sitenote_note":"","_monsterinsights_sitenote_category":0,"jetpack_post_was_ever_published":false,"_jetpack_newsletter_access":"","_jetpack_dont_email_post_to_subs":false,"_jetpack_newsletter_tier_id":0,"_jetpack_memberships_contains_paywalled_content":false,"_jetpack_memberships_contains_paid_content":false,"footnotes":"","jetpack_publicize_message":"","jetpack_publicize_feature_enabled":true,"jetpack_social_post_already_shared":true,"jetpack_social_options":{"image_generator_settings":{"template":"highway","default_image_id":0,"font":"","enabled":false},"version":2},"_wpas_customize_per_network":false},"categories":[8],"tags":[],"class_list":["post-192219","post","type-post","status-publish","format-standard","has-post-thumbnail","hentry","category-sociedad","generate-columns","tablet-grid-50","mobile-grid-100","grid-parent","grid-50"],"jetpack_publicize_connections":[],"jetpack_featured_media_url":"https:\/\/www.hoymercedes.com.ar\/principal\/wp-content\/uploads\/2025\/04\/ParoNacional.jpg","wps_subtitle":"","jetpack_sharing_enabled":true,"_links":{"self":[{"href":"https:\/\/www.hoymercedes.com.ar\/principal\/wp-json\/wp\/v2\/posts\/192219","targetHints":{"allow":["GET"]}}],"collection":[{"href":"https:\/\/www.hoymercedes.com.ar\/principal\/wp-json\/wp\/v2\/posts"}],"about":[{"href":"https:\/\/www.hoymercedes.com.ar\/principal\/wp-json\/wp\/v2\/types\/post"}],"author":[{"embeddable":true,"href":"https:\/\/www.hoymercedes.com.ar\/principal\/wp-json\/wp\/v2\/users\/1"}],"replies":[{"embeddable":true,"href":"https:\/\/www.hoymercedes.com.ar\/principal\/wp-json\/wp\/v2\/comments?post=192219"}],"version-history":[{"count":2,"href":"https:\/\/www.hoymercedes.com.ar\/principal\/wp-json\/wp\/v2\/posts\/192219\/revisions"}],"predecessor-version":[{"id":192221,"href":"https:\/\/www.hoymercedes.com.ar\/principal\/wp-json\/wp\/v2\/posts\/192219\/revisions\/192221"}],"wp:featuredmedia":[{"embeddable":true,"href":"https:\/\/www.hoymercedes.com.ar\/principal\/wp-json\/wp\/v2\/media\/183862"}],"wp:attachment":[{"href":"https:\/\/www.hoymercedes.com.ar\/principal\/wp-json\/wp\/v2\/media?parent=192219"}],"wp:term":[{"taxonomy":"category","embeddable":true,"href":"https:\/\/www.hoymercedes.com.ar\/principal\/wp-json\/wp\/v2\/categories?post=192219"},{"taxonomy":"post_tag","embeddable":true,"href":"https:\/\/www.hoymercedes.com.ar\/principal\/wp-json\/wp\/v2\/tags?post=192219"}],"curies":[{"name":"wp","href":"https:\/\/api.w.org\/{rel}","templated":true}]}}