{"id":192224,"date":"2026-02-19T10:24:05","date_gmt":"2026-02-19T13:24:05","guid":{"rendered":"https:\/\/www.hoymercedes.com.ar\/principal\/?p=192224"},"modified":"2026-02-19T10:24:07","modified_gmt":"2026-02-19T13:24:07","slug":"all-boys-solidario-entrego-mas-de-2-000-mochilas-escolares-en-todo-el-pais","status":"publish","type":"post","link":"https:\/\/www.hoymercedes.com.ar\/principal\/2026\/02\/19\/all-boys-solidario-entrego-mas-de-2-000-mochilas-escolares-en-todo-el-pais\/","title":{"rendered":"All Boys Solidario entreg\u00f3 m\u00e1s de 2.000 mochilas escolares en todo el pa\u00eds"},"content":{"rendered":"\n<p>All Boys Solidario, en colaboraci\u00f3n con la Iglesia de Jesucristo de los Santos de los \u00daltimos D\u00edas, llev\u00f3 adelante la campa\u00f1a \u00abSeamos M\u00e1s Utiles\u00bb, con el objetivo de brindar apoyo a estudiantes de todo el pa\u00eds.<\/p>\n\n\n\n<figure class=\"wp-block-image size-large\"><img loading=\"lazy\" decoding=\"async\" width=\"1024\" height=\"461\" data-attachment-id=\"192225\" data-permalink=\"https:\/\/www.hoymercedes.com.ar\/principal\/2026\/02\/19\/all-boys-solidario-entrego-mas-de-2-000-mochilas-escolares-en-todo-el-pais\/whatsapp-image-2026-02-18-at-14-08-53-1\/#main\" data-orig-file=\"https:\/\/www.hoymercedes.com.ar\/principal\/wp-content\/uploads\/2026\/02\/WhatsApp-Image-2026-02-18-at-14.08.53-1.jpeg\" data-orig-size=\"1280,576\" data-comments-opened=\"0\" data-image-meta=\"{&quot;aperture&quot;:&quot;0&quot;,&quot;credit&quot;:&quot;&quot;,&quot;camera&quot;:&quot;&quot;,&quot;caption&quot;:&quot;&quot;,&quot;created_timestamp&quot;:&quot;0&quot;,&quot;copyright&quot;:&quot;&quot;,&quot;focal_length&quot;:&quot;0&quot;,&quot;iso&quot;:&quot;0&quot;,&quot;shutter_speed&quot;:&quot;0&quot;,&quot;title&quot;:&quot;&quot;,&quot;orientation&quot;:&quot;0&quot;}\" data-image-title=\"WhatsApp Image 2026-02-18 at 14.08.53 (1)\" data-image-description=\"\" data-image-caption=\"\" data-large-file=\"https:\/\/www.hoymercedes.com.ar\/principal\/wp-content\/uploads\/2026\/02\/WhatsApp-Image-2026-02-18-at-14.08.53-1-1024x461.jpeg\" src=\"https:\/\/www.hoymercedes.com.ar\/principal\/wp-content\/uploads\/2026\/02\/WhatsApp-Image-2026-02-18-at-14.08.53-1-1024x461.jpeg\" alt=\"\" class=\"wp-image-192225\" srcset=\"https:\/\/www.hoymercedes.com.ar\/principal\/wp-content\/uploads\/2026\/02\/WhatsApp-Image-2026-02-18-at-14.08.53-1-1024x461.jpeg 1024w, https:\/\/www.hoymercedes.com.ar\/principal\/wp-content\/uploads\/2026\/02\/WhatsApp-Image-2026-02-18-at-14.08.53-1-630x284.jpeg 630w, https:\/\/www.hoymercedes.com.ar\/principal\/wp-content\/uploads\/2026\/02\/WhatsApp-Image-2026-02-18-at-14.08.53-1-150x68.jpeg 150w, https:\/\/www.hoymercedes.com.ar\/principal\/wp-content\/uploads\/2026\/02\/WhatsApp-Image-2026-02-18-at-14.08.53-1.jpeg 1280w\" sizes=\"auto, (max-width: 1024px) 100vw, 1024px\" \/><\/figure>\n\n\n\n<p>En el marco de esta iniciativa, se entregaron m\u00e1s de 2.000 mochilas con kits escolares completos en distintas escuelas de las provincias de Tucum\u00e1n, Salta, Ciudad: General Roca, provincia: R\u00edo Negro, ciudad de Z\u00e1rate y zonas de la Patagonia.<\/p>\n\n\n\n<p>Pelusa Gonz\u00e1lez, representante de All Boys y la Iglesia de Jesucristo de los Santos de los \u00daltimos D\u00edas, visit\u00f3 las ciudades de Famaill\u00e1, Monteros y Comcepcion de Tucum\u00e1n el fin de semana para entregar en forma personal las mochilas a los lDocentes de las distintas Instituciones de las escuelas beneficiadas.<\/p>\n\n\n\n<figure class=\"wp-block-image size-large\"><img loading=\"lazy\" decoding=\"async\" width=\"1024\" height=\"683\" data-attachment-id=\"192226\" data-permalink=\"https:\/\/www.hoymercedes.com.ar\/principal\/2026\/02\/19\/all-boys-solidario-entrego-mas-de-2-000-mochilas-escolares-en-todo-el-pais\/whatsapp-image-2026-02-18-at-14-08-52-1\/#main\" data-orig-file=\"https:\/\/www.hoymercedes.com.ar\/principal\/wp-content\/uploads\/2026\/02\/WhatsApp-Image-2026-02-18-at-14.08.52-1.jpeg\" data-orig-size=\"1280,854\" data-comments-opened=\"0\" data-image-meta=\"{&quot;aperture&quot;:&quot;0&quot;,&quot;credit&quot;:&quot;&quot;,&quot;camera&quot;:&quot;&quot;,&quot;caption&quot;:&quot;&quot;,&quot;created_timestamp&quot;:&quot;0&quot;,&quot;copyright&quot;:&quot;&quot;,&quot;focal_length&quot;:&quot;0&quot;,&quot;iso&quot;:&quot;0&quot;,&quot;shutter_speed&quot;:&quot;0&quot;,&quot;title&quot;:&quot;&quot;,&quot;orientation&quot;:&quot;0&quot;}\" data-image-title=\"WhatsApp Image 2026-02-18 at 14.08.52 (1)\" data-image-description=\"\" data-image-caption=\"\" data-large-file=\"https:\/\/www.hoymercedes.com.ar\/principal\/wp-content\/uploads\/2026\/02\/WhatsApp-Image-2026-02-18-at-14.08.52-1-1024x683.jpeg\" src=\"https:\/\/www.hoymercedes.com.ar\/principal\/wp-content\/uploads\/2026\/02\/WhatsApp-Image-2026-02-18-at-14.08.52-1-1024x683.jpeg\" alt=\"\" class=\"wp-image-192226\" srcset=\"https:\/\/www.hoymercedes.com.ar\/principal\/wp-content\/uploads\/2026\/02\/WhatsApp-Image-2026-02-18-at-14.08.52-1-1024x683.jpeg 1024w, https:\/\/www.hoymercedes.com.ar\/principal\/wp-content\/uploads\/2026\/02\/WhatsApp-Image-2026-02-18-at-14.08.52-1-630x420.jpeg 630w, https:\/\/www.hoymercedes.com.ar\/principal\/wp-content\/uploads\/2026\/02\/WhatsApp-Image-2026-02-18-at-14.08.52-1-150x100.jpeg 150w, https:\/\/www.hoymercedes.com.ar\/principal\/wp-content\/uploads\/2026\/02\/WhatsApp-Image-2026-02-18-at-14.08.52-1.jpeg 1280w\" sizes=\"auto, (max-width: 1024px) 100vw, 1024px\" \/><\/figure>\n\n\n\n<p><br>En una jornada muy especial cargada de emociones hasta las lagrimas y con la compa\u00f1\u00eda del Intendente de Comcepcion Alejandro Molinuevo y los Directivos Lourdes Burt Coordinador de educaci\u00f3n Directivos, F\u00e1tima Chavez, Fabiana Cruz, Celeste Alderete y Graciela Cruz<\/p>\n\n\n\n<p>\u00abEstamos muy contentos de poder llevar adelante esta campa\u00f1a y brindar un poco de alegr\u00eda a los chicos de todo el pa\u00eds\u00bb, estoy convencido que necesitamos encontrar una forma Perdurable pra educar a nuestros Ni\u00f1os a ca a 10 a\u00f1os caso contrario Argentina estar\u00e1 en serios problemas . declar\u00f3 Gonz\u00e1lez. \u00abEs un orgullo para All Boys Solidario y la Iglesia de Jesucristo de los Santos de los \u00daltimos D\u00edas poder hacer algo por la educaci\u00f3n y el futuro de nuestros j\u00f3venes\u00bb.<\/p>\n\n\n\n<figure class=\"wp-block-image size-large\"><img loading=\"lazy\" decoding=\"async\" width=\"1024\" height=\"683\" data-attachment-id=\"192227\" data-permalink=\"https:\/\/www.hoymercedes.com.ar\/principal\/2026\/02\/19\/all-boys-solidario-entrego-mas-de-2-000-mochilas-escolares-en-todo-el-pais\/whatsapp-image-2026-02-18-at-14-08-52\/#main\" data-orig-file=\"https:\/\/www.hoymercedes.com.ar\/principal\/wp-content\/uploads\/2026\/02\/WhatsApp-Image-2026-02-18-at-14.08.52.jpeg\" data-orig-size=\"1280,854\" data-comments-opened=\"0\" data-image-meta=\"{&quot;aperture&quot;:&quot;0&quot;,&quot;credit&quot;:&quot;&quot;,&quot;camera&quot;:&quot;&quot;,&quot;caption&quot;:&quot;&quot;,&quot;created_timestamp&quot;:&quot;0&quot;,&quot;copyright&quot;:&quot;&quot;,&quot;focal_length&quot;:&quot;0&quot;,&quot;iso&quot;:&quot;0&quot;,&quot;shutter_speed&quot;:&quot;0&quot;,&quot;title&quot;:&quot;&quot;,&quot;orientation&quot;:&quot;0&quot;}\" data-image-title=\"WhatsApp Image 2026-02-18 at 14.08.52\" data-image-description=\"\" data-image-caption=\"\" data-large-file=\"https:\/\/www.hoymercedes.com.ar\/principal\/wp-content\/uploads\/2026\/02\/WhatsApp-Image-2026-02-18-at-14.08.52-1024x683.jpeg\" src=\"https:\/\/www.hoymercedes.com.ar\/principal\/wp-content\/uploads\/2026\/02\/WhatsApp-Image-2026-02-18-at-14.08.52-1024x683.jpeg\" alt=\"\" class=\"wp-image-192227\" srcset=\"https:\/\/www.hoymercedes.com.ar\/principal\/wp-content\/uploads\/2026\/02\/WhatsApp-Image-2026-02-18-at-14.08.52-1024x683.jpeg 1024w, https:\/\/www.hoymercedes.com.ar\/principal\/wp-content\/uploads\/2026\/02\/WhatsApp-Image-2026-02-18-at-14.08.52-630x420.jpeg 630w, https:\/\/www.hoymercedes.com.ar\/principal\/wp-content\/uploads\/2026\/02\/WhatsApp-Image-2026-02-18-at-14.08.52-150x100.jpeg 150w, https:\/\/www.hoymercedes.com.ar\/principal\/wp-content\/uploads\/2026\/02\/WhatsApp-Image-2026-02-18-at-14.08.52.jpeg 1280w\" sizes=\"auto, (max-width: 1024px) 100vw, 1024px\" \/><\/figure>\n\n\n\n<p>La campa\u00f1a \u00abSeamos M\u00e1s Utiles\u00bb es un ejemplo m\u00e1s del compromiso de All Boys Solidario y la Iglesia de Jesucristo de los Santos de los \u00daltimos D\u00edas con la comunidad y la educaci\u00f3n.<\/p>\n\n\n\n<figure class=\"wp-block-image size-large\"><img loading=\"lazy\" decoding=\"async\" width=\"1024\" height=\"768\" data-attachment-id=\"192228\" data-permalink=\"https:\/\/www.hoymercedes.com.ar\/principal\/2026\/02\/19\/all-boys-solidario-entrego-mas-de-2-000-mochilas-escolares-en-todo-el-pais\/whatsapp-image-2026-02-18-at-14-08-53\/#main\" data-orig-file=\"https:\/\/www.hoymercedes.com.ar\/principal\/wp-content\/uploads\/2026\/02\/WhatsApp-Image-2026-02-18-at-14.08.53.jpeg\" data-orig-size=\"1280,960\" data-comments-opened=\"0\" data-image-meta=\"{&quot;aperture&quot;:&quot;0&quot;,&quot;credit&quot;:&quot;&quot;,&quot;camera&quot;:&quot;&quot;,&quot;caption&quot;:&quot;&quot;,&quot;created_timestamp&quot;:&quot;0&quot;,&quot;copyright&quot;:&quot;&quot;,&quot;focal_length&quot;:&quot;0&quot;,&quot;iso&quot;:&quot;0&quot;,&quot;shutter_speed&quot;:&quot;0&quot;,&quot;title&quot;:&quot;&quot;,&quot;orientation&quot;:&quot;0&quot;}\" data-image-title=\"WhatsApp Image 2026-02-18 at 14.08.53\" data-image-description=\"\" data-image-caption=\"\" data-large-file=\"https:\/\/www.hoymercedes.com.ar\/principal\/wp-content\/uploads\/2026\/02\/WhatsApp-Image-2026-02-18-at-14.08.53-1024x768.jpeg\" src=\"https:\/\/www.hoymercedes.com.ar\/principal\/wp-content\/uploads\/2026\/02\/WhatsApp-Image-2026-02-18-at-14.08.53-1024x768.jpeg\" alt=\"\" class=\"wp-image-192228\" srcset=\"https:\/\/www.hoymercedes.com.ar\/principal\/wp-content\/uploads\/2026\/02\/WhatsApp-Image-2026-02-18-at-14.08.53-1024x768.jpeg 1024w, https:\/\/www.hoymercedes.com.ar\/principal\/wp-content\/uploads\/2026\/02\/WhatsApp-Image-2026-02-18-at-14.08.53-630x473.jpeg 630w, https:\/\/www.hoymercedes.com.ar\/principal\/wp-content\/uploads\/2026\/02\/WhatsApp-Image-2026-02-18-at-14.08.53-150x113.jpeg 150w, https:\/\/www.hoymercedes.com.ar\/principal\/wp-content\/uploads\/2026\/02\/WhatsApp-Image-2026-02-18-at-14.08.53.jpeg 1280w\" sizes=\"auto, (max-width: 1024px) 100vw, 1024px\" \/><\/figure>\n","protected":false},"excerpt":{"rendered":"<p>All Boys Solidario, en colaboraci\u00f3n con la Iglesia de Jesucristo de los Santos de los \u00daltimos D\u00edas, llev\u00f3 adelante la &#8230; <a title=\"All Boys Solidario entreg\u00f3 m\u00e1s de 2.000 mochilas escolares en todo el pa\u00eds\" class=\"read-more\" href=\"https:\/\/www.hoymercedes.com.ar\/principal\/2026\/02\/19\/all-boys-solidario-entrego-mas-de-2-000-mochilas-escolares-en-todo-el-pais\/\" aria-label=\"Leer m\u00e1s sobre All Boys Solidario entreg\u00f3 m\u00e1s de 2.000 mochilas escolares en todo el pa\u00eds\">Leer m\u00e1s<\/a><\/p>\n","protected":false},"author":1,"featured_media":192225,"comment_status":"closed","ping_status":"open","sticky":false,"template":"","format":"standard","meta":{"_monsterinsights_skip_tracking":false,"_monsterinsights_sitenote_active":false,"_monsterinsights_sitenote_note":"","_monsterinsights_sitenote_category":0,"jetpack_post_was_ever_published":false,"_jetpack_newsletter_access":"","_jetpack_dont_email_post_to_subs":false,"_jetpack_newsletter_tier_id":0,"_jetpack_memberships_contains_paywalled_content":false,"_jetpack_memberships_contains_paid_content":false,"footnotes":"","jetpack_publicize_message":"","jetpack_publicize_feature_enabled":true,"jetpack_social_post_already_shared":true,"jetpack_social_options":{"image_generator_settings":{"template":"highway","default_image_id":0,"font":"","enabled":false},"version":2},"_wpas_customize_per_network":false},"categories":[8],"tags":[],"class_list":["post-192224","post","type-post","status-publish","format-standard","has-post-thumbnail","hentry","category-sociedad","generate-columns","tablet-grid-50","mobile-grid-100","grid-parent","grid-50"],"jetpack_publicize_connections":[],"jetpack_featured_media_url":"https:\/\/www.hoymercedes.com.ar\/principal\/wp-content\/uploads\/2026\/02\/WhatsApp-Image-2026-02-18-at-14.08.53-1.jpeg","wps_subtitle":"","jetpack_sharing_enabled":true,"_links":{"self":[{"href":"https:\/\/www.hoymercedes.com.ar\/principal\/wp-json\/wp\/v2\/posts\/192224","targetHints":{"allow":["GET"]}}],"collection":[{"href":"https:\/\/www.hoymercedes.com.ar\/principal\/wp-json\/wp\/v2\/posts"}],"about":[{"href":"https:\/\/www.hoymercedes.com.ar\/principal\/wp-json\/wp\/v2\/types\/post"}],"author":[{"embeddable":true,"href":"https:\/\/www.hoymercedes.com.ar\/principal\/wp-json\/wp\/v2\/users\/1"}],"replies":[{"embeddable":true,"href":"https:\/\/www.hoymercedes.com.ar\/principal\/wp-json\/wp\/v2\/comments?post=192224"}],"version-history":[{"count":1,"href":"https:\/\/www.hoymercedes.com.ar\/principal\/wp-json\/wp\/v2\/posts\/192224\/revisions"}],"predecessor-version":[{"id":192229,"href":"https:\/\/www.hoymercedes.com.ar\/principal\/wp-json\/wp\/v2\/posts\/192224\/revisions\/192229"}],"wp:featuredmedia":[{"embeddable":true,"href":"https:\/\/www.hoymercedes.com.ar\/principal\/wp-json\/wp\/v2\/media\/192225"}],"wp:attachment":[{"href":"https:\/\/www.hoymercedes.com.ar\/principal\/wp-json\/wp\/v2\/media?parent=192224"}],"wp:term":[{"taxonomy":"category","embeddable":true,"href":"https:\/\/www.hoymercedes.com.ar\/principal\/wp-json\/wp\/v2\/categories?post=192224"},{"taxonomy":"post_tag","embeddable":true,"href":"https:\/\/www.hoymercedes.com.ar\/principal\/wp-json\/wp\/v2\/tags?post=192224"}],"curies":[{"name":"wp","href":"https:\/\/api.w.org\/{rel}","templated":true}]}}